{"id":3425,"date":"2019-10-28T07:29:41","date_gmt":"2019-10-28T10:29:41","guid":{"rendered":"https:\/\/justicapotiguar.com.br\/?p=3425"},"modified":"2019-10-29T14:46:36","modified_gmt":"2019-10-29T17:46:36","slug":"pode-isso-mp-abre-investigacao-para-apurar-expulsao-de-grupo-de-whatsapp","status":"publish","type":"post","link":"https:\/\/justicapotiguar.com.br\/index.php\/2019\/10\/28\/pode-isso-mp-abre-investigacao-para-apurar-expulsao-de-grupo-de-whatsapp\/","title":{"rendered":"Pode isso? MP abre investiga\u00e7\u00e3o para apurar expuls\u00e3o de grupo de Whatsapp"},"content":{"rendered":"\n<p>Um promotor de Justi\u00e7a do estado de Minas Gerais abriu investiga\u00e7\u00e3o para apurar o por que de um um participante ter sido expulso de um grupo do aplicativo Whatsapp.<\/p><div class=\"mwxqf69f120811b957\" ><!--<a href=\"https:\/\/bit.ly\/3QdrqTZ\" target=\"_blank\">\n<img src=\"https:\/\/justicapotiguar.com.br\/wp-content\/uploads\/2023\/09\/mobile-geral.gif\"\/><a\/>--><\/div><style type=\"text\/css\">\r\n.mwxqf69f120811b957 {\r\ntext-align: center;\r\n}\r\n@media screen and (min-width: 1201px) {\r\n.mwxqf69f120811b957 {\r\ndisplay: none;\r\n}\r\n}\r\n@media screen and (min-width: 993px) and (max-width: 1200px) {\r\n.mwxqf69f120811b957 {\r\ndisplay: none;\r\n}\r\n}\r\n@media screen and (min-width: 769px) and (max-width: 992px) {\r\n.mwxqf69f120811b957 {\r\ndisplay: none;\r\n}\r\n}\r\n@media screen and (min-width: 768px) and (max-width: 768px) {\r\n.mwxqf69f120811b957 {\r\ndisplay: block;\r\n}\r\n}\r\n@media screen and (max-width: 767px) {\r\n.mwxqf69f120811b957 {\r\ndisplay: block;\r\n}\r\n}\r\n<\/style>\r\n<div class=\"libch69f120811b93b\" ><!--<a href=\"https:\/\/bit.ly\/3QdrqTZ\" target=\"_blank\">\n<img src=\"https:\/\/justicapotiguar.com.br\/wp-content\/uploads\/2023\/09\/desktop-geral.gif\"\/><a\/>--><\/div><style type=\"text\/css\">\r\n.libch69f120811b93b {\r\ntext-align: center;\nmargin-bottom: 1em;\r\n}\r\n@media screen and (min-width: 1201px) {\r\n.libch69f120811b93b {\r\ndisplay: block;\r\n}\r\n}\r\n@media screen and (min-width: 993px) and (max-width: 1200px) {\r\n.libch69f120811b93b {\r\ndisplay: block;\r\n}\r\n}\r\n@media screen and (min-width: 769px) and (max-width: 992px) {\r\n.libch69f120811b93b {\r\ndisplay: block;\r\n}\r\n}\r\n@media screen and (min-width: 768px) and (max-width: 768px) {\r\n.libch69f120811b93b {\r\ndisplay: none;\r\n}\r\n}\r\n@media screen and (max-width: 767px) {\r\n.libch69f120811b93b {\r\ndisplay: none;\r\n}\r\n}\r\n<\/style>\r\n\n\n\n\n<figure class=\"wp-block-image\"><img loading=\"lazy\" width=\"793\" height=\"1024\" src=\"https:\/\/justicapotiguar.com.br\/wp-content\/uploads\/2019\/10\/IMG-20191027-WA0019-793x1024.jpg\" alt=\"\" class=\"wp-image-3426\" srcset=\"https:\/\/justicapotiguar.com.br\/wp-content\/uploads\/2019\/10\/IMG-20191027-WA0019-793x1024.jpg 793w, https:\/\/justicapotiguar.com.br\/wp-content\/uploads\/2019\/10\/IMG-20191027-WA0019-232x300.jpg 232w, https:\/\/justicapotiguar.com.br\/wp-content\/uploads\/2019\/10\/IMG-20191027-WA0019-768x992.jpg 768w, https:\/\/justicapotiguar.com.br\/wp-content\/uploads\/2019\/10\/IMG-20191027-WA0019.jpg 991w\" sizes=\"(max-width: 793px) 100vw, 793px\" \/><\/figure>\n\n\n\n<p>O documento que circula nas redes sociais datado de 14 de outubro assinado por um promotor de Justi\u00e7a notificou o administrador do grupo e o reclamante para prestarem esclarecimentos sobre o ocorrido que chegou na esfera judicial.<\/p>\n","protected":false},"excerpt":{"rendered":"<p>Um promotor de Justi\u00e7a do estado de Minas Gerais abriu investiga\u00e7\u00e3o para apurar<br \/><a class=\"more-link\" href=\"https:\/\/justicapotiguar.com.br\/index.php\/2019\/10\/28\/pode-isso-mp-abre-investigacao-para-apurar-expulsao-de-grupo-de-whatsapp\/\">Mais&#8230;<\/a><\/p>\n","protected":false},"author":5,"featured_media":3427,"comment_status":"open","ping_status":"open","sticky":false,"template":"","format":"standard","meta":[],"categories":[3],"tags":[],"_links":{"self":[{"href":"https:\/\/justicapotiguar.com.br\/index.php\/wp-json\/wp\/v2\/posts\/3425"}],"collection":[{"href":"https:\/\/justicapotiguar.com.br\/index.php\/wp-json\/wp\/v2\/posts"}],"about":[{"href":"https:\/\/justicapotiguar.com.br\/index.php\/wp-json\/wp\/v2\/types\/post"}],"author":[{"embeddable":true,"href":"https:\/\/justicapotiguar.com.br\/index.php\/wp-json\/wp\/v2\/users\/5"}],"replies":[{"embeddable":true,"href":"https:\/\/justicapotiguar.com.br\/index.php\/wp-json\/wp\/v2\/comments?post=3425"}],"version-history":[{"count":1,"href":"https:\/\/justicapotiguar.com.br\/index.php\/wp-json\/wp\/v2\/posts\/3425\/revisions"}],"predecessor-version":[{"id":3428,"href":"https:\/\/justicapotiguar.com.br\/index.php\/wp-json\/wp\/v2\/posts\/3425\/revisions\/3428"}],"wp:featuredmedia":[{"embeddable":true,"href":"https:\/\/justicapotiguar.com.br\/index.php\/wp-json\/wp\/v2\/media\/3427"}],"wp:attachment":[{"href":"https:\/\/justicapotiguar.com.br\/index.php\/wp-json\/wp\/v2\/media?parent=3425"}],"wp:term":[{"taxonomy":"category","embeddable":true,"href":"https:\/\/justicapotiguar.com.br\/index.php\/wp-json\/wp\/v2\/categories?post=3425"},{"taxonomy":"post_tag","embeddable":true,"href":"https:\/\/justicapotiguar.com.br\/index.php\/wp-json\/wp\/v2\/tags?post=3425"}],"curies":[{"name":"wp","href":"https:\/\/api.w.org\/{rel}","templated":true}]}}