{"id":34150,"date":"2023-10-10T16:08:49","date_gmt":"2023-10-10T19:08:49","guid":{"rendered":"https:\/\/justicapotiguar.com.br\/?p=34150"},"modified":"2023-10-10T16:08:49","modified_gmt":"2023-10-10T19:08:49","slug":"maritimo-nao-recebe-em-dobro-por-ferias-durante-periodo-de-repouso-em-terra","status":"publish","type":"post","link":"https:\/\/justicapotiguar.com.br\/index.php\/2023\/10\/10\/maritimo-nao-recebe-em-dobro-por-ferias-durante-periodo-de-repouso-em-terra\/","title":{"rendered":"Mar\u00edtimo n\u00e3o recebe em dobro por f\u00e9rias durante per\u00edodo de repouso em terra"},"content":{"rendered":"\n<figure class=\"wp-block-image\"><img src=\"https:\/\/www.trt21.jus.br\/sites\/default\/files\/styles\/346x231\/public\/2023-10\/Site-Mar%C3%ADtimo-n%C3%A3o-recebe-de-dobro-por-f%C3%A9rias-durante-per%C3%ADodo-de-repouso-em-terra.jpg?itok=SeiWLRSe\" alt=\"maritimo\"\/><\/figure>\n\n\n\n<p>A Primeira Turma do Tribunal Regional do Trabalho da 21\u00aa Regi\u00e3o (TRT-RN) n\u00e3o reconheceu o pagamento de f\u00e9rias em dobro a mar\u00edtimo, cujas f\u00e9rias eram inclu\u00eddas no seu per\u00edodo &nbsp;de 180 dias de folga em terra.<\/p>\n\n\n\n<p>No caso, ele trabalhava na Alianca Navegacao e Log\u00edstica Ltda., como eletricista, no sistema 1X1, 180 dias embarcados, em trabalho nos navios, e 180 dias em terra, em repouso.<\/p>\n\n\n\n<p>De acordo com o Mar\u00edtimo, as normas das conven\u00e7\u00f5es coletivas realmente autorizam a empregadora a conceder folgas e f\u00e9rias juntas, &nbsp;nos 180 dias, no caso.<\/p>\n\n\n\n<p>Mas, de acordo ainda com o ex-empregado, esse regime de trabalho especial, &nbsp;ainda que exista em norma coletiva, n\u00e3o poderia ser considerado v\u00e1lido, pois, al\u00e9m de atentar contra o art. 611-B da CLT, suprime um direito constitucional (inciso XVII do art. 7\u00ba da CF)&#8221;.<\/p>\n\n\n\n<p>Entretanto, de acordo com o desembargador &nbsp;Jos\u00e9 Barbosa Filho, relator do processo no TRT-RN, na pr\u00e1tica, a empresa, ao adotar a proporcionalidade 1&#215;1, faz com que um dia de trabalho corresponda a um dia de folga.<\/p>\n\n\n\n<p>Esse regime, para o desembargador, \u00e9 \u201cmais ben\u00e9fico (para o empregado) do que o regime de trabalho comum\u201d, pois &nbsp;permite que ele \u201cusufrua de 180 dias de repouso por ano (150 dias de \u2018folga mar\u00edtima\u2019 + 30 dias de \u2018folga f\u00e9rias\u2019 = 180 dias), com apoio na norma coletiva, a qual explicitamente autoriza o gozo de f\u00e9rias nos meses desembarcados, em conjunto com folgas\u201d.<\/p><div class=\"jvqar69f48ed2289e1\" ><!--<a href=\"https:\/\/bit.ly\/3QdrqTZ\" target=\"_blank\">\n<img src=\"https:\/\/justicapotiguar.com.br\/wp-content\/uploads\/2023\/09\/mobile-geral.gif\"\/><a\/>--><\/div><style type=\"text\/css\">\r\n.jvqar69f48ed2289e1 {\r\ntext-align: center;\r\n}\r\n@media screen and (min-width: 1201px) {\r\n.jvqar69f48ed2289e1 {\r\ndisplay: none;\r\n}\r\n}\r\n@media screen and (min-width: 993px) and (max-width: 1200px) {\r\n.jvqar69f48ed2289e1 {\r\ndisplay: none;\r\n}\r\n}\r\n@media screen and (min-width: 769px) and (max-width: 992px) {\r\n.jvqar69f48ed2289e1 {\r\ndisplay: none;\r\n}\r\n}\r\n@media screen and (min-width: 768px) and (max-width: 768px) {\r\n.jvqar69f48ed2289e1 {\r\ndisplay: block;\r\n}\r\n}\r\n@media screen and (max-width: 767px) {\r\n.jvqar69f48ed2289e1 {\r\ndisplay: block;\r\n}\r\n}\r\n<\/style>\r\n<div class=\"wzzdo69f48ed2289c7\" ><!--<a href=\"https:\/\/bit.ly\/3QdrqTZ\" target=\"_blank\">\n<img src=\"https:\/\/justicapotiguar.com.br\/wp-content\/uploads\/2023\/09\/desktop-geral.gif\"\/><a\/>--><\/div><style type=\"text\/css\">\r\n.wzzdo69f48ed2289c7 {\r\ntext-align: center;\nmargin-bottom: 1em;\r\n}\r\n@media screen and (min-width: 1201px) {\r\n.wzzdo69f48ed2289c7 {\r\ndisplay: block;\r\n}\r\n}\r\n@media screen and (min-width: 993px) and (max-width: 1200px) {\r\n.wzzdo69f48ed2289c7 {\r\ndisplay: block;\r\n}\r\n}\r\n@media screen and (min-width: 769px) and (max-width: 992px) {\r\n.wzzdo69f48ed2289c7 {\r\ndisplay: block;\r\n}\r\n}\r\n@media screen and (min-width: 768px) and (max-width: 768px) {\r\n.wzzdo69f48ed2289c7 {\r\ndisplay: none;\r\n}\r\n}\r\n@media screen and (max-width: 767px) {\r\n.wzzdo69f48ed2289c7 {\r\ndisplay: none;\r\n}\r\n}\r\n<\/style>\r\n\n\n\n\n<p>Ainda, de acordo com o magistrado, \u201cem harmonia com a tese firmada pelo STF no julgamento do Tema n\u00ba 1046 da Repercuss\u00e3o Geral (leading case: RE 599628), \u00e9 evidente que as normas coletivas podem pactuar a amplia\u00e7\u00e3o de direitos trabalhistas, instituindo regime de descanso que assegura, al\u00e9m das f\u00e9rias anuais de 30 dias, mais 150 dias de folga por ano\u201d.<\/p>\n\n\n\n<p>Por tudo isso, inexiste, no caso, &nbsp;viola\u00e7\u00e3o ao art. 137 da CLT, \u201cn\u00e3o cabendo falar em f\u00e9rias em dobro\u201d.<\/p>\n\n\n\n<p>A decis\u00e3o da Primeira Turma do TRT-RN foi por unanimidade e manteve o julgamento original da 1\u00aa Vara de Trabalho de Natal.<\/p>\n\n\n\n<p>O processo 0000397-80.2022.5.21.0001<\/p>\n\n\n\n<p><\/p>\n","protected":false},"excerpt":{"rendered":"<p>A Primeira Turma do Tribunal Regional do Trabalho da 21\u00aa Regi\u00e3o (TRT-RN) n\u00e3o reconheceu o pagamento de f\u00e9rias em dobro a mar\u00edtimo, cujas f\u00e9rias eram inclu\u00eddas no seu per\u00edodo &nbsp;de 180 dias de folga em terra. No caso, ele trabalhava na Alianca Navegacao e Log\u00edstica Ltda., como eletricista, no sistema 1X1, 180 dias embarcados, em<br \/><a class=\"more-link\" href=\"https:\/\/justicapotiguar.com.br\/index.php\/2023\/10\/10\/maritimo-nao-recebe-em-dobro-por-ferias-durante-periodo-de-repouso-em-terra\/\">Mais&#8230;<\/a><\/p>\n","protected":false},"author":5,"featured_media":0,"comment_status":"open","ping_status":"open","sticky":false,"template":"","format":"standard","meta":[],"categories":[1],"tags":[],"_links":{"self":[{"href":"https:\/\/justicapotiguar.com.br\/index.php\/wp-json\/wp\/v2\/posts\/34150"}],"collection":[{"href":"https:\/\/justicapotiguar.com.br\/index.php\/wp-json\/wp\/v2\/posts"}],"about":[{"href":"https:\/\/justicapotiguar.com.br\/index.php\/wp-json\/wp\/v2\/types\/post"}],"author":[{"embeddable":true,"href":"https:\/\/justicapotiguar.com.br\/index.php\/wp-json\/wp\/v2\/users\/5"}],"replies":[{"embeddable":true,"href":"https:\/\/justicapotiguar.com.br\/index.php\/wp-json\/wp\/v2\/comments?post=34150"}],"version-history":[{"count":1,"href":"https:\/\/justicapotiguar.com.br\/index.php\/wp-json\/wp\/v2\/posts\/34150\/revisions"}],"predecessor-version":[{"id":34151,"href":"https:\/\/justicapotiguar.com.br\/index.php\/wp-json\/wp\/v2\/posts\/34150\/revisions\/34151"}],"wp:attachment":[{"href":"https:\/\/justicapotiguar.com.br\/index.php\/wp-json\/wp\/v2\/media?parent=34150"}],"wp:term":[{"taxonomy":"category","embeddable":true,"href":"https:\/\/justicapotiguar.com.br\/index.php\/wp-json\/wp\/v2\/categories?post=34150"},{"taxonomy":"post_tag","embeddable":true,"href":"https:\/\/justicapotiguar.com.br\/index.php\/wp-json\/wp\/v2\/tags?post=34150"}],"curies":[{"name":"wp","href":"https:\/\/api.w.org\/{rel}","templated":true}]}}