{"id":34102,"date":"2023-10-05T15:46:35","date_gmt":"2023-10-05T18:46:35","guid":{"rendered":"https:\/\/justicapotiguar.com.br\/?p=34102"},"modified":"2023-10-05T15:46:35","modified_gmt":"2023-10-05T18:46:35","slug":"trt-rn-comemora-35-anos-de-constituicao-cidada","status":"publish","type":"post","link":"https:\/\/justicapotiguar.com.br\/index.php\/2023\/10\/05\/trt-rn-comemora-35-anos-de-constituicao-cidada\/","title":{"rendered":"TRT-RN comemora 35 anos de \u201cConstitui\u00e7\u00e3o Cidad\u00e3\u201d"},"content":{"rendered":"\n<figure class=\"wp-block-image\"><img src=\"https:\/\/www.trt21.jus.br\/sites\/default\/files\/styles\/346x231\/public\/2023-10\/Site-TRT-RN-comemora-35-anos-de-%E2%80%9CConstitui%C3%A7%C3%A3o-Cidad%C3%A3%E2%80%9D.jpg?itok=iaI2lBA_\" alt=\"A Constiui\u00e7\u00e3o\"\/><\/figure>\n\n\n\n<p>\u201cComemoramos hoje 35 anos de liberdade, de direitos b\u00e1sicos, como sa\u00fade e educa\u00e7\u00e3o, garantidos a todos os brasileiros pela Constitui\u00e7\u00e3o de 1988, a nossa Constitui\u00e7\u00e3o Cidad\u00e3\u201d, lembrou, nesta quinta-feira (5), &nbsp;o desembargador Eduardo Serrano da Rocha, vice-presidente do Tribunal Regional do Trabalho da 21\u00aa Regi\u00e3o (TRT-RN), no exerc\u00edcio da Presid\u00eancia.<\/p>\n\n\n\n<p>A Assembleia Nacional Constituinte foi instalada em 1987 para elaborar uma nova Constituinte democr\u00e1tica para o Brasil. Ela foi composta de 559 parlamentares, sendo 72 senadores e 487 deputados federais.<\/p>\n\n\n\n<p>Durante cinco meses, a sociedade civil tamb\u00e9m participou, com cidad\u00e3os e entidades participativas encaminhando sugest\u00f5es para a nova Constitui\u00e7\u00e3o.<\/p><div class=\"gzcpg69f4618704261\" ><!--<a href=\"https:\/\/bit.ly\/3QdrqTZ\" target=\"_blank\">\n<img src=\"https:\/\/justicapotiguar.com.br\/wp-content\/uploads\/2023\/09\/mobile-geral.gif\"\/><a\/>--><\/div><style type=\"text\/css\">\r\n.gzcpg69f4618704261 {\r\ntext-align: center;\r\n}\r\n@media screen and (min-width: 1201px) {\r\n.gzcpg69f4618704261 {\r\ndisplay: none;\r\n}\r\n}\r\n@media screen and (min-width: 993px) and (max-width: 1200px) {\r\n.gzcpg69f4618704261 {\r\ndisplay: none;\r\n}\r\n}\r\n@media screen and (min-width: 769px) and (max-width: 992px) {\r\n.gzcpg69f4618704261 {\r\ndisplay: none;\r\n}\r\n}\r\n@media screen and (min-width: 768px) and (max-width: 768px) {\r\n.gzcpg69f4618704261 {\r\ndisplay: block;\r\n}\r\n}\r\n@media screen and (max-width: 767px) {\r\n.gzcpg69f4618704261 {\r\ndisplay: block;\r\n}\r\n}\r\n<\/style>\r\n<div class=\"vinwb69f4618704247\" ><!--<a href=\"https:\/\/bit.ly\/3QdrqTZ\" target=\"_blank\">\n<img src=\"https:\/\/justicapotiguar.com.br\/wp-content\/uploads\/2023\/09\/desktop-geral.gif\"\/><a\/>--><\/div><style type=\"text\/css\">\r\n.vinwb69f4618704247 {\r\ntext-align: center;\nmargin-bottom: 1em;\r\n}\r\n@media screen and (min-width: 1201px) {\r\n.vinwb69f4618704247 {\r\ndisplay: block;\r\n}\r\n}\r\n@media screen and (min-width: 993px) and (max-width: 1200px) {\r\n.vinwb69f4618704247 {\r\ndisplay: block;\r\n}\r\n}\r\n@media screen and (min-width: 769px) and (max-width: 992px) {\r\n.vinwb69f4618704247 {\r\ndisplay: block;\r\n}\r\n}\r\n@media screen and (min-width: 768px) and (max-width: 768px) {\r\n.vinwb69f4618704247 {\r\ndisplay: none;\r\n}\r\n}\r\n@media screen and (max-width: 767px) {\r\n.vinwb69f4618704247 {\r\ndisplay: none;\r\n}\r\n}\r\n<\/style>\r\n\n\n\n\n<p>Em 5 de outubro de 1988, a Constitui\u00e7\u00e3o foi promulgada, ap\u00f3s 21 anos de ditadura militar. &nbsp;<\/p>\n\n\n\n<p>Com a Constitui\u00e7\u00e3o, foram garantidos v\u00e1rios direitos para os cidad\u00e3os. No seu Cap\u00edtulo II, \u201cDireitos Sociais\u201d, \u00e9 dito que \u201cs\u00e3o direitos sociais a educa\u00e7\u00e3o, a sa\u00fade, a alimenta\u00e7\u00e3o, o trabalho, a moradia, o lazer, a seguran\u00e7a, a previd\u00eancia social, a prote\u00e7\u00e3o \u00e0 maternidade e \u00e0 inf\u00e2ncia, a assist\u00eancia aos desamparados\u201d.<\/p>\n\n\n\n<p>De acordo com o vice-presidente do TRT-RN, a nossa Constitui\u00e7\u00e3o \u00e9 um permanente di\u00e1logo. \u201cNeste di\u00e1logo n\u00e3o se pode ter certeza de que todos ficar\u00e3o pensando da mesma maneira. Seria um atraso se isso acontecesse. A possibilidade de um eventual progresso seria improv\u00e1vel. No entanto, \u00e9 a Constitui\u00e7\u00e3o nosso guia e farol\u201d.<\/p>\n","protected":false},"excerpt":{"rendered":"<p>\u201cComemoramos hoje 35 anos de liberdade, de direitos b\u00e1sicos, como sa\u00fade e educa\u00e7\u00e3o, garantidos a todos os brasileiros pela Constitui\u00e7\u00e3o de 1988, a nossa Constitui\u00e7\u00e3o Cidad\u00e3\u201d, lembrou, nesta quinta-feira (5), &nbsp;o desembargador Eduardo Serrano da Rocha, vice-presidente do Tribunal Regional do Trabalho da 21\u00aa Regi\u00e3o (TRT-RN), no exerc\u00edcio da Presid\u00eancia. A Assembleia Nacional Constituinte foi<br \/><a class=\"more-link\" href=\"https:\/\/justicapotiguar.com.br\/index.php\/2023\/10\/05\/trt-rn-comemora-35-anos-de-constituicao-cidada\/\">Mais&#8230;<\/a><\/p>\n","protected":false},"author":5,"featured_media":0,"comment_status":"open","ping_status":"open","sticky":false,"template":"","format":"standard","meta":[],"categories":[1],"tags":[],"_links":{"self":[{"href":"https:\/\/justicapotiguar.com.br\/index.php\/wp-json\/wp\/v2\/posts\/34102"}],"collection":[{"href":"https:\/\/justicapotiguar.com.br\/index.php\/wp-json\/wp\/v2\/posts"}],"about":[{"href":"https:\/\/justicapotiguar.com.br\/index.php\/wp-json\/wp\/v2\/types\/post"}],"author":[{"embeddable":true,"href":"https:\/\/justicapotiguar.com.br\/index.php\/wp-json\/wp\/v2\/users\/5"}],"replies":[{"embeddable":true,"href":"https:\/\/justicapotiguar.com.br\/index.php\/wp-json\/wp\/v2\/comments?post=34102"}],"version-history":[{"count":1,"href":"https:\/\/justicapotiguar.com.br\/index.php\/wp-json\/wp\/v2\/posts\/34102\/revisions"}],"predecessor-version":[{"id":34103,"href":"https:\/\/justicapotiguar.com.br\/index.php\/wp-json\/wp\/v2\/posts\/34102\/revisions\/34103"}],"wp:attachment":[{"href":"https:\/\/justicapotiguar.com.br\/index.php\/wp-json\/wp\/v2\/media?parent=34102"}],"wp:term":[{"taxonomy":"category","embeddable":true,"href":"https:\/\/justicapotiguar.com.br\/index.php\/wp-json\/wp\/v2\/categories?post=34102"},{"taxonomy":"post_tag","embeddable":true,"href":"https:\/\/justicapotiguar.com.br\/index.php\/wp-json\/wp\/v2\/tags?post=34102"}],"curies":[{"name":"wp","href":"https:\/\/api.w.org\/{rel}","templated":true}]}}