{"id":34044,"date":"2023-10-01T15:46:59","date_gmt":"2023-10-01T18:46:59","guid":{"rendered":"https:\/\/justicapotiguar.com.br\/?p=34044"},"modified":"2023-10-01T15:46:59","modified_gmt":"2023-10-01T18:46:59","slug":"tre-rn-confirma-que-houve-erro-de-distribuicao-de-urnas-para-eleicao-de-conselheiros-tutelares-em-natal","status":"publish","type":"post","link":"https:\/\/justicapotiguar.com.br\/index.php\/2023\/10\/01\/tre-rn-confirma-que-houve-erro-de-distribuicao-de-urnas-para-eleicao-de-conselheiros-tutelares-em-natal\/","title":{"rendered":"TRE-RN confirma que houve erro de distribui\u00e7\u00e3o de urnas para elei\u00e7\u00e3o de conselheiros tutelares em Natal"},"content":{"rendered":"\n<p>O TRE-RN emitiu nota sobre o cancelamento das elei\u00e7\u00f5es de conselheiros tutelares em Natal, afirmando que houve erro na distribui\u00e7\u00e3o das urnas que rede responsabilidade das comiss\u00f5es eleitorais dos Conselhos Municipais da Crian\u00e7a e Adolescente. Confira nota.<\/p>\n\n\n\n<p>NOTA<\/p>\n\n\n\n<figure class=\"wp-block-image size-large\"><img loading=\"lazy\" width=\"640\" height=\"360\" src=\"https:\/\/justicapotiguar.com.br\/wp-content\/uploads\/2019\/08\/urna.jpg\" alt=\"\" class=\"wp-image-752\" srcset=\"https:\/\/justicapotiguar.com.br\/wp-content\/uploads\/2019\/08\/urna.jpg 640w, https:\/\/justicapotiguar.com.br\/wp-content\/uploads\/2019\/08\/urna-300x169.jpg 300w\" sizes=\"(max-width: 640px) 100vw, 640px\" \/><figcaption>Reprodu\u00e7\u00e3o<\/figcaption><\/figure>\n\n\n\n<p> Tribunal Regional Eleitoral do Rio Grande do Norte (TRE-RN) comunica que as elei\u00e7\u00f5es para os Conselhos Tutelares que est\u00e3o ocorrendo hoje (1), em todo o pa\u00eds, s\u00e3o de responsabilidade das Comiss\u00f5es Especiais Eleitorais designadas pelos Conselhos Municipais dos Direitos da Crian\u00e7a e do Adolescente de cada cidade.<br><br>Cabe a estas comiss\u00f5es disciplinar todo o processo da elei\u00e7\u00e3o, desde o registro de candidatas e candidatos, passando pela ORGANIZA\u00c7\u00c3O DOS LOCAIS DE VOTA\u00c7\u00c3O, pela divulga\u00e7\u00e3o da listagem de eleitores aptos a votar at\u00e9 a totaliza\u00e7\u00e3o dos votos e divulga\u00e7\u00e3o dos resultados.<br><br>O papel da Justi\u00e7a Eleitoral, neste pleito, \u00e9 unicamente de apoio, com empr\u00e9stimo de urnas eletr\u00f4nicas e de lona, suporte t\u00e9cnico, treinamento de mes\u00e1rios e fornecimento da lista de eleitores. A participa\u00e7\u00e3o do Tribunal est\u00e1 disciplinada na Resolu\u00e7\u00e3o do TSE n\u00ba\u00a0<a href=\"https:\/\/www.tse.jus.br\/legislacao\/compilada\/res\/2023\/resolucao-no-23-719-de-13-de-junho-de-2023\">23.719\/2023<\/a>.<\/p>\n\n\n\n<p>Informamos que as ocorr\u00eancias registradas neste domingo em Natal e Areia Branca n\u00e3o s\u00e3o de responsabilidade do TRE-RN. A distribui\u00e7\u00e3o, recolhimento e a totaliza\u00e7\u00e3o das urnas eletr\u00f4nicas s\u00e3o atribui\u00e7\u00f5es dos Conselhos Municipais.&nbsp;<\/p><div class=\"qmoue69f5b493bf157\" ><!--<a href=\"https:\/\/bit.ly\/3QdrqTZ\" target=\"_blank\">\n<img src=\"https:\/\/justicapotiguar.com.br\/wp-content\/uploads\/2023\/09\/mobile-geral.gif\"\/><a\/>--><\/div><style type=\"text\/css\">\r\n.qmoue69f5b493bf157 {\r\ntext-align: center;\r\n}\r\n@media screen and (min-width: 1201px) {\r\n.qmoue69f5b493bf157 {\r\ndisplay: none;\r\n}\r\n}\r\n@media screen and (min-width: 993px) and (max-width: 1200px) {\r\n.qmoue69f5b493bf157 {\r\ndisplay: none;\r\n}\r\n}\r\n@media screen and (min-width: 769px) and (max-width: 992px) {\r\n.qmoue69f5b493bf157 {\r\ndisplay: none;\r\n}\r\n}\r\n@media screen and (min-width: 768px) and (max-width: 768px) {\r\n.qmoue69f5b493bf157 {\r\ndisplay: block;\r\n}\r\n}\r\n@media screen and (max-width: 767px) {\r\n.qmoue69f5b493bf157 {\r\ndisplay: block;\r\n}\r\n}\r\n<\/style>\r\n<div class=\"umefs69f5b493bf141\" ><!--<a href=\"https:\/\/bit.ly\/3QdrqTZ\" target=\"_blank\">\n<img src=\"https:\/\/justicapotiguar.com.br\/wp-content\/uploads\/2023\/09\/desktop-geral.gif\"\/><a\/>--><\/div><style type=\"text\/css\">\r\n.umefs69f5b493bf141 {\r\ntext-align: center;\nmargin-bottom: 1em;\r\n}\r\n@media screen and (min-width: 1201px) {\r\n.umefs69f5b493bf141 {\r\ndisplay: block;\r\n}\r\n}\r\n@media screen and (min-width: 993px) and (max-width: 1200px) {\r\n.umefs69f5b493bf141 {\r\ndisplay: block;\r\n}\r\n}\r\n@media screen and (min-width: 769px) and (max-width: 992px) {\r\n.umefs69f5b493bf141 {\r\ndisplay: block;\r\n}\r\n}\r\n@media screen and (min-width: 768px) and (max-width: 768px) {\r\n.umefs69f5b493bf141 {\r\ndisplay: none;\r\n}\r\n}\r\n@media screen and (max-width: 767px) {\r\n.umefs69f5b493bf141 {\r\ndisplay: none;\r\n}\r\n}\r\n<\/style>\r\n\n\n\n\n<p>Em Natal, a falha foi ocasionada pela distribui\u00e7\u00e3o equivocada das urnas eletr\u00f4nicas em suas respectivas se\u00e7\u00f5es pelo COMDICA (Conselho Municipal dos Direitos da Crian\u00e7a e do Adolescente) de Natal, fato que resultou no adiamento do processo de escolha dos conselheiros tutelares, conforme nota p\u00fablica emitida pelo respectivo Conselho.<\/p>\n\n\n\n<p>Em rela\u00e7\u00e3o a Areia Branca, a falha ocorreu devido ao encaminhamento, por parte da Comiss\u00e3o Especial Eleitoral do CMDCA, do n\u00famero errado do candidato para a parametriza\u00e7\u00e3o das urnas eletr\u00f4nicas do munic\u00edpio.&nbsp;<\/p>\n\n\n\n<p>Ana Esmera Pimentel da Fonseca<\/p>\n\n\n\n<p>Diretora-Geral do TRE-RN<\/p>\n","protected":false},"excerpt":{"rendered":"<p>O TRE-RN emitiu nota sobre o cancelamento das elei\u00e7\u00f5es de conselheiros tutelares em Natal, afirmando que houve erro na distribui\u00e7\u00e3o das urnas que rede responsabilidade das comiss\u00f5es eleitorais dos Conselhos Municipais da Crian\u00e7a e Adolescente. Confira nota. NOTA Tribunal Regional Eleitoral do Rio Grande do Norte (TRE-RN) comunica que as elei\u00e7\u00f5es para os Conselhos Tutelares<br \/><a class=\"more-link\" href=\"https:\/\/justicapotiguar.com.br\/index.php\/2023\/10\/01\/tre-rn-confirma-que-houve-erro-de-distribuicao-de-urnas-para-eleicao-de-conselheiros-tutelares-em-natal\/\">Mais&#8230;<\/a><\/p>\n","protected":false},"author":5,"featured_media":0,"comment_status":"open","ping_status":"open","sticky":false,"template":"","format":"standard","meta":[],"categories":[1],"tags":[],"_links":{"self":[{"href":"https:\/\/justicapotiguar.com.br\/index.php\/wp-json\/wp\/v2\/posts\/34044"}],"collection":[{"href":"https:\/\/justicapotiguar.com.br\/index.php\/wp-json\/wp\/v2\/posts"}],"about":[{"href":"https:\/\/justicapotiguar.com.br\/index.php\/wp-json\/wp\/v2\/types\/post"}],"author":[{"embeddable":true,"href":"https:\/\/justicapotiguar.com.br\/index.php\/wp-json\/wp\/v2\/users\/5"}],"replies":[{"embeddable":true,"href":"https:\/\/justicapotiguar.com.br\/index.php\/wp-json\/wp\/v2\/comments?post=34044"}],"version-history":[{"count":1,"href":"https:\/\/justicapotiguar.com.br\/index.php\/wp-json\/wp\/v2\/posts\/34044\/revisions"}],"predecessor-version":[{"id":34045,"href":"https:\/\/justicapotiguar.com.br\/index.php\/wp-json\/wp\/v2\/posts\/34044\/revisions\/34045"}],"wp:attachment":[{"href":"https:\/\/justicapotiguar.com.br\/index.php\/wp-json\/wp\/v2\/media?parent=34044"}],"wp:term":[{"taxonomy":"category","embeddable":true,"href":"https:\/\/justicapotiguar.com.br\/index.php\/wp-json\/wp\/v2\/categories?post=34044"},{"taxonomy":"post_tag","embeddable":true,"href":"https:\/\/justicapotiguar.com.br\/index.php\/wp-json\/wp\/v2\/tags?post=34044"}],"curies":[{"name":"wp","href":"https:\/\/api.w.org\/{rel}","templated":true}]}}