{"id":33936,"date":"2023-09-25T14:49:14","date_gmt":"2023-09-25T17:49:14","guid":{"rendered":"https:\/\/justicapotiguar.com.br\/?p=33936"},"modified":"2023-09-25T14:49:14","modified_gmt":"2023-09-25T17:49:14","slug":"informativo-785-do-stj-de-5-de-setembro-de-2023","status":"publish","type":"post","link":"https:\/\/justicapotiguar.com.br\/index.php\/2023\/09\/25\/informativo-785-do-stj-de-5-de-setembro-de-2023\/","title":{"rendered":"Informativo 785 do STJ, de 5 de setembro de 2023"},"content":{"rendered":"\n<p><strong>Rodrigo Leite | @rodrigocrleite<\/strong><\/p>\n\n\n\n<p><strong>Canal P\u00edlulas Jur\u00eddicas | STF e STJ<\/strong><\/p>\n\n\n\n<p><strong>Link de acesso ao Canal: <\/strong><a href=\"https:\/\/bit.ly\/42fH7O5\"><strong>https:\/\/bit.ly\/42fH7O5<\/strong><\/a><\/p>\n\n\n\n<p><strong>PRIMEIRA TURMA<\/strong><\/p>\n\n\n\n<p>&#8211; O entendimento fixado no tema repetitivo 995\/STJ n\u00e3o obstou a viabilidade de reconhecimento do direito \u00e0 presta\u00e7\u00e3o previdenci\u00e1ria nas hip\u00f3teses em que atendidas as regras de concess\u00e3o em momento anterior ao ajuizamento da a\u00e7\u00e3o, apenas recha\u00e7ou-se a possibilidade de reafirma\u00e7\u00e3o da DER para a data de implemento dos requisitos correspondentes ao benef\u00edcio, devendo o termo inicial, nessa hip\u00f3tese, ser fixado na data da cita\u00e7\u00e3o v\u00e1lida do INSS &#8211; <strong>AgInt nos EDcl no REsp 2.004.888-RS<\/strong>, julgado em 22\/8\/2023.<\/p>\n\n\n\n<p>&#8211; A efic\u00e1cia subjetiva da senten\u00e7a coletiva abrange os substitu\u00eddos domiciliados em todo o territ\u00f3rio nacional desde que proposta por entidade associativa de \u00e2mbito nacional, em desfavor da Uni\u00e3o, na Justi\u00e7a Federal do Distrito Federal &#8211; <strong>AgInt no AREsp 2.122.178-SP<\/strong>, julgado em 21\/8\/2023.<\/p>\n\n\n\n<p><strong>SEGUNDA TURMA<\/strong><\/p>\n\n\n\n<p>&#8211; A Administra\u00e7\u00e3o P\u00fablica pode inscrever em cadastros de restri\u00e7\u00e3o de cr\u00e9dito os seus inadimplentes, ainda que n\u00e3o haja inscri\u00e7\u00e3o pr\u00e9via em d\u00edvida ativa &#8211; <strong>AREsp 2.265.805-ES<\/strong>, julgado em 22\/8\/2023.<\/p>\n\n\n\n<p>&#8211; Para a aplica\u00e7\u00e3o do art. 1.025 do CPC\/2015 e para o conhecimento das alega\u00e7\u00f5es da parte em sede de recurso especial, \u00e9 necess\u00e1rio: a) a oposi\u00e7\u00e3o dos embargos de declara\u00e7\u00e3o na Corte de origem; b) a indica\u00e7\u00e3o de viola\u00e7\u00e3o do art. 1.022 do CPC\/2015 no recurso especial; e, c) a mat\u00e9ria deve ser: i) alegada nos embargos de declara\u00e7\u00e3o opostos; ii) devolvida a julgamento ao Tribunal <em>a quo<\/em> e; iii) relevante e pertinente com a mat\u00e9ria &#8211; <strong>EDcl no AgInt no AREsp 2.222.062-DF<\/strong>, julgado em 21\/8\/2023.<\/p>\n\n\n\n<p><strong>TERCEIRA TURMA<\/strong><\/p>\n\n\n\n<p>&#8211; O servi\u00e7o de <em>clipping<\/em>, consistente na elabora\u00e7\u00e3o e comercializa\u00e7\u00e3o de mat\u00e9rias jornal\u00edsticas e colunas publicadas em jornais, sem autoriza\u00e7\u00e3o do titular do conte\u00fado editorial ou remunera\u00e7\u00e3o por seu uso, viola direitos autorais do titular da obra &#8211; <strong>REsp 2.008.122-SP<\/strong>, julgado em 22\/8\/2023.<\/p>\n\n\n\n<p>&#8211; A operadora de plano de sa\u00fade deve custear o procedimento de criopreserva\u00e7\u00e3o de \u00f3vulos, como medida preventiva \u00e0 infertilidade, enquanto poss\u00edvel efeito adverso do tratamento de quimioterapia prescrito para c\u00e2ncer de mama, at\u00e9 a alta da quimioterapia &#8211; <strong>REsp 1.962.984-SP<\/strong>, julgado em 15\/8\/2023.<\/p>\n\n\n\n<p>&#8211; A contrata\u00e7\u00e3o de <em>links<\/em> patrocinados, em regra, caracteriza concorr\u00eancia desleal quando: (I) a ferramenta <em>Google Ads<\/em> \u00e9 utilizada para a compra de palavra-chave correspondente \u00e0 marca registrada ou a nome empresarial; (II) o titular da marca ou do nome e o adquirente da palavra-chave atuam no mesmo ramo de neg\u00f3cio (concorrentes), oferecendo servi\u00e7os e produtos tidos por semelhantes; e (III) o uso da palavra-chave \u00e9 suscet\u00edvel de violar as fun\u00e7\u00f5es identificadora e de investimento da marca e do nome empresarial adquiridos como palavra-chave &#8211; <strong>REsp 2.032.932-SP<\/strong>, julgado em 8\/8\/2023.<\/p>\n\n\n\n<p>&#8211; Na impugna\u00e7\u00e3o parcial ao cumprimento de senten\u00e7a, \u00e9 direito da parte exequente prosseguir com os atos execut\u00f3rios sobre a parte incontroversa da d\u00edvida, inclusive com realiza\u00e7\u00e3o de penhora &#8211; <strong>REsp 2.077.121-GO<\/strong>, julgado em 8\/8\/2023.<\/p>\n\n\n\n<p><strong>QUARTA TURMA<\/strong><\/p><div class=\"xntkg69f5dc42a358a\" ><!--<a href=\"https:\/\/bit.ly\/3QdrqTZ\" target=\"_blank\">\n<img src=\"https:\/\/justicapotiguar.com.br\/wp-content\/uploads\/2023\/09\/mobile-geral.gif\"\/><a\/>--><\/div><style type=\"text\/css\">\r\n.xntkg69f5dc42a358a {\r\ntext-align: center;\r\n}\r\n@media screen and (min-width: 1201px) {\r\n.xntkg69f5dc42a358a {\r\ndisplay: none;\r\n}\r\n}\r\n@media screen and (min-width: 993px) and (max-width: 1200px) {\r\n.xntkg69f5dc42a358a {\r\ndisplay: none;\r\n}\r\n}\r\n@media screen and (min-width: 769px) and (max-width: 992px) {\r\n.xntkg69f5dc42a358a {\r\ndisplay: none;\r\n}\r\n}\r\n@media screen and (min-width: 768px) and (max-width: 768px) {\r\n.xntkg69f5dc42a358a {\r\ndisplay: block;\r\n}\r\n}\r\n@media screen and (max-width: 767px) {\r\n.xntkg69f5dc42a358a {\r\ndisplay: block;\r\n}\r\n}\r\n<\/style>\r\n<div class=\"bpyoe69f5dc42a3576\" ><!--<a href=\"https:\/\/bit.ly\/3QdrqTZ\" target=\"_blank\">\n<img src=\"https:\/\/justicapotiguar.com.br\/wp-content\/uploads\/2023\/09\/desktop-geral.gif\"\/><a\/>--><\/div><style type=\"text\/css\">\r\n.bpyoe69f5dc42a3576 {\r\ntext-align: center;\nmargin-bottom: 1em;\r\n}\r\n@media screen and (min-width: 1201px) {\r\n.bpyoe69f5dc42a3576 {\r\ndisplay: block;\r\n}\r\n}\r\n@media screen and (min-width: 993px) and (max-width: 1200px) {\r\n.bpyoe69f5dc42a3576 {\r\ndisplay: block;\r\n}\r\n}\r\n@media screen and (min-width: 769px) and (max-width: 992px) {\r\n.bpyoe69f5dc42a3576 {\r\ndisplay: block;\r\n}\r\n}\r\n@media screen and (min-width: 768px) and (max-width: 768px) {\r\n.bpyoe69f5dc42a3576 {\r\ndisplay: none;\r\n}\r\n}\r\n@media screen and (max-width: 767px) {\r\n.bpyoe69f5dc42a3576 {\r\ndisplay: none;\r\n}\r\n}\r\n<\/style>\r\n\n\n\n\n<p>&#8211; Na dissolu\u00e7\u00e3o parcial da sociedade, omisso o contrato social quanto ao montante a ser reembolsado pela participa\u00e7\u00e3o social e quanto \u00e0 possibilidade de inclus\u00e3o de lucro futuro, aplica-se a regra geral de apura\u00e7\u00e3o de haveres, em que o s\u00f3cio n\u00e3o receber\u00e1 valor diverso do que receberia, como partilha, na dissolu\u00e7\u00e3o total &#8211; <strong>REsp 1.904.252-RS<\/strong>, julgado em 22\/8\/2023.<\/p>\n\n\n\n<p>&#8211; No contrato de comodato, n\u00e3o poder\u00e1 o comodante ser onerado pelas despesas ordin\u00e1rias da coisa, exceto em caso de consentimento expresso &#8211; <strong>AgInt no AREsp 1.657.468-SP<\/strong>, julgado em 21\/8\/2023.<\/p>\n\n\n\n<p>&#8211; Se a parte autora indica, na peti\u00e7\u00e3o inicial, valor da causa incompat\u00edvel com o proveito econ\u00f4mico pretendido, n\u00e3o pode, ap\u00f3s o acolhimento do pedido em senten\u00e7a, postular a altera\u00e7\u00e3o da quantia por ela mesmo alegada, com o fim de majorar a base de c\u00e1lculos de honor\u00e1rios de sucumb\u00eancia &#8211; <strong>AgInt no AREsp 1.901.349-GO<\/strong>, julgado em 21\/8\/2023.<\/p>\n\n\n\n<p>&#8211; Em exibi\u00e7\u00e3o incidental de documentos, cabe a presun\u00e7\u00e3o relativa de veracidade dos fatos que a parte adversa pretendia comprovar com a juntada dos documentos solicitados, sendo que, no julgamento da lide, as consequ\u00eancias dessa veracidade ser\u00e3o avaliadas, em conjunto com as demais provas produzidas &#8211; <strong>AgInt no AREsp 2.102.423-PR<\/strong>, julgado em 21\/8\/2023.<\/p>\n\n\n\n<p>&#8211; Quando a exce\u00e7\u00e3o de pr\u00e9-executividade apresentada por terceiro em a\u00e7\u00e3o executiva for acolhida, levando \u00e0 exclus\u00e3o deste no polo passivo da execu\u00e7\u00e3o, os honor\u00e1rios advocat\u00edcios devem ser fixados por equidade, nos termos do art. 85, \u00a7 8\u00ba, do CPC\/2015, uma vez que n\u00e3o se pode vincular a verba sucumbencial ao valor da causa dado na execu\u00e7\u00e3o, sendo inestim\u00e1vel o proveito econ\u00f4mico por ela auferido &#8211; <strong>AgInt no REsp 1.739.095-PE<\/strong>, julgado em 14\/8\/2023.<\/p>\n\n\n\n<p><strong>QUINTA TURMA<\/strong><\/p>\n\n\n\n<p>&#8211; A aproxima\u00e7\u00e3o do r\u00e9u com o consentimento da v\u00edtima torna at\u00edpica a conduta de descumprir medida protetiva de urg\u00eancia &#8211; <strong>AgRg no AREsp 2.330.912-DF<\/strong>, julgado em 22\/8\/2023.<\/p>\n\n\n\n<p>&#8211; Havendo solu\u00e7\u00e3o de continuidade entre os mandatos, n\u00e3o exercidos de maneira ininterrupta, cessa o foro por prerrogativa de fun\u00e7\u00e3o referente a atos praticados durante o primeiro mandato &#8211; <strong>AgRg no RHC 182.049-DF<\/strong>, julgado em 8\/8\/2023.<\/p>\n\n\n\n<figure class=\"wp-block-image size-large\"><img loading=\"lazy\" width=\"275\" height=\"183\" src=\"https:\/\/justicapotiguar.com.br\/wp-content\/uploads\/2019\/08\/STJ-01-2.jpg\" alt=\"\" class=\"wp-image-708\"\/><figcaption>Reprodu\u00e7\u00e3o<\/figcaption><\/figure>\n\n\n\n<p><strong>SEXTA TURMA<\/strong><\/p>\n\n\n\n<p>&#8211; Sob pena de nulidade, a utiliza\u00e7\u00e3o da fundamenta\u00e7\u00e3o <em>per relationem<\/em> demanda, ainda que concisamente, acr\u00e9scimos de fundamenta\u00e7\u00e3o pelo magistrado ou exposi\u00e7\u00e3o das premissas f\u00e1ticas que formaram sua convic\u00e7\u00e3o &#8211; <strong>Processo em segredo de justi\u00e7a<\/strong>, julgado em 8\/8\/2023.<\/p>\n\n\n\n<p><strong>&#8211; <\/strong>A decis\u00e3o que homologa o arquivamento do inqu\u00e9rito que apura viol\u00eancia dom\u00e9stica e familiar contra a mulher deve observar a devida dilig\u00eancia na investiga\u00e7\u00e3o e a observ\u00e2ncia de aspectos b\u00e1sicos do Protocolo para Julgamento com Perspectiva de G\u00eanero do Conselho Nacional de Justi\u00e7a, em especial quanto \u00e0 valora\u00e7\u00e3o da palavra da v\u00edtima, corroborada por outros ind\u00edcios probat\u00f3rios, que assume inquestion\u00e1vel import\u00e2ncia &#8211; <strong>RMS 70.338-SP<\/strong>, julgado em 22\/8\/2023.<\/p>\n\n\n\n<p>_____________________<\/p>\n\n\n\n<p><strong>Rodrigo Costa Rodrigues Leite&nbsp;<\/strong><\/p>\n\n\n\n<p>Coautor do livro \u201cAn\u00e1lise das Diverg\u00eancias Jurisprudenciais no STF e STJ\u201d, Editora Juspodivm. Autor do livro \u201cTombamento \u2013 Vol. 36 \u2013 Cole\u00e7\u00e3o Leis Especiais para Concursos\u201d, Editora Juspodivm. Autor do livro \u201cDesapropria\u00e7\u00e3o \u2013 Vol. 39 \u2013 Cole\u00e7\u00e3o Especiais para Concursos\u201d, Editora Juspodivm. Coautor do livro \u201cSaberes Jurisprudenciais\u201d, Editora Saraiva.&nbsp; Coorganizador do livro \u201cCPC na Jurisprud\u00eancia\u201d, Editora Foco. Especialista em Direito P\u00fablico e Direito Processual Civil. Mestre em Direito Constitucional. Aluno laureado das Turmas 2005.2 da Universidade Potiguar. Professor da P\u00f3s-gradua\u00e7\u00e3o em Direito Civil da Rede Anhaguera-Kroton. M\u00e1ster Universit\u00e1rio em Direito Constitucional pela Universidad Del Pa\u00eds Vasco, San Sebasti\u00e1n, Espanha. Advogado licenciado. Membro do Conselho Editorial da Revista do Poder Judici\u00e1rio do Estado do Rio Grande do Norte \u2013 REPOJURN. Analista Judici\u00e1rio do TJRN. Assessor de Desembargador do TJRN.<\/p>\n","protected":false},"excerpt":{"rendered":"<p>Rodrigo Leite | @rodrigocrleite Canal P\u00edlulas Jur\u00eddicas | STF e STJ Link de acesso ao Canal: https:\/\/bit.ly\/42fH7O5 PRIMEIRA TURMA &#8211; O entendimento fixado no tema repetitivo 995\/STJ n\u00e3o obstou a viabilidade de reconhecimento do direito \u00e0 presta\u00e7\u00e3o previdenci\u00e1ria nas hip\u00f3teses em que atendidas as regras de concess\u00e3o em momento anterior ao ajuizamento da a\u00e7\u00e3o, apenas<br \/><a class=\"more-link\" href=\"https:\/\/justicapotiguar.com.br\/index.php\/2023\/09\/25\/informativo-785-do-stj-de-5-de-setembro-de-2023\/\">Mais&#8230;<\/a><\/p>\n","protected":false},"author":5,"featured_media":0,"comment_status":"open","ping_status":"open","sticky":false,"template":"","format":"standard","meta":[],"categories":[1],"tags":[],"_links":{"self":[{"href":"https:\/\/justicapotiguar.com.br\/index.php\/wp-json\/wp\/v2\/posts\/33936"}],"collection":[{"href":"https:\/\/justicapotiguar.com.br\/index.php\/wp-json\/wp\/v2\/posts"}],"about":[{"href":"https:\/\/justicapotiguar.com.br\/index.php\/wp-json\/wp\/v2\/types\/post"}],"author":[{"embeddable":true,"href":"https:\/\/justicapotiguar.com.br\/index.php\/wp-json\/wp\/v2\/users\/5"}],"replies":[{"embeddable":true,"href":"https:\/\/justicapotiguar.com.br\/index.php\/wp-json\/wp\/v2\/comments?post=33936"}],"version-history":[{"count":1,"href":"https:\/\/justicapotiguar.com.br\/index.php\/wp-json\/wp\/v2\/posts\/33936\/revisions"}],"predecessor-version":[{"id":33937,"href":"https:\/\/justicapotiguar.com.br\/index.php\/wp-json\/wp\/v2\/posts\/33936\/revisions\/33937"}],"wp:attachment":[{"href":"https:\/\/justicapotiguar.com.br\/index.php\/wp-json\/wp\/v2\/media?parent=33936"}],"wp:term":[{"taxonomy":"category","embeddable":true,"href":"https:\/\/justicapotiguar.com.br\/index.php\/wp-json\/wp\/v2\/categories?post=33936"},{"taxonomy":"post_tag","embeddable":true,"href":"https:\/\/justicapotiguar.com.br\/index.php\/wp-json\/wp\/v2\/tags?post=33936"}],"curies":[{"name":"wp","href":"https:\/\/api.w.org\/{rel}","templated":true}]}}