{"id":33835,"date":"2023-09-19T10:26:13","date_gmt":"2023-09-19T13:26:13","guid":{"rendered":"https:\/\/justicapotiguar.com.br\/?p=33835"},"modified":"2023-09-19T10:26:13","modified_gmt":"2023-09-19T13:26:13","slug":"tj-condena-acusados-de-vender-anabolizantes","status":"publish","type":"post","link":"https:\/\/justicapotiguar.com.br\/index.php\/2023\/09\/19\/tj-condena-acusados-de-vender-anabolizantes\/","title":{"rendered":"TJ condena acusados de vender anabolizantes"},"content":{"rendered":"\n<figure class=\"wp-block-image size-large\"><img loading=\"lazy\" width=\"680\" height=\"424\" src=\"https:\/\/justicapotiguar.com.br\/wp-content\/uploads\/2020\/03\/6AE83E9A6AA9602CEFEA5B21E2E670976C5E_remedios.jpg\" alt=\"\" class=\"wp-image-7112\" srcset=\"https:\/\/justicapotiguar.com.br\/wp-content\/uploads\/2020\/03\/6AE83E9A6AA9602CEFEA5B21E2E670976C5E_remedios.jpg 680w, https:\/\/justicapotiguar.com.br\/wp-content\/uploads\/2020\/03\/6AE83E9A6AA9602CEFEA5B21E2E670976C5E_remedios-300x187.jpg 300w\" sizes=\"(max-width: 680px) 100vw, 680px\" \/><figcaption>Ilustrativa<\/figcaption><\/figure>\n\n\n\n<p>A C\u00e2mara Criminal do TJRN definiu as penas a serem aplicadas a dois homens, denunciados pela suposta pr\u00e1tica de comercializa\u00e7\u00e3o de anabolizantes, dentre eles frascos de boldenona, trembolona, frascos de masteron, stanozolol e de enantato de testosterona. A defesa, contudo, pediu e o \u00f3rg\u00e3o julgador determinou que o fato fosse desclassificado para o delito de falsifica\u00e7\u00e3o, corrup\u00e7\u00e3o, adultera\u00e7\u00e3o ou altera\u00e7\u00e3o de produto destinado a fins terap\u00eauticos ou medicinais (artigo 273, \u00a71\u00ba e \u00a71-B, I do CP).<\/p>\n\n\n\n<p>Na atual decis\u00e3o, a C\u00e2mara aplicou o novo sancionamento, em uma definitiva reprimenda de um ano, cinco meses e 15 dias de reclus\u00e3o em regime aberto e 11 dias-multa para um deles e, para o outro denunciado a pena de um ano e tr\u00eas meses de reclus\u00e3o em regime aberto, al\u00e9m de 11 dias-multa, convertida em uma restritiva de direitos a ser definida pelo ju\u00edzo execut\u00f3rio.<\/p><div class=\"rqqgo69f1dea89e7c6\" ><!--<a href=\"https:\/\/bit.ly\/3QdrqTZ\" target=\"_blank\">\n<img src=\"https:\/\/justicapotiguar.com.br\/wp-content\/uploads\/2023\/09\/mobile-geral.gif\"\/><a\/>--><\/div><style type=\"text\/css\">\r\n.rqqgo69f1dea89e7c6 {\r\ntext-align: center;\r\n}\r\n@media screen and (min-width: 1201px) {\r\n.rqqgo69f1dea89e7c6 {\r\ndisplay: none;\r\n}\r\n}\r\n@media screen and (min-width: 993px) and (max-width: 1200px) {\r\n.rqqgo69f1dea89e7c6 {\r\ndisplay: none;\r\n}\r\n}\r\n@media screen and (min-width: 769px) and (max-width: 992px) {\r\n.rqqgo69f1dea89e7c6 {\r\ndisplay: none;\r\n}\r\n}\r\n@media screen and (min-width: 768px) and (max-width: 768px) {\r\n.rqqgo69f1dea89e7c6 {\r\ndisplay: block;\r\n}\r\n}\r\n@media screen and (max-width: 767px) {\r\n.rqqgo69f1dea89e7c6 {\r\ndisplay: block;\r\n}\r\n}\r\n<\/style>\r\n<div class=\"ngvcc69f1dea89e7b1\" ><!--<a href=\"https:\/\/bit.ly\/3QdrqTZ\" target=\"_blank\">\n<img src=\"https:\/\/justicapotiguar.com.br\/wp-content\/uploads\/2023\/09\/desktop-geral.gif\"\/><a\/>--><\/div><style type=\"text\/css\">\r\n.ngvcc69f1dea89e7b1 {\r\ntext-align: center;\nmargin-bottom: 1em;\r\n}\r\n@media screen and (min-width: 1201px) {\r\n.ngvcc69f1dea89e7b1 {\r\ndisplay: block;\r\n}\r\n}\r\n@media screen and (min-width: 993px) and (max-width: 1200px) {\r\n.ngvcc69f1dea89e7b1 {\r\ndisplay: block;\r\n}\r\n}\r\n@media screen and (min-width: 769px) and (max-width: 992px) {\r\n.ngvcc69f1dea89e7b1 {\r\ndisplay: block;\r\n}\r\n}\r\n@media screen and (min-width: 768px) and (max-width: 768px) {\r\n.ngvcc69f1dea89e7b1 {\r\ndisplay: none;\r\n}\r\n}\r\n@media screen and (max-width: 767px) {\r\n.ngvcc69f1dea89e7b1 {\r\ndisplay: none;\r\n}\r\n}\r\n<\/style>\r\n\n\n\n\n<p>Por outro lado, os desembargadores n\u00e3o entenderam pela ocorr\u00eancia do fen\u00f4meno jur\u00eddico da \u201clitispend\u00eancia\u201d, que s\u00e3o processos com as mesmas partes e pedidos, j\u00e1 que a outra demanda, tramitada na 12\u00aa Vara Criminal da Comarca de Natal, o qual a defesa alega possuir rela\u00e7\u00e3o f\u00e1tica, temporal e no modo de execu\u00e7\u00e3o com os fatos apurados na presente a\u00e7\u00e3o, decorre da reten\u00e7\u00e3o de outros 58 frascos de subst\u00e2ncias anabolizantes nos Correios nos dias 8 e 12 de mar\u00e7o de 2019, endere\u00e7adas a v\u00e1rios estados da Federa\u00e7\u00e3o.<\/p>\n\n\n\n<p>\u201cV\u00ea-se, dessa forma, que subsiste uma diferen\u00e7a substancial nas datas, mais de dois meses, em que os crimes de tr\u00e1fico de drogas foram cometidos, o que j\u00e1 obsta a alega\u00e7\u00e3o de se tratarem de mesmos fatos\u201d, destaca a relatoria, ao citar a senten\u00e7a.<\/p>\n","protected":false},"excerpt":{"rendered":"<p>A C\u00e2mara Criminal do TJRN definiu as penas a serem aplicadas a dois homens, denunciados pela suposta pr\u00e1tica de comercializa\u00e7\u00e3o de anabolizantes, dentre eles frascos de boldenona, trembolona, frascos de masteron, stanozolol e de enantato de testosterona. A defesa, contudo, pediu e o \u00f3rg\u00e3o julgador determinou que o fato fosse desclassificado para o delito de<br \/><a class=\"more-link\" href=\"https:\/\/justicapotiguar.com.br\/index.php\/2023\/09\/19\/tj-condena-acusados-de-vender-anabolizantes\/\">Mais&#8230;<\/a><\/p>\n","protected":false},"author":5,"featured_media":0,"comment_status":"open","ping_status":"open","sticky":false,"template":"","format":"standard","meta":[],"categories":[1],"tags":[],"_links":{"self":[{"href":"https:\/\/justicapotiguar.com.br\/index.php\/wp-json\/wp\/v2\/posts\/33835"}],"collection":[{"href":"https:\/\/justicapotiguar.com.br\/index.php\/wp-json\/wp\/v2\/posts"}],"about":[{"href":"https:\/\/justicapotiguar.com.br\/index.php\/wp-json\/wp\/v2\/types\/post"}],"author":[{"embeddable":true,"href":"https:\/\/justicapotiguar.com.br\/index.php\/wp-json\/wp\/v2\/users\/5"}],"replies":[{"embeddable":true,"href":"https:\/\/justicapotiguar.com.br\/index.php\/wp-json\/wp\/v2\/comments?post=33835"}],"version-history":[{"count":1,"href":"https:\/\/justicapotiguar.com.br\/index.php\/wp-json\/wp\/v2\/posts\/33835\/revisions"}],"predecessor-version":[{"id":33836,"href":"https:\/\/justicapotiguar.com.br\/index.php\/wp-json\/wp\/v2\/posts\/33835\/revisions\/33836"}],"wp:attachment":[{"href":"https:\/\/justicapotiguar.com.br\/index.php\/wp-json\/wp\/v2\/media?parent=33835"}],"wp:term":[{"taxonomy":"category","embeddable":true,"href":"https:\/\/justicapotiguar.com.br\/index.php\/wp-json\/wp\/v2\/categories?post=33835"},{"taxonomy":"post_tag","embeddable":true,"href":"https:\/\/justicapotiguar.com.br\/index.php\/wp-json\/wp\/v2\/tags?post=33835"}],"curies":[{"name":"wp","href":"https:\/\/api.w.org\/{rel}","templated":true}]}}