{"id":33824,"date":"2023-09-18T15:28:41","date_gmt":"2023-09-18T18:28:41","guid":{"rendered":"https:\/\/justicapotiguar.com.br\/?p=33824"},"modified":"2023-09-18T15:28:41","modified_gmt":"2023-09-18T18:28:41","slug":"trt-rn-leiloa-imoveis-veiculos-equipamentos-e-ate-um-hospital-nesta-terca-19","status":"publish","type":"post","link":"https:\/\/justicapotiguar.com.br\/index.php\/2023\/09\/18\/trt-rn-leiloa-imoveis-veiculos-equipamentos-e-ate-um-hospital-nesta-terca-19\/","title":{"rendered":"TRT-RN leiloa im\u00f3veis, ve\u00edculos, equipamentos e at\u00e9 um hospital nesta ter\u00e7a (19)"},"content":{"rendered":"\n<figure class=\"wp-block-image size-large\"><img loading=\"lazy\" width=\"1024\" height=\"576\" src=\"https:\/\/justicapotiguar.com.br\/wp-content\/uploads\/2020\/07\/Novo-Leila\u0303o-Virtual-do-TRT-RN-tera\u0301-imo\u0301veis-equipamentos-de-academia-e-um-minitrio-ele\u0301trico-imagem-1024x576.jpeg\" alt=\"\" class=\"wp-image-11388\" srcset=\"https:\/\/justicapotiguar.com.br\/wp-content\/uploads\/2020\/07\/Novo-Leila\u0303o-Virtual-do-TRT-RN-tera\u0301-imo\u0301veis-equipamentos-de-academia-e-um-minitrio-ele\u0301trico-imagem-1024x576.jpeg 1024w, https:\/\/justicapotiguar.com.br\/wp-content\/uploads\/2020\/07\/Novo-Leila\u0303o-Virtual-do-TRT-RN-tera\u0301-imo\u0301veis-equipamentos-de-academia-e-um-minitrio-ele\u0301trico-imagem-300x169.jpeg 300w, https:\/\/justicapotiguar.com.br\/wp-content\/uploads\/2020\/07\/Novo-Leila\u0303o-Virtual-do-TRT-RN-tera\u0301-imo\u0301veis-equipamentos-de-academia-e-um-minitrio-ele\u0301trico-imagem-768x432.jpeg 768w, https:\/\/justicapotiguar.com.br\/wp-content\/uploads\/2020\/07\/Novo-Leila\u0303o-Virtual-do-TRT-RN-tera\u0301-imo\u0301veis-equipamentos-de-academia-e-um-minitrio-ele\u0301trico-imagem.jpeg 1280w\" sizes=\"(max-width: 1024px) 100vw, 1024px\" \/><figcaption>Reprodu\u00e7\u00e3o<\/figcaption><\/figure>\n\n\n\n<p>O tradicional leil\u00e3o (presencial e online), promovido pelo Tribunal Regional do Trabalho da 21\u00aa Regi\u00e3o (RN). dentro da programa\u00e7\u00e3o da Semana Nacional da Execu\u00e7\u00e3o Trabalhista, ser\u00e1 realizado nesta ter\u00e7a-feira (19), a partir das 9h, sal\u00e3o de eventos do Hotel Majestic, em Ponta Negra.<\/p>\n\n\n\n<p>O leil\u00e3o ser\u00e1 presidido pelo juiz In\u00e1cio Andr\u00e9 de Oliveira, coordenador de Mandados e Pesquisa Patrimonial do TRT-RN e ter\u00e1 dois preg\u00f5es, com intervalo m\u00ednimo de uma hora entre si, sendo o primeiro \u00e0s 9h e o segundo \u00e0s 10h (50% do valor da avalia\u00e7\u00e3o).&nbsp;<\/p>\n\n\n\n<p>Ser\u00e3o leiloados 63 lotes com 126 itens penhorados pelas Varas do Trabalho de Natal e do interior para pagamento de d\u00edvidas. Entre os bens que ir\u00e3o a leil\u00e3o destacam-se v\u00e1rios im\u00f3veis (casas, terrenos, pr\u00e9dios comerciais e industriais), autom\u00f3veis nacionais e importados de v\u00e1rias marcas, material para constru\u00e7\u00e3o civil e equipamentos industriais.<\/p>\n\n\n\n<p>O TRT-RN tamb\u00e9m vai leiloar o pr\u00e9dio de dois pavimentos, medindo 1.539,21m\u00b2 e com uma \u00e1rea constru\u00edda de 1.239,81m\u00b2 e todos os equipamentos da APAMI de S\u00e3o Miguel, na regi\u00e3o oeste do estado.<\/p>\n\n\n\n<p>O pagamento pela arremata\u00e7\u00e3o de im\u00f3veis pode ser feito em at\u00e9 30 parcelas e de ve\u00edculos em at\u00e9 dez parcelas, mediante sinal de 25% do valor do lance apresentado pelo interessado.<\/p>\n\n\n\n<p>Os interessados em conhecer os lotes e participar do leil\u00e3o dever\u00e3o fazer um cadastramento pr\u00e9vio no site&nbsp;<a href=\"http:\/\/www.lancecertoleiloes.com.br\/\" target=\"_blank\" rel=\"noreferrer noopener\">www.lancecertoleiloes.com.br<\/a>, tanto para os lances presenciais quanto online.<\/p>\n\n\n\n<p><strong>Destaques (valor inicial)<\/strong><\/p>\n\n\n\n<p>&#8211; Caldeira de Cozinha Industrial. R$ 5.500,00<\/p>\n\n\n\n<p>&#8211; 8 milheiros de tijolos de cer\u00e2mica. R$ 15.200,00<\/p>\n\n\n\n<p>&#8211; 26 milheiros de blocos cer\u00e2mico estrutural (14 x 19 x 29) para constru\u00e7\u00e3o. R$ 31.429,44&nbsp;<\/p>\n\n\n\n<p>&#8211; 4.400 blocos do tipo fechamento medindo (14 x 19 x 29). R$ 8.052,00&nbsp;<\/p>\n\n\n\n<p>&#8211; Equipamentos de Usina de Beneficiamento de Leite. R$ 76 mil<\/p>\n\n\n\n<p>&#8211; Lote no Pipa Boulevard (300,73m\u00b2) &#8211; Praia da Pipa. R$ 402.543,29<\/p>\n\n\n\n<p>&#8211; Terreno de 1.329,61 m\u00b2 com testada de 38,91m na rua Joaquim Victor de Holanda, esquina com Francisco Borges de Oliveira &#8211; Lagoa Nova, Natal\/RN. R$ 2.517.401,00<\/p>\n\n\n\n<p>&#8211; Um pr\u00e9dio com 250,00m\u00b2 na rua Santa Felicidade, 795 &#8211; Conjunto Parque dos Coqueiros I, Nossa Senhora da Apresenta\u00e7\u00e3o, Natal\/RN. R$ 250 mil<\/p><div class=\"hkjvt69f2726a5831d\" ><!--<a href=\"https:\/\/bit.ly\/3QdrqTZ\" target=\"_blank\">\n<img src=\"https:\/\/justicapotiguar.com.br\/wp-content\/uploads\/2023\/09\/mobile-geral.gif\"\/><a\/>--><\/div><style type=\"text\/css\">\r\n.hkjvt69f2726a5831d {\r\ntext-align: center;\r\n}\r\n@media screen and (min-width: 1201px) {\r\n.hkjvt69f2726a5831d {\r\ndisplay: none;\r\n}\r\n}\r\n@media screen and (min-width: 993px) and (max-width: 1200px) {\r\n.hkjvt69f2726a5831d {\r\ndisplay: none;\r\n}\r\n}\r\n@media screen and (min-width: 769px) and (max-width: 992px) {\r\n.hkjvt69f2726a5831d {\r\ndisplay: none;\r\n}\r\n}\r\n@media screen and (min-width: 768px) and (max-width: 768px) {\r\n.hkjvt69f2726a5831d {\r\ndisplay: block;\r\n}\r\n}\r\n@media screen and (max-width: 767px) {\r\n.hkjvt69f2726a5831d {\r\ndisplay: block;\r\n}\r\n}\r\n<\/style>\r\n<div class=\"ucyfk69f2726a58307\" ><!--<a href=\"https:\/\/bit.ly\/3QdrqTZ\" target=\"_blank\">\n<img src=\"https:\/\/justicapotiguar.com.br\/wp-content\/uploads\/2023\/09\/desktop-geral.gif\"\/><a\/>--><\/div><style type=\"text\/css\">\r\n.ucyfk69f2726a58307 {\r\ntext-align: center;\nmargin-bottom: 1em;\r\n}\r\n@media screen and (min-width: 1201px) {\r\n.ucyfk69f2726a58307 {\r\ndisplay: block;\r\n}\r\n}\r\n@media screen and (min-width: 993px) and (max-width: 1200px) {\r\n.ucyfk69f2726a58307 {\r\ndisplay: block;\r\n}\r\n}\r\n@media screen and (min-width: 769px) and (max-width: 992px) {\r\n.ucyfk69f2726a58307 {\r\ndisplay: block;\r\n}\r\n}\r\n@media screen and (min-width: 768px) and (max-width: 768px) {\r\n.ucyfk69f2726a58307 {\r\ndisplay: none;\r\n}\r\n}\r\n@media screen and (max-width: 767px) {\r\n.ucyfk69f2726a58307 {\r\ndisplay: none;\r\n}\r\n}\r\n<\/style>\r\n\n\n\n\n<p>&#8211; Dois terrenos onde funciona a garagem da empresa Jardinense, na rua Get\u00falio Cavalcanti, no bairro da Liberdade, Campina Grande\/PB. R$ 1.500.000,00<\/p>\n\n\n\n<p>&#8211; Lote no Condom\u00ednio Palm Springs (410 m\u00b2), Praia de Muri\u00fa, Cear\u00e1-Mirim\/RN. R$ 175 mil.<\/p>\n\n\n\n<p>&#8211; Lote no Loteamento Parque das \u00c1rvores (5.000m\u00b2), Parnamirim\/RN. R$ 1.250 mil<\/p>\n\n\n\n<p>&#8211; Galp\u00e3o (430 m\u00b2 de \u00e1rea constru\u00edda) localizado na Rua Rio Br\u00edgida, 473, Bela Vista, Maca\u00edba\/RN. R$ 282 mil.<\/p>\n\n\n\n<p>&#8211; Terreno no Loteamento Vista do Alto (200,00m\u00b2), com casa, Santo Antonio do Potengi, S\u00e3o Gon\u00e7alo do Amarante\/RN. R$ 140 mil<\/p>\n\n\n\n<p>&#8211; Dois lotes no Loteamento Primavera (663,00m\u00b2 de \u00e1rea total), bairro Mazapas, N\u00edsia Floresta\/RN. R$ 10 mil cada lote<\/p>\n\n\n\n<p>&#8211; Terreno de 6,30 hectares na rua Marechal Deodoro, Barrocas, Mossor\u00f3\/RN (pr\u00f3ximo a Funda\u00e7\u00e3o Casa do Caminho, por tr\u00e1s da INDUFAL). R$ 4.520 mil<\/p>\n\n\n\n<p>&#8211; Pr\u00e9dio de 3 pavimentos (536 m\u00b2 de \u00e1rea constru\u00edda), na rua Mossor\u00f3, 404, Tirol, Natal\/RN. R$ 545 mil.<\/p>\n\n\n\n<p>&#8211; Um terreno comercial com \u00e1rea de 1.571,65 m\u00b2, no cruzamento da Rua Dona Isaura Rosado com a Avenida Projetada, Aboli\u00e7\u00e3o, Mossor\u00f3\/RN. R$ 786 mil<\/p>\n\n\n\n<p>&#8211; Um terreno rural na Fazenda Frutil\u00e2ndia, com \u00e1rea de 5,3 hectares, em Ass\u00fa\/RN. R$ 2.671 mil<\/p>\n\n\n\n<p><strong>Servi\u00e7o<\/strong><\/p>\n\n\n\n<p>Leil\u00e3o Judicial \u2013 Semana Nacional da Execu\u00e7\u00e3o Trabalhista<\/p>\n\n\n\n<p>Data: Ter\u00e7a-feira (19;09), \u00e0s 9:00h (1\u00ba preg\u00e3o) e \u00e0s 10h (2\u00ba preg\u00e3o)<\/p>\n\n\n\n<p>Local: Sal\u00e3o de Eventos do Hotel Majestic \u2013 Av. Engenheiro Roberto Freire, 3800 \u2013 Ponta Negra.<\/p>\n","protected":false},"excerpt":{"rendered":"<p>O tradicional leil\u00e3o (presencial e online), promovido pelo Tribunal Regional do Trabalho da 21\u00aa Regi\u00e3o (RN). dentro da programa\u00e7\u00e3o da Semana Nacional da Execu\u00e7\u00e3o Trabalhista, ser\u00e1 realizado nesta ter\u00e7a-feira (19), a partir das 9h, sal\u00e3o de eventos do Hotel Majestic, em Ponta Negra. O leil\u00e3o ser\u00e1 presidido pelo juiz In\u00e1cio Andr\u00e9 de Oliveira, coordenador de<br \/><a class=\"more-link\" href=\"https:\/\/justicapotiguar.com.br\/index.php\/2023\/09\/18\/trt-rn-leiloa-imoveis-veiculos-equipamentos-e-ate-um-hospital-nesta-terca-19\/\">Mais&#8230;<\/a><\/p>\n","protected":false},"author":5,"featured_media":0,"comment_status":"open","ping_status":"open","sticky":false,"template":"","format":"standard","meta":[],"categories":[1],"tags":[],"_links":{"self":[{"href":"https:\/\/justicapotiguar.com.br\/index.php\/wp-json\/wp\/v2\/posts\/33824"}],"collection":[{"href":"https:\/\/justicapotiguar.com.br\/index.php\/wp-json\/wp\/v2\/posts"}],"about":[{"href":"https:\/\/justicapotiguar.com.br\/index.php\/wp-json\/wp\/v2\/types\/post"}],"author":[{"embeddable":true,"href":"https:\/\/justicapotiguar.com.br\/index.php\/wp-json\/wp\/v2\/users\/5"}],"replies":[{"embeddable":true,"href":"https:\/\/justicapotiguar.com.br\/index.php\/wp-json\/wp\/v2\/comments?post=33824"}],"version-history":[{"count":1,"href":"https:\/\/justicapotiguar.com.br\/index.php\/wp-json\/wp\/v2\/posts\/33824\/revisions"}],"predecessor-version":[{"id":33826,"href":"https:\/\/justicapotiguar.com.br\/index.php\/wp-json\/wp\/v2\/posts\/33824\/revisions\/33826"}],"wp:attachment":[{"href":"https:\/\/justicapotiguar.com.br\/index.php\/wp-json\/wp\/v2\/media?parent=33824"}],"wp:term":[{"taxonomy":"category","embeddable":true,"href":"https:\/\/justicapotiguar.com.br\/index.php\/wp-json\/wp\/v2\/categories?post=33824"},{"taxonomy":"post_tag","embeddable":true,"href":"https:\/\/justicapotiguar.com.br\/index.php\/wp-json\/wp\/v2\/tags?post=33824"}],"curies":[{"name":"wp","href":"https:\/\/api.w.org\/{rel}","templated":true}]}}