{"id":33699,"date":"2023-09-09T12:16:49","date_gmt":"2023-09-09T15:16:49","guid":{"rendered":"https:\/\/justicapotiguar.com.br\/?p=33699"},"modified":"2023-09-09T12:16:49","modified_gmt":"2023-09-09T15:16:49","slug":"stf-homologa-delacao-premiada-e-concede-liberdade-provisoria-a-mauro-cid","status":"publish","type":"post","link":"https:\/\/justicapotiguar.com.br\/index.php\/2023\/09\/09\/stf-homologa-delacao-premiada-e-concede-liberdade-provisoria-a-mauro-cid\/","title":{"rendered":"STF homologa dela\u00e7\u00e3o premiada e concede liberdade provis\u00f3ria a Mauro Cid"},"content":{"rendered":"\n<p>O ministro Alexandre de Moraes, do Supremo Tribunal Federal (STF),&nbsp;homologou neste s\u00e1bado (9) o acordo de dela\u00e7\u00e3o premiada do tenente-coronel Mauro Cid&nbsp;com a Pol\u00edcia Federal (PF). Ele tamb\u00e9m&nbsp;autorizou a liberdade provis\u00f3ria do ex-ajudante de ordens do ex-presidente Jair Bolsonaro, que estava preso desde maio.<\/p>\n\n\n\n<p>Na \u00faltima quarta-feira (6),&nbsp;Cid esteve no STF e foi recebido pelo juiz auxiliar Marco Ant\u00f4nio Vargas, que trabalha no gabinete do ministro Alexandre de Moraes, para confirmar formalmente a inten\u00e7\u00e3o da dela\u00e7\u00e3o.<\/p>\n\n\n\n<p>A&nbsp;lei que trata da colabora\u00e7\u00e3o premiada permite que a PF negocie acordos diretamente com o investigado, sem a necessidade de anu\u00eancia do Minist\u00e9rio P\u00fablico. Em 2018, o Supremo validou a possibilidade de a PF firmar as tratativas.<\/p>\n\n\n\n<figure class=\"wp-block-image size-large\"><img loading=\"lazy\" width=\"420\" height=\"240\" src=\"https:\/\/justicapotiguar.com.br\/wp-content\/uploads\/2023\/09\/BR_CNN_110723_LIVE_CLEAN_frame_194443.jpeg\" alt=\"\" class=\"wp-image-33676\" srcset=\"https:\/\/justicapotiguar.com.br\/wp-content\/uploads\/2023\/09\/BR_CNN_110723_LIVE_CLEAN_frame_194443.jpeg 420w, https:\/\/justicapotiguar.com.br\/wp-content\/uploads\/2023\/09\/BR_CNN_110723_LIVE_CLEAN_frame_194443-300x171.jpeg 300w\" sizes=\"(max-width: 420px) 100vw, 420px\" \/><figcaption>Reprodu\u00e7\u00e3o<\/figcaption><\/figure>\n\n\n\n<p>Bra\u00e7o-direito do ex-presidente Bolsonaro, nos quatro anos em que esteve no Pal\u00e1cio do Planalto, o tenente-coronel prestou depoimento por mais de dez horas \u00e0 PF, no dia 28 de agosto.<\/p>\n\n\n\n<p>Al\u00e9m da&nbsp;venda ilegal de joias recebidas&nbsp;por comitivas presidenciais, ele \u00e9 investigado ainda por envolvimento na&nbsp;suposta tentativa de invas\u00e3o ao sistema eletr\u00f4nico do Conselho Nacional de Justi\u00e7a (CNJ)&nbsp;e por&nbsp;falsifica\u00e7\u00e3o dos cart\u00f5es de vacina\u00e7\u00e3o&nbsp;da fam\u00edlia Bolsonaro.<\/p><div class=\"ukgcg69f3ca2e86f35\" ><!--<a href=\"https:\/\/bit.ly\/3QdrqTZ\" target=\"_blank\">\n<img src=\"https:\/\/justicapotiguar.com.br\/wp-content\/uploads\/2023\/09\/mobile-geral.gif\"\/><a\/>--><\/div><style type=\"text\/css\">\r\n.ukgcg69f3ca2e86f35 {\r\ntext-align: center;\r\n}\r\n@media screen and (min-width: 1201px) {\r\n.ukgcg69f3ca2e86f35 {\r\ndisplay: none;\r\n}\r\n}\r\n@media screen and (min-width: 993px) and (max-width: 1200px) {\r\n.ukgcg69f3ca2e86f35 {\r\ndisplay: none;\r\n}\r\n}\r\n@media screen and (min-width: 769px) and (max-width: 992px) {\r\n.ukgcg69f3ca2e86f35 {\r\ndisplay: none;\r\n}\r\n}\r\n@media screen and (min-width: 768px) and (max-width: 768px) {\r\n.ukgcg69f3ca2e86f35 {\r\ndisplay: block;\r\n}\r\n}\r\n@media screen and (max-width: 767px) {\r\n.ukgcg69f3ca2e86f35 {\r\ndisplay: block;\r\n}\r\n}\r\n<\/style>\r\n<div class=\"kzktt69f3ca2e86f14\" ><!--<a href=\"https:\/\/bit.ly\/3QdrqTZ\" target=\"_blank\">\n<img src=\"https:\/\/justicapotiguar.com.br\/wp-content\/uploads\/2023\/09\/desktop-geral.gif\"\/><a\/>--><\/div><style type=\"text\/css\">\r\n.kzktt69f3ca2e86f14 {\r\ntext-align: center;\nmargin-bottom: 1em;\r\n}\r\n@media screen and (min-width: 1201px) {\r\n.kzktt69f3ca2e86f14 {\r\ndisplay: block;\r\n}\r\n}\r\n@media screen and (min-width: 993px) and (max-width: 1200px) {\r\n.kzktt69f3ca2e86f14 {\r\ndisplay: block;\r\n}\r\n}\r\n@media screen and (min-width: 769px) and (max-width: 992px) {\r\n.kzktt69f3ca2e86f14 {\r\ndisplay: block;\r\n}\r\n}\r\n@media screen and (min-width: 768px) and (max-width: 768px) {\r\n.kzktt69f3ca2e86f14 {\r\ndisplay: none;\r\n}\r\n}\r\n@media screen and (max-width: 767px) {\r\n.kzktt69f3ca2e86f14 {\r\ndisplay: none;\r\n}\r\n}\r\n<\/style>\r\n\n\n\n\n<p>Essa \u00faltima acusa\u00e7\u00e3o motivou, em maio, a pris\u00e3o preventiva do oficial do Ex\u00e9rcito.<\/p>\n\n\n\n<p>Nos \u00faltimos dias do governo passado, Cid tentou resgatar um kit de joias que o casal Michelle e Jair Bolsonaro havia recebido da Ar\u00e1bia Saudita.<\/p>\n\n\n\n<p>As joias ficaram retidas pela Receita Federal no aeroporto de Guarulhos (SP).<\/p>\n\n\n\n<p>J\u00e1 em 2023, o ex-ajudante de ordens participou do esquema para vender objetos de valor que Bolsonaro havia ganhado como presente na condi\u00e7\u00e3o de chefe de Estado.<\/p>\n\n\n\n<p><a href=\"https:\/\/www.cnnbrasil.com.br\/politica\/stf-homologa-delacao-premiada-e-concede-liberdade-provisoria-a-mauro-cid\/\"><strong>CNN Brasil, por Thais Arbex<\/strong><\/a><\/p>\n","protected":false},"excerpt":{"rendered":"<p>O ministro Alexandre de Moraes, do Supremo Tribunal Federal (STF),&nbsp;homologou neste s\u00e1bado (9) o acordo de dela\u00e7\u00e3o premiada do tenente-coronel Mauro Cid&nbsp;com a Pol\u00edcia Federal (PF). Ele tamb\u00e9m&nbsp;autorizou a liberdade provis\u00f3ria do ex-ajudante de ordens do ex-presidente Jair Bolsonaro, que estava preso desde maio. Na \u00faltima quarta-feira (6),&nbsp;Cid esteve no STF e foi recebido pelo<br \/><a class=\"more-link\" href=\"https:\/\/justicapotiguar.com.br\/index.php\/2023\/09\/09\/stf-homologa-delacao-premiada-e-concede-liberdade-provisoria-a-mauro-cid\/\">Mais&#8230;<\/a><\/p>\n","protected":false},"author":5,"featured_media":0,"comment_status":"open","ping_status":"open","sticky":false,"template":"","format":"standard","meta":[],"categories":[1],"tags":[],"_links":{"self":[{"href":"https:\/\/justicapotiguar.com.br\/index.php\/wp-json\/wp\/v2\/posts\/33699"}],"collection":[{"href":"https:\/\/justicapotiguar.com.br\/index.php\/wp-json\/wp\/v2\/posts"}],"about":[{"href":"https:\/\/justicapotiguar.com.br\/index.php\/wp-json\/wp\/v2\/types\/post"}],"author":[{"embeddable":true,"href":"https:\/\/justicapotiguar.com.br\/index.php\/wp-json\/wp\/v2\/users\/5"}],"replies":[{"embeddable":true,"href":"https:\/\/justicapotiguar.com.br\/index.php\/wp-json\/wp\/v2\/comments?post=33699"}],"version-history":[{"count":1,"href":"https:\/\/justicapotiguar.com.br\/index.php\/wp-json\/wp\/v2\/posts\/33699\/revisions"}],"predecessor-version":[{"id":33700,"href":"https:\/\/justicapotiguar.com.br\/index.php\/wp-json\/wp\/v2\/posts\/33699\/revisions\/33700"}],"wp:attachment":[{"href":"https:\/\/justicapotiguar.com.br\/index.php\/wp-json\/wp\/v2\/media?parent=33699"}],"wp:term":[{"taxonomy":"category","embeddable":true,"href":"https:\/\/justicapotiguar.com.br\/index.php\/wp-json\/wp\/v2\/categories?post=33699"},{"taxonomy":"post_tag","embeddable":true,"href":"https:\/\/justicapotiguar.com.br\/index.php\/wp-json\/wp\/v2\/tags?post=33699"}],"curies":[{"name":"wp","href":"https:\/\/api.w.org\/{rel}","templated":true}]}}