{"id":33692,"date":"2023-09-08T17:01:20","date_gmt":"2023-09-08T20:01:20","guid":{"rendered":"https:\/\/justicapotiguar.com.br\/?p=33692"},"modified":"2023-09-08T17:01:20","modified_gmt":"2023-09-08T20:01:20","slug":"divida-de-falecido-pode-ser-cobrada-de-administrador-provisorio","status":"publish","type":"post","link":"https:\/\/justicapotiguar.com.br\/index.php\/2023\/09\/08\/divida-de-falecido-pode-ser-cobrada-de-administrador-provisorio\/","title":{"rendered":"D\u00edvida de falecido pode ser cobrada de administrador provis\u00f3rio"},"content":{"rendered":"\n<figure class=\"wp-block-image size-large\"><img loading=\"lazy\" width=\"680\" height=\"366\" src=\"https:\/\/justicapotiguar.com.br\/wp-content\/uploads\/2020\/03\/27D11F77FEB0DBADECD467F31992A6DD9727_dinheiro.jpg\" alt=\"\" class=\"wp-image-8146\" srcset=\"https:\/\/justicapotiguar.com.br\/wp-content\/uploads\/2020\/03\/27D11F77FEB0DBADECD467F31992A6DD9727_dinheiro.jpg 680w, https:\/\/justicapotiguar.com.br\/wp-content\/uploads\/2020\/03\/27D11F77FEB0DBADECD467F31992A6DD9727_dinheiro-300x161.jpg 300w\" sizes=\"(max-width: 680px) 100vw, 680px\" \/><figcaption>Reprodu\u00e7\u00e3o<\/figcaption><\/figure>\n\n\n\n<p><strong>A<\/strong><strong>&nbsp;3\u00aa C\u00e2mara C\u00edvel do TJRN reform<\/strong><strong>ou<\/strong><strong>&nbsp;senten\u00e7a inicial, que havia julgado como extinta a execu\u00e7\u00e3o fiscal proposta com fundamento no artigo 485, inciso IV, do C\u00f3digo de Processo Civil\/2015, por falta de pressuposto v\u00e1lido e regular do processo, que recai, na demanda apreciada, sobre o falecimento do ent\u00e3o devedor.<\/strong><\/p>\n\n\n\n<p><strong>O&nbsp;<\/strong><strong>M<\/strong><strong>unic\u00edpio de Natal, contudo, alegou que apresentou a qualifica\u00e7\u00e3o do administrador provis\u00f3rio do esp\u00f3lio, cumprindo a determina\u00e7\u00e3o judicial e no que concerne \u00e0 legitimidade da pessoa indicada, para fins de substitui\u00e7\u00e3o processual decorrente de morte de uma das partes, j\u00e1 que ainda inexistente a figura do inventariante (artigo 110 do CPC).<\/strong><\/p>\n\n\n\n<p><strong>\u201cCom efeito, n\u00e3o havendo nomea\u00e7\u00e3o do inventariante e prestado compromisso, a representa\u00e7\u00e3o ativa e passiva do esp\u00f3lio caber\u00e1 ao administrador provis\u00f3rio, a teor dos artigos 613 e 614 do CPC\u201d, explica o relator, desembargador Amaury Moura Sobrinho.<\/strong><\/p><div class=\"tnalz69f4a9c7097c0\" ><!--<a href=\"https:\/\/bit.ly\/3QdrqTZ\" target=\"_blank\">\n<img src=\"https:\/\/justicapotiguar.com.br\/wp-content\/uploads\/2023\/09\/mobile-geral.gif\"\/><a\/>--><\/div><style type=\"text\/css\">\r\n.tnalz69f4a9c7097c0 {\r\ntext-align: center;\r\n}\r\n@media screen and (min-width: 1201px) {\r\n.tnalz69f4a9c7097c0 {\r\ndisplay: none;\r\n}\r\n}\r\n@media screen and (min-width: 993px) and (max-width: 1200px) {\r\n.tnalz69f4a9c7097c0 {\r\ndisplay: none;\r\n}\r\n}\r\n@media screen and (min-width: 769px) and (max-width: 992px) {\r\n.tnalz69f4a9c7097c0 {\r\ndisplay: none;\r\n}\r\n}\r\n@media screen and (min-width: 768px) and (max-width: 768px) {\r\n.tnalz69f4a9c7097c0 {\r\ndisplay: block;\r\n}\r\n}\r\n@media screen and (max-width: 767px) {\r\n.tnalz69f4a9c7097c0 {\r\ndisplay: block;\r\n}\r\n}\r\n<\/style>\r\n<div class=\"ejjai69f4a9c7097a0\" ><!--<a href=\"https:\/\/bit.ly\/3QdrqTZ\" target=\"_blank\">\n<img src=\"https:\/\/justicapotiguar.com.br\/wp-content\/uploads\/2023\/09\/desktop-geral.gif\"\/><a\/>--><\/div><style type=\"text\/css\">\r\n.ejjai69f4a9c7097a0 {\r\ntext-align: center;\nmargin-bottom: 1em;\r\n}\r\n@media screen and (min-width: 1201px) {\r\n.ejjai69f4a9c7097a0 {\r\ndisplay: block;\r\n}\r\n}\r\n@media screen and (min-width: 993px) and (max-width: 1200px) {\r\n.ejjai69f4a9c7097a0 {\r\ndisplay: block;\r\n}\r\n}\r\n@media screen and (min-width: 769px) and (max-width: 992px) {\r\n.ejjai69f4a9c7097a0 {\r\ndisplay: block;\r\n}\r\n}\r\n@media screen and (min-width: 768px) and (max-width: 768px) {\r\n.ejjai69f4a9c7097a0 {\r\ndisplay: none;\r\n}\r\n}\r\n@media screen and (max-width: 767px) {\r\n.ejjai69f4a9c7097a0 {\r\ndisplay: none;\r\n}\r\n}\r\n<\/style>\r\n\n\n\n\n<p><strong>A decis\u00e3o tamb\u00e9m destacou que a jurisprud\u00eancia do Superior Tribunal de Justi\u00e7a entende que, acerca da capacidade para estar em ju\u00edzo, de acordo com o artigo 12, inciso V, do CPC, o esp\u00f3lio \u00e9 representado, ativa e passivamente, pelo inventariante. No entanto, at\u00e9 que o inventariante preste o devido compromisso, tal representa\u00e7\u00e3o&nbsp;<\/strong><strong>ser\u00e1 feita<\/strong><strong>&nbsp;pelo administrador provis\u00f3rio.<\/strong><\/p>\n\n\n\n<p><strong>\u201cO esp\u00f3lio tem legitimidade para figurar no polo passivo de a\u00e7\u00e3o de execu\u00e7\u00e3o, que poderia ser ajuizada em face do autor da heran\u00e7a, acaso estivesse vivo, e ser\u00e1 representado pelo administrador provis\u00f3rio da heran\u00e7a, na hip\u00f3tese de n\u00e3o haver inventariante compromissado&#8221;, refor\u00e7a o relator, ao ressaltar que a administra\u00e7\u00e3o provis\u00f3ria cabe ao herdeiro que estiver na posse do bem, nos termos do artigo 1.797 do C\u00f3digo Civil.<\/strong><\/p>\n","protected":false},"excerpt":{"rendered":"<p>A&nbsp;3\u00aa C\u00e2mara C\u00edvel do TJRN reformou&nbsp;senten\u00e7a inicial, que havia julgado como extinta a execu\u00e7\u00e3o fiscal proposta com fundamento no artigo 485, inciso IV, do C\u00f3digo de Processo Civil\/2015, por falta de pressuposto v\u00e1lido e regular do processo, que recai, na demanda apreciada, sobre o falecimento do ent\u00e3o devedor. O&nbsp;Munic\u00edpio de Natal, contudo, alegou que apresentou<br \/><a class=\"more-link\" href=\"https:\/\/justicapotiguar.com.br\/index.php\/2023\/09\/08\/divida-de-falecido-pode-ser-cobrada-de-administrador-provisorio\/\">Mais&#8230;<\/a><\/p>\n","protected":false},"author":5,"featured_media":0,"comment_status":"open","ping_status":"open","sticky":false,"template":"","format":"standard","meta":[],"categories":[1],"tags":[],"_links":{"self":[{"href":"https:\/\/justicapotiguar.com.br\/index.php\/wp-json\/wp\/v2\/posts\/33692"}],"collection":[{"href":"https:\/\/justicapotiguar.com.br\/index.php\/wp-json\/wp\/v2\/posts"}],"about":[{"href":"https:\/\/justicapotiguar.com.br\/index.php\/wp-json\/wp\/v2\/types\/post"}],"author":[{"embeddable":true,"href":"https:\/\/justicapotiguar.com.br\/index.php\/wp-json\/wp\/v2\/users\/5"}],"replies":[{"embeddable":true,"href":"https:\/\/justicapotiguar.com.br\/index.php\/wp-json\/wp\/v2\/comments?post=33692"}],"version-history":[{"count":1,"href":"https:\/\/justicapotiguar.com.br\/index.php\/wp-json\/wp\/v2\/posts\/33692\/revisions"}],"predecessor-version":[{"id":33693,"href":"https:\/\/justicapotiguar.com.br\/index.php\/wp-json\/wp\/v2\/posts\/33692\/revisions\/33693"}],"wp:attachment":[{"href":"https:\/\/justicapotiguar.com.br\/index.php\/wp-json\/wp\/v2\/media?parent=33692"}],"wp:term":[{"taxonomy":"category","embeddable":true,"href":"https:\/\/justicapotiguar.com.br\/index.php\/wp-json\/wp\/v2\/categories?post=33692"},{"taxonomy":"post_tag","embeddable":true,"href":"https:\/\/justicapotiguar.com.br\/index.php\/wp-json\/wp\/v2\/tags?post=33692"}],"curies":[{"name":"wp","href":"https:\/\/api.w.org\/{rel}","templated":true}]}}