{"id":33667,"date":"2023-09-06T16:32:59","date_gmt":"2023-09-06T19:32:59","guid":{"rendered":"https:\/\/justicapotiguar.com.br\/?p=33667"},"modified":"2023-09-06T16:32:59","modified_gmt":"2023-09-06T19:32:59","slug":"empresa-de-cosmeticos-e-isenta-de-culpa-apos-uso-de-produto-por-cliente","status":"publish","type":"post","link":"https:\/\/justicapotiguar.com.br\/index.php\/2023\/09\/06\/empresa-de-cosmeticos-e-isenta-de-culpa-apos-uso-de-produto-por-cliente\/","title":{"rendered":"Empresa de cosm\u00e9ticos \u00e9 isenta de culpa ap\u00f3s uso de produto por cliente"},"content":{"rendered":"\n<figure class=\"wp-block-image size-large\"><img loading=\"lazy\" width=\"626\" height=\"417\" src=\"https:\/\/justicapotiguar.com.br\/wp-content\/uploads\/2020\/02\/balanca-da-justica-e-martelo-na-mesa-de-madeira-e-acordo-na-sala-de-audiencias_28283-789.jpg\" alt=\"\" class=\"wp-image-6004\" srcset=\"https:\/\/justicapotiguar.com.br\/wp-content\/uploads\/2020\/02\/balanca-da-justica-e-martelo-na-mesa-de-madeira-e-acordo-na-sala-de-audiencias_28283-789.jpg 626w, https:\/\/justicapotiguar.com.br\/wp-content\/uploads\/2020\/02\/balanca-da-justica-e-martelo-na-mesa-de-madeira-e-acordo-na-sala-de-audiencias_28283-789-300x200.jpg 300w\" sizes=\"(max-width: 626px) 100vw, 626px\" \/><figcaption>Reprodu\u00e7\u00e3o<\/figcaption><\/figure>\n\n\n\n<p>Os desembargadores da 2\u00aa Turma da 3\u00aa C\u00e2mara C\u00edvel do TJRN mantiveram a senten\u00e7a inicial da 13\u00aa Vara C\u00edvel da Comarca de Natal, que, nos autos de uma A\u00e7\u00e3o de Indeniza\u00e7\u00e3o por Danos Morais e Materiais proposta contra a \u2018Johnson &amp; Johnson Industrial Ltda\u2019, julgou improcedente o pedido inicial, que visava a repara\u00e7\u00e3o dos danos, decorrente do uso de produtos de higiene, que causou irrita\u00e7\u00e3o nos olhos do filho. Conforme a decis\u00e3o em segunda inst\u00e2ncia, para que se configure o direito \u00e0 repara\u00e7\u00e3o civil, \u00e9 necess\u00e1ria, ainda que se trate de hip\u00f3tese de responsabilidade objetiva do fornecedor, a exist\u00eancia de rela\u00e7\u00e3o de causalidade entre os danos sugeridos e uma conduta por parte da r\u00e9.<\/p>\n\n\n\n<p>\u201cEm an\u00e1lise do acervo probat\u00f3rio, observa-se que o nexo causal entre a conduta e o dano n\u00e3o restou suficientemente demonstrado, a fim de configurar a responsabilidade civil da empresa e, embora as alega\u00e7\u00f5es do apelante, n\u00e3o h\u00e1 provas t\u00e9cnicas ou ind\u00edcios m\u00ednimos para auferir que a rea\u00e7\u00e3o al\u00e9rgica sofrida decorreu, t\u00e3o somente, do uso dos produtos de higiene\u201d, esclarece o relator Jo\u00e3o Rebou\u00e7as.<\/p>\n\n\n\n<p>Em suas raz\u00f5es, alega a autora da a\u00e7\u00e3o que, no dia 11 de novembro de 2015, o autor, por meio de sua genitora, adquiriu os produtos da linha \u201cChega de L\u00e1grimas\u201d (sabonete l\u00edquido, shampoo e condicionador), fabricados pela empresa demandada, oportunidade em que passou a utiliz\u00e1-los diariamente durante o banho e que, ap\u00f3s algum tempo de uso, come\u00e7ou a apresentar irrita\u00e7\u00e3o (olhos vermelhos), bem como passou a produzir secre\u00e7\u00e3o amarelada, provocando desconforto ao ponto de a crian\u00e7a, ao perceber que sua genitora utilizaria os produtos da r\u00e9, come\u00e7ava a gritar e chorar.<\/p><div class=\"tzxqh69f3d95e0c13b\" ><!--<a href=\"https:\/\/bit.ly\/3QdrqTZ\" target=\"_blank\">\n<img src=\"https:\/\/justicapotiguar.com.br\/wp-content\/uploads\/2023\/09\/mobile-geral.gif\"\/><a\/>--><\/div><style type=\"text\/css\">\r\n.tzxqh69f3d95e0c13b {\r\ntext-align: center;\r\n}\r\n@media screen and (min-width: 1201px) {\r\n.tzxqh69f3d95e0c13b {\r\ndisplay: none;\r\n}\r\n}\r\n@media screen and (min-width: 993px) and (max-width: 1200px) {\r\n.tzxqh69f3d95e0c13b {\r\ndisplay: none;\r\n}\r\n}\r\n@media screen and (min-width: 769px) and (max-width: 992px) {\r\n.tzxqh69f3d95e0c13b {\r\ndisplay: none;\r\n}\r\n}\r\n@media screen and (min-width: 768px) and (max-width: 768px) {\r\n.tzxqh69f3d95e0c13b {\r\ndisplay: block;\r\n}\r\n}\r\n@media screen and (max-width: 767px) {\r\n.tzxqh69f3d95e0c13b {\r\ndisplay: block;\r\n}\r\n}\r\n<\/style>\r\n<div class=\"xroiq69f3d95e0c125\" ><!--<a href=\"https:\/\/bit.ly\/3QdrqTZ\" target=\"_blank\">\n<img src=\"https:\/\/justicapotiguar.com.br\/wp-content\/uploads\/2023\/09\/desktop-geral.gif\"\/><a\/>--><\/div><style type=\"text\/css\">\r\n.xroiq69f3d95e0c125 {\r\ntext-align: center;\nmargin-bottom: 1em;\r\n}\r\n@media screen and (min-width: 1201px) {\r\n.xroiq69f3d95e0c125 {\r\ndisplay: block;\r\n}\r\n}\r\n@media screen and (min-width: 993px) and (max-width: 1200px) {\r\n.xroiq69f3d95e0c125 {\r\ndisplay: block;\r\n}\r\n}\r\n@media screen and (min-width: 769px) and (max-width: 992px) {\r\n.xroiq69f3d95e0c125 {\r\ndisplay: block;\r\n}\r\n}\r\n@media screen and (min-width: 768px) and (max-width: 768px) {\r\n.xroiq69f3d95e0c125 {\r\ndisplay: none;\r\n}\r\n}\r\n@media screen and (max-width: 767px) {\r\n.xroiq69f3d95e0c125 {\r\ndisplay: none;\r\n}\r\n}\r\n<\/style>\r\n\n\n\n\n<p>\u201cImportante destacar que, no curso da instru\u00e7\u00e3o processual, houve a an\u00e1lise dos produtos usados pelo agravante, cujo resultado n\u00e3o encontrou nenhum desvio e que, provavelmente, poderia ter ocorrido alguma sensibilidade com algum componente da f\u00f3rmula do produto, suposi\u00e7\u00e3o que n\u00e3o foi evidenciada nos autos\u201d, explica o relator.<\/p>\n\n\n\n<p>Ainda conforme a decis\u00e3o atual, que, tamb\u00e9m, n\u00e3o se evidencia nos autos o laudo m\u00e9dico dermatol\u00f3gico, que corrobore o inc\u00f4modo vivenciado pelo infante, ou fotos, receitas de medicamentos para combater o processo inflamat\u00f3rio, e exames que demonstrem, inequivocamente, a alegada irrita\u00e7\u00e3o dos produtos.<\/p>\n\n\n\n<figure class=\"wp-block-image\"><img alt=\"\"\/><\/figure>\n","protected":false},"excerpt":{"rendered":"<p>Os desembargadores da 2\u00aa Turma da 3\u00aa C\u00e2mara C\u00edvel do TJRN mantiveram a senten\u00e7a inicial da 13\u00aa Vara C\u00edvel da Comarca de Natal, que, nos autos de uma A\u00e7\u00e3o de Indeniza\u00e7\u00e3o por Danos Morais e Materiais proposta contra a \u2018Johnson &amp; Johnson Industrial Ltda\u2019, julgou improcedente o pedido inicial, que visava a repara\u00e7\u00e3o dos danos,<br \/><a class=\"more-link\" href=\"https:\/\/justicapotiguar.com.br\/index.php\/2023\/09\/06\/empresa-de-cosmeticos-e-isenta-de-culpa-apos-uso-de-produto-por-cliente\/\">Mais&#8230;<\/a><\/p>\n","protected":false},"author":5,"featured_media":0,"comment_status":"open","ping_status":"open","sticky":false,"template":"","format":"standard","meta":[],"categories":[1],"tags":[],"_links":{"self":[{"href":"https:\/\/justicapotiguar.com.br\/index.php\/wp-json\/wp\/v2\/posts\/33667"}],"collection":[{"href":"https:\/\/justicapotiguar.com.br\/index.php\/wp-json\/wp\/v2\/posts"}],"about":[{"href":"https:\/\/justicapotiguar.com.br\/index.php\/wp-json\/wp\/v2\/types\/post"}],"author":[{"embeddable":true,"href":"https:\/\/justicapotiguar.com.br\/index.php\/wp-json\/wp\/v2\/users\/5"}],"replies":[{"embeddable":true,"href":"https:\/\/justicapotiguar.com.br\/index.php\/wp-json\/wp\/v2\/comments?post=33667"}],"version-history":[{"count":1,"href":"https:\/\/justicapotiguar.com.br\/index.php\/wp-json\/wp\/v2\/posts\/33667\/revisions"}],"predecessor-version":[{"id":33668,"href":"https:\/\/justicapotiguar.com.br\/index.php\/wp-json\/wp\/v2\/posts\/33667\/revisions\/33668"}],"wp:attachment":[{"href":"https:\/\/justicapotiguar.com.br\/index.php\/wp-json\/wp\/v2\/media?parent=33667"}],"wp:term":[{"taxonomy":"category","embeddable":true,"href":"https:\/\/justicapotiguar.com.br\/index.php\/wp-json\/wp\/v2\/categories?post=33667"},{"taxonomy":"post_tag","embeddable":true,"href":"https:\/\/justicapotiguar.com.br\/index.php\/wp-json\/wp\/v2\/tags?post=33667"}],"curies":[{"name":"wp","href":"https:\/\/api.w.org\/{rel}","templated":true}]}}