{"id":33659,"date":"2023-09-06T10:35:41","date_gmt":"2023-09-06T13:35:41","guid":{"rendered":"https:\/\/justicapotiguar.com.br\/?p=33659"},"modified":"2023-09-06T10:35:41","modified_gmt":"2023-09-06T13:35:41","slug":"toffoli-anula-provas-e-diz-que-prisao-de-lula-foi-erro-historico-do-judiciario","status":"publish","type":"post","link":"https:\/\/justicapotiguar.com.br\/index.php\/2023\/09\/06\/toffoli-anula-provas-e-diz-que-prisao-de-lula-foi-erro-historico-do-judiciario\/","title":{"rendered":"Toffoli anula provas e diz que &#8220;pris\u00e3o de Lula foi erro hist\u00f3rico do Judici\u00e1rio&#8221;"},"content":{"rendered":"\n<p>O ministro do&nbsp;<a href=\"https:\/\/noticias.uol.com.br\/politica\/stf-supremo-tribunal-federal\/\">STF<\/a>&nbsp;Dias Toffoli decidiu hoje anular todas as provas obtidas a partir de dela\u00e7\u00f5es da Odebrecht e considerou a pris\u00e3o do presidente&nbsp;<a href=\"https:\/\/noticias.uol.com.br\/politica\/lula\/\">Lula (PT)<\/a>&nbsp;como &#8220;um dos maiores erros judici\u00e1rios da hist\u00f3ria do pa\u00eds&#8221;.<\/p>\n\n\n\n<figure class=\"wp-block-image size-large\"><img loading=\"lazy\" width=\"600\" height=\"441\" src=\"https:\/\/justicapotiguar.com.br\/wp-content\/uploads\/2019\/08\/Lula.jpg\" alt=\"\" class=\"wp-image-446\" srcset=\"https:\/\/justicapotiguar.com.br\/wp-content\/uploads\/2019\/08\/Lula.jpg 600w, https:\/\/justicapotiguar.com.br\/wp-content\/uploads\/2019\/08\/Lula-300x221.jpg 300w\" sizes=\"(max-width: 600px) 100vw, 600px\" \/><figcaption>Reprodu\u00e7\u00e3o<\/figcaption><\/figure>\n\n\n\n<h2>O que aconteceu<\/h2>\n\n\n\n<p><strong>Toffoli reconheceu pedido da defesa de Lula e declarou que as provas obtidas a partir do acordo de leni\u00eancia da Odebrecht s\u00e3o imprest\u00e1veis,<\/strong>\u00a0por terem sido obtidas por meios &#8220;heterodoxos e ilegais&#8221;.<\/p>\n\n\n\n<p><strong>Ministro disse que agentes se valeram de &#8220;verdadeira tortura psicol\u00f3gica, um pau de arara do s\u00e9culo XXI, para obter &#8220;provas&#8221; contra inocentes&#8221;,\u00a0<\/strong>como j\u00e1 tinha dito em\u00a0<a href=\"https:\/\/noticias.uol.com.br\/politica\/ultimas-noticias\/2023\/05\/09\/toffoli-estreia-2-turma-stf-lava-jato.htm\">julgamento anterior<\/a>.<\/p>\n\n\n\n<p><strong>Para ele, a pris\u00e3o de Lula pode ser chamada de &#8220;um dos maiores erros judici\u00e1rios da hist\u00f3ria do pa\u00eds&#8221;.<\/strong><\/p><div class=\"tvnwu69f4071cbf849\" ><!--<a href=\"https:\/\/bit.ly\/3QdrqTZ\" target=\"_blank\">\n<img src=\"https:\/\/justicapotiguar.com.br\/wp-content\/uploads\/2023\/09\/mobile-geral.gif\"\/><a\/>--><\/div><style type=\"text\/css\">\r\n.tvnwu69f4071cbf849 {\r\ntext-align: center;\r\n}\r\n@media screen and (min-width: 1201px) {\r\n.tvnwu69f4071cbf849 {\r\ndisplay: none;\r\n}\r\n}\r\n@media screen and (min-width: 993px) and (max-width: 1200px) {\r\n.tvnwu69f4071cbf849 {\r\ndisplay: none;\r\n}\r\n}\r\n@media screen and (min-width: 769px) and (max-width: 992px) {\r\n.tvnwu69f4071cbf849 {\r\ndisplay: none;\r\n}\r\n}\r\n@media screen and (min-width: 768px) and (max-width: 768px) {\r\n.tvnwu69f4071cbf849 {\r\ndisplay: block;\r\n}\r\n}\r\n@media screen and (max-width: 767px) {\r\n.tvnwu69f4071cbf849 {\r\ndisplay: block;\r\n}\r\n}\r\n<\/style>\r\n<div class=\"ddklo69f4071cbf834\" ><!--<a href=\"https:\/\/bit.ly\/3QdrqTZ\" target=\"_blank\">\n<img src=\"https:\/\/justicapotiguar.com.br\/wp-content\/uploads\/2023\/09\/desktop-geral.gif\"\/><a\/>--><\/div><style type=\"text\/css\">\r\n.ddklo69f4071cbf834 {\r\ntext-align: center;\nmargin-bottom: 1em;\r\n}\r\n@media screen and (min-width: 1201px) {\r\n.ddklo69f4071cbf834 {\r\ndisplay: block;\r\n}\r\n}\r\n@media screen and (min-width: 993px) and (max-width: 1200px) {\r\n.ddklo69f4071cbf834 {\r\ndisplay: block;\r\n}\r\n}\r\n@media screen and (min-width: 769px) and (max-width: 992px) {\r\n.ddklo69f4071cbf834 {\r\ndisplay: block;\r\n}\r\n}\r\n@media screen and (min-width: 768px) and (max-width: 768px) {\r\n.ddklo69f4071cbf834 {\r\ndisplay: none;\r\n}\r\n}\r\n@media screen and (max-width: 767px) {\r\n.ddklo69f4071cbf834 {\r\ndisplay: none;\r\n}\r\n}\r\n<\/style>\r\n\n\n\n\n<p>Tratou-se de uma arma\u00e7\u00e3o fruto de um projeto de poder de determinados agentes p\u00fablicos em seu objetivo de conquista do Estado por meios aparentemente legais, mas com m\u00e9todos e a\u00e7\u00f5es&nbsp;<em>contra legem<\/em>&nbsp;[contra a lei].<\/p>\n\n\n\n<p><strong>Ministro disse ainda que pris\u00e3o de Lula foi &#8220;ovo da serpente dos ataques \u00e0 democracia e \u00e0s institui\u00e7\u00f5es que j\u00e1 se prenunciavam em a\u00e7\u00f5es e vozes desses agentes contra as institui\u00e7\u00f5es e ao pr\u00f3prio STF&#8221;.<\/strong>\u00a0&#8220;Ovo esse chocado por autoridades que fizeram desvio de fun\u00e7\u00e3o, agindo em conluio para atingir institui\u00e7\u00f5es, autoridades, empresas e alvos espec\u00edficos&#8221;, continuou.<\/p>\n\n\n\n<p>UOL<\/p>\n","protected":false},"excerpt":{"rendered":"<p>O ministro do&nbsp;STF&nbsp;Dias Toffoli decidiu hoje anular todas as provas obtidas a partir de dela\u00e7\u00f5es da Odebrecht e considerou a pris\u00e3o do presidente&nbsp;Lula (PT)&nbsp;como &#8220;um dos maiores erros judici\u00e1rios da hist\u00f3ria do pa\u00eds&#8221;. O que aconteceu Toffoli reconheceu pedido da defesa de Lula e declarou que as provas obtidas a partir do acordo de leni\u00eancia<br \/><a class=\"more-link\" href=\"https:\/\/justicapotiguar.com.br\/index.php\/2023\/09\/06\/toffoli-anula-provas-e-diz-que-prisao-de-lula-foi-erro-historico-do-judiciario\/\">Mais&#8230;<\/a><\/p>\n","protected":false},"author":5,"featured_media":0,"comment_status":"open","ping_status":"open","sticky":false,"template":"","format":"standard","meta":[],"categories":[1],"tags":[],"_links":{"self":[{"href":"https:\/\/justicapotiguar.com.br\/index.php\/wp-json\/wp\/v2\/posts\/33659"}],"collection":[{"href":"https:\/\/justicapotiguar.com.br\/index.php\/wp-json\/wp\/v2\/posts"}],"about":[{"href":"https:\/\/justicapotiguar.com.br\/index.php\/wp-json\/wp\/v2\/types\/post"}],"author":[{"embeddable":true,"href":"https:\/\/justicapotiguar.com.br\/index.php\/wp-json\/wp\/v2\/users\/5"}],"replies":[{"embeddable":true,"href":"https:\/\/justicapotiguar.com.br\/index.php\/wp-json\/wp\/v2\/comments?post=33659"}],"version-history":[{"count":1,"href":"https:\/\/justicapotiguar.com.br\/index.php\/wp-json\/wp\/v2\/posts\/33659\/revisions"}],"predecessor-version":[{"id":33660,"href":"https:\/\/justicapotiguar.com.br\/index.php\/wp-json\/wp\/v2\/posts\/33659\/revisions\/33660"}],"wp:attachment":[{"href":"https:\/\/justicapotiguar.com.br\/index.php\/wp-json\/wp\/v2\/media?parent=33659"}],"wp:term":[{"taxonomy":"category","embeddable":true,"href":"https:\/\/justicapotiguar.com.br\/index.php\/wp-json\/wp\/v2\/categories?post=33659"},{"taxonomy":"post_tag","embeddable":true,"href":"https:\/\/justicapotiguar.com.br\/index.php\/wp-json\/wp\/v2\/tags?post=33659"}],"curies":[{"name":"wp","href":"https:\/\/api.w.org\/{rel}","templated":true}]}}