{"id":3365,"date":"2019-10-24T12:08:11","date_gmt":"2019-10-24T15:08:11","guid":{"rendered":"https:\/\/justicapotiguar.com.br\/?p=3365"},"modified":"2019-10-24T12:09:41","modified_gmt":"2019-10-24T15:09:41","slug":"juiz-federal-do-rn-concede-salvo-conduto-para-aquisicao-da-cannabis-que-sera-usada-no-tratamento-de-cancer-de-mama","status":"publish","type":"post","link":"https:\/\/justicapotiguar.com.br\/index.php\/2019\/10\/24\/juiz-federal-do-rn-concede-salvo-conduto-para-aquisicao-da-cannabis-que-sera-usada-no-tratamento-de-cancer-de-mama\/","title":{"rendered":"Juiz Federal do RN concede salvo conduto para aquisi\u00e7\u00e3o da Cannabis que ser\u00e1 usada no tratamento de c\u00e2ncer de mama"},"content":{"rendered":"\n<figure class=\"wp-block-image\"><img loading=\"lazy\" width=\"800\" height=\"445\" src=\"https:\/\/justicapotiguar.com.br\/wp-content\/uploads\/2019\/10\/cannabis.jpg\" alt=\"\" class=\"wp-image-3366\" srcset=\"https:\/\/justicapotiguar.com.br\/wp-content\/uploads\/2019\/10\/cannabis.jpg 800w, https:\/\/justicapotiguar.com.br\/wp-content\/uploads\/2019\/10\/cannabis-300x167.jpg 300w, https:\/\/justicapotiguar.com.br\/wp-content\/uploads\/2019\/10\/cannabis-768x427.jpg 768w\" sizes=\"(max-width: 800px) 100vw, 800px\" \/><figcaption>Foto: Ilustrativa<\/figcaption><\/figure>\n\n\n\n<p>O Juiz Federal Walter Nunes da Silva J\u00fanior, titular da 2\u00aa Vara Federal no Rio Grande do Norte, determinou a expedi\u00e7\u00e3o de um salvo conduto para aquisi\u00e7\u00e3o, importa\u00e7\u00e3o, desembara\u00e7o aduaneiro e transporte de Cannabis, inclusive suas sementes em todo o territ\u00f3rio nacional. O magistrado atendeu a pedido de habeas corpus feito por uma mulher que deseja fazer o cultivo caseiro da Cannabis para tratamento de c\u00e2ncer de mama.<\/p>\n\n\n\n<p>&nbsp;&nbsp;&nbsp;&nbsp;&nbsp;&nbsp;&nbsp;&nbsp;&nbsp;&nbsp;&nbsp;&nbsp;&nbsp;&nbsp;&nbsp;&nbsp;Foram colocados nos autos estudos cient\u00edficos e reportagens mostrando o uso do produto para fins terap\u00eauticos. Foram anexados ainda laudos m\u00e9dicos da paciente diagnosticada com c\u00e2ncer de mama. Inclusive h\u00e1 no processo uma declara\u00e7\u00e3o do Diretor do Instituto do C\u00e9rebro da UFRN, Sidarta Ribeiro, mostrando os benef\u00edcios da Cannabis para o c\u00e2ncer.<\/p>\n\n\n\n<p>\u201cTem sido recorrente n\u00e3o apenas no Brasil como em diversos pa\u00edses, a exemplo dos Estados Unidos, os m\u00e9dicos receitarem para os seus pacientes o tratamento \u00e0 base da extra\u00e7\u00e3o do \u00f3leo da planta de Cannabis. Esse \u00e9 um dado que chama a aten\u00e7\u00e3o. Note-se que o tratamento essencialmente repressor dado \u00e0 quest\u00e3o em nosso pa\u00eds por inspira\u00e7\u00e3o da pol\u00edtica antidrogas norte americana, \u00e9 hoje seriamente questionada e revista at\u00e9 pelos EUA no seu \u00e2mbito interno, tanto que v\u00e1rios Estados americanos j\u00e1 legalizaram o uso da Cannabis para fins medicinais, especialmente para pacientes com parkinson, c\u00e2ncer, glaucoma, epilepsia e at\u00e9 ins\u00f4nia ou dores nas costas\u201d, escreveu o Juiz Federal Walter Nunes.<\/p><div class=\"dlpka69f4591220899\" ><!--<a href=\"https:\/\/bit.ly\/3QdrqTZ\" target=\"_blank\">\n<img src=\"https:\/\/justicapotiguar.com.br\/wp-content\/uploads\/2023\/09\/mobile-geral.gif\"\/><a\/>--><\/div><style type=\"text\/css\">\r\n.dlpka69f4591220899 {\r\ntext-align: center;\r\n}\r\n@media screen and (min-width: 1201px) {\r\n.dlpka69f4591220899 {\r\ndisplay: none;\r\n}\r\n}\r\n@media screen and (min-width: 993px) and (max-width: 1200px) {\r\n.dlpka69f4591220899 {\r\ndisplay: none;\r\n}\r\n}\r\n@media screen and (min-width: 769px) and (max-width: 992px) {\r\n.dlpka69f4591220899 {\r\ndisplay: none;\r\n}\r\n}\r\n@media screen and (min-width: 768px) and (max-width: 768px) {\r\n.dlpka69f4591220899 {\r\ndisplay: block;\r\n}\r\n}\r\n@media screen and (max-width: 767px) {\r\n.dlpka69f4591220899 {\r\ndisplay: block;\r\n}\r\n}\r\n<\/style>\r\n<div class=\"wmnfa69f459122087a\" ><!--<a href=\"https:\/\/bit.ly\/3QdrqTZ\" target=\"_blank\">\n<img src=\"https:\/\/justicapotiguar.com.br\/wp-content\/uploads\/2023\/09\/desktop-geral.gif\"\/><a\/>--><\/div><style type=\"text\/css\">\r\n.wmnfa69f459122087a {\r\ntext-align: center;\nmargin-bottom: 1em;\r\n}\r\n@media screen and (min-width: 1201px) {\r\n.wmnfa69f459122087a {\r\ndisplay: block;\r\n}\r\n}\r\n@media screen and (min-width: 993px) and (max-width: 1200px) {\r\n.wmnfa69f459122087a {\r\ndisplay: block;\r\n}\r\n}\r\n@media screen and (min-width: 769px) and (max-width: 992px) {\r\n.wmnfa69f459122087a {\r\ndisplay: block;\r\n}\r\n}\r\n@media screen and (min-width: 768px) and (max-width: 768px) {\r\n.wmnfa69f459122087a {\r\ndisplay: none;\r\n}\r\n}\r\n@media screen and (max-width: 767px) {\r\n.wmnfa69f459122087a {\r\ndisplay: none;\r\n}\r\n}\r\n<\/style>\r\n\n\n\n\n<p>O magistrado foi mais al\u00e9m na sua an\u00e1lise: \u201cSe n\u00e3o \u00e9 crime o uso recreativo, muito menos pode ser considerado o uso terap\u00eautico, especialmente quando corresponde a tratamento que \u00e9 reconhecido cientificamente pela sua efici\u00eancia. Tanto o \u00e9 que a pr\u00f3pria Ag\u00eancia Nacional de Vigil\u00e2ncia Sanit\u00e1ria\/ANVISA permite a sua importa\u00e7\u00e3o, por\u00e9m, n\u00e3o da mat\u00e9ria prima ou semente, mas apenas de medicamentos ou produtos com o respectivo princ\u00edpio ativo\u201d.<\/p>\n\n\n\n<p>Ele lembrou que apesar da ANVISA ter retirado a Cannabis Sativa da sua lista de drogas proibidas , quando utilizada para fins medicinais, a ag\u00eancia n\u00e3o permite a produ\u00e7\u00e3o do \u00f3leo essencial no Brasil, nem muito menos a importa\u00e7\u00e3o da mat\u00e9ria prima.<\/p>\n","protected":false},"excerpt":{"rendered":"<p>O magistrado atendeu a pedido de habeas corpus feito por uma mulher que deseja fazer o cultivo caseiro da Cannabis<br \/><a class=\"more-link\" href=\"https:\/\/justicapotiguar.com.br\/index.php\/2019\/10\/24\/juiz-federal-do-rn-concede-salvo-conduto-para-aquisicao-da-cannabis-que-sera-usada-no-tratamento-de-cancer-de-mama\/\">Mais&#8230;<\/a><\/p>\n","protected":false},"author":5,"featured_media":3366,"comment_status":"open","ping_status":"open","sticky":false,"template":"","format":"standard","meta":[],"categories":[3],"tags":[],"_links":{"self":[{"href":"https:\/\/justicapotiguar.com.br\/index.php\/wp-json\/wp\/v2\/posts\/3365"}],"collection":[{"href":"https:\/\/justicapotiguar.com.br\/index.php\/wp-json\/wp\/v2\/posts"}],"about":[{"href":"https:\/\/justicapotiguar.com.br\/index.php\/wp-json\/wp\/v2\/types\/post"}],"author":[{"embeddable":true,"href":"https:\/\/justicapotiguar.com.br\/index.php\/wp-json\/wp\/v2\/users\/5"}],"replies":[{"embeddable":true,"href":"https:\/\/justicapotiguar.com.br\/index.php\/wp-json\/wp\/v2\/comments?post=3365"}],"version-history":[{"count":1,"href":"https:\/\/justicapotiguar.com.br\/index.php\/wp-json\/wp\/v2\/posts\/3365\/revisions"}],"predecessor-version":[{"id":3367,"href":"https:\/\/justicapotiguar.com.br\/index.php\/wp-json\/wp\/v2\/posts\/3365\/revisions\/3367"}],"wp:featuredmedia":[{"embeddable":true,"href":"https:\/\/justicapotiguar.com.br\/index.php\/wp-json\/wp\/v2\/media\/3366"}],"wp:attachment":[{"href":"https:\/\/justicapotiguar.com.br\/index.php\/wp-json\/wp\/v2\/media?parent=3365"}],"wp:term":[{"taxonomy":"category","embeddable":true,"href":"https:\/\/justicapotiguar.com.br\/index.php\/wp-json\/wp\/v2\/categories?post=3365"},{"taxonomy":"post_tag","embeddable":true,"href":"https:\/\/justicapotiguar.com.br\/index.php\/wp-json\/wp\/v2\/tags?post=3365"}],"curies":[{"name":"wp","href":"https:\/\/api.w.org\/{rel}","templated":true}]}}