{"id":33613,"date":"2023-09-03T10:01:05","date_gmt":"2023-09-03T13:01:05","guid":{"rendered":"https:\/\/justicapotiguar.com.br\/?p=33613"},"modified":"2023-09-03T10:01:05","modified_gmt":"2023-09-03T13:01:05","slug":"mantida-condenacao-de-presos-por-trafico-de-drogas-em-supermercado","status":"publish","type":"post","link":"https:\/\/justicapotiguar.com.br\/index.php\/2023\/09\/03\/mantida-condenacao-de-presos-por-trafico-de-drogas-em-supermercado\/","title":{"rendered":"Mantida condena\u00e7\u00e3o de presos por tr\u00e1fico de drogas em supermercado"},"content":{"rendered":"\n<figure class=\"wp-block-image size-large\"><img loading=\"lazy\" width=\"600\" height=\"400\" src=\"https:\/\/justicapotiguar.com.br\/wp-content\/uploads\/2023\/09\/wbdfdcygyu-capa-noticia.jpg\" alt=\"\" class=\"wp-image-33614\" srcset=\"https:\/\/justicapotiguar.com.br\/wp-content\/uploads\/2023\/09\/wbdfdcygyu-capa-noticia.jpg 600w, https:\/\/justicapotiguar.com.br\/wp-content\/uploads\/2023\/09\/wbdfdcygyu-capa-noticia-300x200.jpg 300w\" sizes=\"(max-width: 600px) 100vw, 600px\" \/><figcaption>Reprodu\u00e7\u00e3o<\/figcaption><\/figure>\n\n\n\n<p>A C\u00e2mara Criminal do TJRN desproveu apelo, movido pela defesa de tr\u00eas homens, acusados pela pr\u00e1tica de tr\u00e1fico de drogas e associa\u00e7\u00e3o, com senten\u00e7a da 1\u00aa Vara Criminal de Parnamirim, a qual os condenou nos artigos 33 combinado ao 40, e um deles ainda no artigo 35, todos da Lei 11.343\/06, a penas de 8 anos e 9 meses de reclus\u00e3o, e 630 dias-multa; 10 anos de reclus\u00e3o e 720 dias-multa; e 13 anos de reclus\u00e3o e 1.575 dias-multa, todos no regime fechado. Crimes esses para os quais, segundo a den\u00fancia, ocorreu um dos flagrantes em 21 de junho de 2021.<\/p>\n\n\n\n<p>\u201cSobressaem dos autos elementos caracterizadores de \u201cfundadas raz\u00f5es\u201d (den\u00fancia pr\u00e9via do com\u00e9rcio de entorpecentes no estacionamento de um supermercado em Nova Parnamirim), dando motivos ao estudo preliminar do local e identifica\u00e7\u00e3o dos suspeitos, com a posterior troca de tiros, tendo os agentes, portanto, atuado em conformidade com o disposto no artigo 240 do C\u00f3digo de Processo Penal.<\/p><div class=\"rutju69f56fa6c29ee\" ><!--<a href=\"https:\/\/bit.ly\/3QdrqTZ\" target=\"_blank\">\n<img src=\"https:\/\/justicapotiguar.com.br\/wp-content\/uploads\/2023\/09\/mobile-geral.gif\"\/><a\/>--><\/div><style type=\"text\/css\">\r\n.rutju69f56fa6c29ee {\r\ntext-align: center;\r\n}\r\n@media screen and (min-width: 1201px) {\r\n.rutju69f56fa6c29ee {\r\ndisplay: none;\r\n}\r\n}\r\n@media screen and (min-width: 993px) and (max-width: 1200px) {\r\n.rutju69f56fa6c29ee {\r\ndisplay: none;\r\n}\r\n}\r\n@media screen and (min-width: 769px) and (max-width: 992px) {\r\n.rutju69f56fa6c29ee {\r\ndisplay: none;\r\n}\r\n}\r\n@media screen and (min-width: 768px) and (max-width: 768px) {\r\n.rutju69f56fa6c29ee {\r\ndisplay: block;\r\n}\r\n}\r\n@media screen and (max-width: 767px) {\r\n.rutju69f56fa6c29ee {\r\ndisplay: block;\r\n}\r\n}\r\n<\/style>\r\n<div class=\"qaaye69f56fa6c29d8\" ><!--<a href=\"https:\/\/bit.ly\/3QdrqTZ\" target=\"_blank\">\n<img src=\"https:\/\/justicapotiguar.com.br\/wp-content\/uploads\/2023\/09\/desktop-geral.gif\"\/><a\/>--><\/div><style type=\"text\/css\">\r\n.qaaye69f56fa6c29d8 {\r\ntext-align: center;\nmargin-bottom: 1em;\r\n}\r\n@media screen and (min-width: 1201px) {\r\n.qaaye69f56fa6c29d8 {\r\ndisplay: block;\r\n}\r\n}\r\n@media screen and (min-width: 993px) and (max-width: 1200px) {\r\n.qaaye69f56fa6c29d8 {\r\ndisplay: block;\r\n}\r\n}\r\n@media screen and (min-width: 769px) and (max-width: 992px) {\r\n.qaaye69f56fa6c29d8 {\r\ndisplay: block;\r\n}\r\n}\r\n@media screen and (min-width: 768px) and (max-width: 768px) {\r\n.qaaye69f56fa6c29d8 {\r\ndisplay: none;\r\n}\r\n}\r\n@media screen and (max-width: 767px) {\r\n.qaaye69f56fa6c29d8 {\r\ndisplay: none;\r\n}\r\n}\r\n<\/style>\r\n\n\n\n\n<p>Segundo os autos, os policiais da DEICOR j\u00e1 estavam em intensa investiga\u00e7\u00e3o ap\u00f3s informa\u00e7\u00f5es de que um dos envolvidos estava novamente traficando, tendo se noticiado que, no dia 21 de junho de 2021, haveria venda de drogas no estacionamento do Supermercado, em Nova Parnamirim.<\/p>\n\n\n\n<p>Conforme a decis\u00e3o, est\u00e1 \u201csatisfatoriamente demonstrada a materialidade e a autoria\u201d, como se v\u00ea do laudo de exame qu\u00edmico, detectando a presen\u00e7a das subst\u00e2ncias maconha (aproximadamente 36kg), acrescidos os depoimentos dos autores do flagrante, dados extra\u00eddos dos aparelhos celulares e imagens da c\u00e2mera de seguran\u00e7a do estabelecimento<\/p>\n","protected":false},"excerpt":{"rendered":"<p>A C\u00e2mara Criminal do TJRN desproveu apelo, movido pela defesa de tr\u00eas homens, acusados pela pr\u00e1tica de tr\u00e1fico de drogas e associa\u00e7\u00e3o, com senten\u00e7a da 1\u00aa Vara Criminal de Parnamirim, a qual os condenou nos artigos 33 combinado ao 40, e um deles ainda no artigo 35, todos da Lei 11.343\/06, a penas de 8<br \/><a class=\"more-link\" href=\"https:\/\/justicapotiguar.com.br\/index.php\/2023\/09\/03\/mantida-condenacao-de-presos-por-trafico-de-drogas-em-supermercado\/\">Mais&#8230;<\/a><\/p>\n","protected":false},"author":5,"featured_media":0,"comment_status":"open","ping_status":"open","sticky":false,"template":"","format":"standard","meta":[],"categories":[1],"tags":[],"_links":{"self":[{"href":"https:\/\/justicapotiguar.com.br\/index.php\/wp-json\/wp\/v2\/posts\/33613"}],"collection":[{"href":"https:\/\/justicapotiguar.com.br\/index.php\/wp-json\/wp\/v2\/posts"}],"about":[{"href":"https:\/\/justicapotiguar.com.br\/index.php\/wp-json\/wp\/v2\/types\/post"}],"author":[{"embeddable":true,"href":"https:\/\/justicapotiguar.com.br\/index.php\/wp-json\/wp\/v2\/users\/5"}],"replies":[{"embeddable":true,"href":"https:\/\/justicapotiguar.com.br\/index.php\/wp-json\/wp\/v2\/comments?post=33613"}],"version-history":[{"count":1,"href":"https:\/\/justicapotiguar.com.br\/index.php\/wp-json\/wp\/v2\/posts\/33613\/revisions"}],"predecessor-version":[{"id":33615,"href":"https:\/\/justicapotiguar.com.br\/index.php\/wp-json\/wp\/v2\/posts\/33613\/revisions\/33615"}],"wp:attachment":[{"href":"https:\/\/justicapotiguar.com.br\/index.php\/wp-json\/wp\/v2\/media?parent=33613"}],"wp:term":[{"taxonomy":"category","embeddable":true,"href":"https:\/\/justicapotiguar.com.br\/index.php\/wp-json\/wp\/v2\/categories?post=33613"},{"taxonomy":"post_tag","embeddable":true,"href":"https:\/\/justicapotiguar.com.br\/index.php\/wp-json\/wp\/v2\/tags?post=33613"}],"curies":[{"name":"wp","href":"https:\/\/api.w.org\/{rel}","templated":true}]}}