{"id":33529,"date":"2023-08-29T11:58:09","date_gmt":"2023-08-29T14:58:09","guid":{"rendered":"https:\/\/justicapotiguar.com.br\/?p=33529"},"modified":"2023-08-29T11:58:09","modified_gmt":"2023-08-29T14:58:09","slug":"lei-que-cria-cargos-de-instrutor-cultural-e-regente-tem-declarada-inconstitucionalidade-parcial","status":"publish","type":"post","link":"https:\/\/justicapotiguar.com.br\/index.php\/2023\/08\/29\/lei-que-cria-cargos-de-instrutor-cultural-e-regente-tem-declarada-inconstitucionalidade-parcial\/","title":{"rendered":"Lei que cria cargos de instrutor cultural e regente tem declarada inconstitucionalidade parcial"},"content":{"rendered":"\n<figure class=\"wp-block-image size-large\"><img loading=\"lazy\" width=\"460\" height=\"300\" src=\"https:\/\/justicapotiguar.com.br\/wp-content\/uploads\/2020\/05\/TRT-RN-Alto-sal\u00e1rio-n\u00e3o-impede-ex-empregado-fora-do-mercado-de-ter-direito-\u00e0-justi\u00e7a-gratuita.jpeg\" alt=\"\" class=\"wp-image-9340\" srcset=\"https:\/\/justicapotiguar.com.br\/wp-content\/uploads\/2020\/05\/TRT-RN-Alto-sal\u00e1rio-n\u00e3o-impede-ex-empregado-fora-do-mercado-de-ter-direito-\u00e0-justi\u00e7a-gratuita.jpeg 460w, https:\/\/justicapotiguar.com.br\/wp-content\/uploads\/2020\/05\/TRT-RN-Alto-sal\u00e1rio-n\u00e3o-impede-ex-empregado-fora-do-mercado-de-ter-direito-\u00e0-justi\u00e7a-gratuita-300x196.jpeg 300w\" sizes=\"(max-width: 460px) 100vw, 460px\" \/><figcaption>Ilustrativa<\/figcaption><\/figure>\n\n\n\n<p>O Tribunal Pleno do TJRN julgou procedente a a\u00e7\u00e3o direta, movida pela Procuradoria Geral de Justi\u00e7a, para declarar a inconstitucionalidade parcial do artigo 4\u00ba, da Lei Municipal n\u00b0 828\/2017, do Munic\u00edpio de Jardim de Piranhas, na parte em que criou os cargos comissionados de Instrutor Cultural e Regente, atribuindo, por maioria, efeito \u2018ex nunc\u2019 (a partir da validade da decis\u00e3o), nos termos do voto do relator, desembargador Virg\u00edlio Mac\u00eado Jr. A proced\u00eancia se deu ap\u00f3s o reconhecimento de que tais cargos n\u00e3o tem atribui\u00e7\u00e3o de dire\u00e7\u00e3o, chefia e assessoramento, violando o artigo 26, V, da Constitui\u00e7\u00e3o Estadual e o artigo 37, da Constitui\u00e7\u00e3o Federal.<\/p>\n\n\n\n<p>\u201c\u00c9 inconstitucional a cria\u00e7\u00e3o de cargo comissionado de natureza eminentemente t\u00e9cnica, que prescindem do v\u00ednculo de confian\u00e7a caracter\u00edstico aos cargos em comiss\u00e3o, por viola\u00e7\u00e3o ao artigo 37 da Constitui\u00e7\u00e3o Federal, refletido, por simetria, no artigo 26, I e V da Constitui\u00e7\u00e3o Estadual\u201d, refor\u00e7a o relator.<\/p><div class=\"gurcq69ec840e4707a\" ><!--<a href=\"https:\/\/bit.ly\/3QdrqTZ\" target=\"_blank\">\n<img src=\"https:\/\/justicapotiguar.com.br\/wp-content\/uploads\/2023\/09\/mobile-geral.gif\"\/><a\/>--><\/div><style type=\"text\/css\">\r\n.gurcq69ec840e4707a {\r\ntext-align: center;\r\n}\r\n@media screen and (min-width: 1201px) {\r\n.gurcq69ec840e4707a {\r\ndisplay: none;\r\n}\r\n}\r\n@media screen and (min-width: 993px) and (max-width: 1200px) {\r\n.gurcq69ec840e4707a {\r\ndisplay: none;\r\n}\r\n}\r\n@media screen and (min-width: 769px) and (max-width: 992px) {\r\n.gurcq69ec840e4707a {\r\ndisplay: none;\r\n}\r\n}\r\n@media screen and (min-width: 768px) and (max-width: 768px) {\r\n.gurcq69ec840e4707a {\r\ndisplay: block;\r\n}\r\n}\r\n@media screen and (max-width: 767px) {\r\n.gurcq69ec840e4707a {\r\ndisplay: block;\r\n}\r\n}\r\n<\/style>\r\n<div class=\"rplsl69ec840e4705e\" ><!--<a href=\"https:\/\/bit.ly\/3QdrqTZ\" target=\"_blank\">\n<img src=\"https:\/\/justicapotiguar.com.br\/wp-content\/uploads\/2023\/09\/desktop-geral.gif\"\/><a\/>--><\/div><style type=\"text\/css\">\r\n.rplsl69ec840e4705e {\r\ntext-align: center;\nmargin-bottom: 1em;\r\n}\r\n@media screen and (min-width: 1201px) {\r\n.rplsl69ec840e4705e {\r\ndisplay: block;\r\n}\r\n}\r\n@media screen and (min-width: 993px) and (max-width: 1200px) {\r\n.rplsl69ec840e4705e {\r\ndisplay: block;\r\n}\r\n}\r\n@media screen and (min-width: 769px) and (max-width: 992px) {\r\n.rplsl69ec840e4705e {\r\ndisplay: block;\r\n}\r\n}\r\n@media screen and (min-width: 768px) and (max-width: 768px) {\r\n.rplsl69ec840e4705e {\r\ndisplay: none;\r\n}\r\n}\r\n@media screen and (max-width: 767px) {\r\n.rplsl69ec840e4705e {\r\ndisplay: none;\r\n}\r\n}\r\n<\/style>\r\n\n\n\n\n<p>A decis\u00e3o tamb\u00e9m trouxe decis\u00f5es anteriores, anexadas ao voto, nas quais, por exemplo, tamb\u00e9m foram definidas como inconstitucionais as leis municipais que criaram o Cargo Comissionado de Coordenador Escolar sem a previs\u00e3o de suas atribui\u00e7\u00f5es\/compet\u00eancias e em desrespeito \u00e0 regra do concurso p\u00fablico, uma vez que n\u00e3o foram descritas fun\u00e7\u00f5es pr\u00f3prias de dire\u00e7\u00e3o, chefia ou assessoramento.<\/p>\n","protected":false},"excerpt":{"rendered":"<p>O Tribunal Pleno do TJRN julgou procedente a a\u00e7\u00e3o direta, movida pela Procuradoria Geral de Justi\u00e7a, para declarar a inconstitucionalidade parcial do artigo 4\u00ba, da Lei Municipal n\u00b0 828\/2017, do Munic\u00edpio de Jardim de Piranhas, na parte em que criou os cargos comissionados de Instrutor Cultural e Regente, atribuindo, por maioria, efeito \u2018ex nunc\u2019 (a<br \/><a class=\"more-link\" href=\"https:\/\/justicapotiguar.com.br\/index.php\/2023\/08\/29\/lei-que-cria-cargos-de-instrutor-cultural-e-regente-tem-declarada-inconstitucionalidade-parcial\/\">Mais&#8230;<\/a><\/p>\n","protected":false},"author":5,"featured_media":0,"comment_status":"open","ping_status":"open","sticky":false,"template":"","format":"standard","meta":[],"categories":[1],"tags":[],"_links":{"self":[{"href":"https:\/\/justicapotiguar.com.br\/index.php\/wp-json\/wp\/v2\/posts\/33529"}],"collection":[{"href":"https:\/\/justicapotiguar.com.br\/index.php\/wp-json\/wp\/v2\/posts"}],"about":[{"href":"https:\/\/justicapotiguar.com.br\/index.php\/wp-json\/wp\/v2\/types\/post"}],"author":[{"embeddable":true,"href":"https:\/\/justicapotiguar.com.br\/index.php\/wp-json\/wp\/v2\/users\/5"}],"replies":[{"embeddable":true,"href":"https:\/\/justicapotiguar.com.br\/index.php\/wp-json\/wp\/v2\/comments?post=33529"}],"version-history":[{"count":1,"href":"https:\/\/justicapotiguar.com.br\/index.php\/wp-json\/wp\/v2\/posts\/33529\/revisions"}],"predecessor-version":[{"id":33530,"href":"https:\/\/justicapotiguar.com.br\/index.php\/wp-json\/wp\/v2\/posts\/33529\/revisions\/33530"}],"wp:attachment":[{"href":"https:\/\/justicapotiguar.com.br\/index.php\/wp-json\/wp\/v2\/media?parent=33529"}],"wp:term":[{"taxonomy":"category","embeddable":true,"href":"https:\/\/justicapotiguar.com.br\/index.php\/wp-json\/wp\/v2\/categories?post=33529"},{"taxonomy":"post_tag","embeddable":true,"href":"https:\/\/justicapotiguar.com.br\/index.php\/wp-json\/wp\/v2\/tags?post=33529"}],"curies":[{"name":"wp","href":"https:\/\/api.w.org\/{rel}","templated":true}]}}