{"id":33359,"date":"2023-08-18T08:16:27","date_gmt":"2023-08-18T11:16:27","guid":{"rendered":"https:\/\/justicapotiguar.com.br\/?p=33359"},"modified":"2023-08-18T08:16:27","modified_gmt":"2023-08-18T11:16:27","slug":"moraes-autoriza-quebra-dos-sigilos-bancario-e-fiscal-de-bolsonaro-e-de-michelle","status":"publish","type":"post","link":"https:\/\/justicapotiguar.com.br\/index.php\/2023\/08\/18\/moraes-autoriza-quebra-dos-sigilos-bancario-e-fiscal-de-bolsonaro-e-de-michelle\/","title":{"rendered":"Moraes autoriza quebra dos sigilos banc\u00e1rio e fiscal de Bolsonaro e de Michelle"},"content":{"rendered":"\n<figure class=\"wp-block-image size-large\"><img loading=\"lazy\" width=\"450\" height=\"337\" src=\"https:\/\/justicapotiguar.com.br\/wp-content\/uploads\/2022\/09\/jair-bolsonaro-discursa-em-brasilia-ao-lado-da-esposa-michelle-1662561769212_v2_450x337.png.jpeg\" alt=\"\" class=\"wp-image-28106\" srcset=\"https:\/\/justicapotiguar.com.br\/wp-content\/uploads\/2022\/09\/jair-bolsonaro-discursa-em-brasilia-ao-lado-da-esposa-michelle-1662561769212_v2_450x337.png.jpeg 450w, https:\/\/justicapotiguar.com.br\/wp-content\/uploads\/2022\/09\/jair-bolsonaro-discursa-em-brasilia-ao-lado-da-esposa-michelle-1662561769212_v2_450x337.png-300x225.jpeg 300w\" sizes=\"(max-width: 450px) 100vw, 450px\" \/><figcaption>Reprodu\u00e7\u00e3o <\/figcaption><\/figure>\n\n\n\n<p>O ministro&nbsp;<a class=\"\" href=\"https:\/\/g1.globo.com\/tudo-sobre\/alexandre-de-moraes\/\">Alexandre de Moraes<\/a>, do Supremo Tribunal Federal (STF), determinou nesta quinta-feira (17) a quebra dos sigilo banc\u00e1rio e fiscal do ex-presidente&nbsp;<a class=\"\" href=\"https:\/\/g1.globo.com\/politica\/politico\/jair-bolsonaro\/\">Jair Bolsonaro<\/a>&nbsp;e da ex-primeira-dama&nbsp;<a class=\"\" href=\"https:\/\/g1.globo.com\/tudo-sobre\/michelle-bolsonaro\/\">Michelle Bolsonaro<\/a>.<\/p>\n\n\n\n<p>Mais cedo, o advogado Cezar Bittencourt, que faz a defesa de&nbsp;<a class=\"\" href=\"https:\/\/g1.globo.com\/tudo-sobre\/mauro-cid\">Mauro Cid<\/a>, ex-ajudante de ordens de Bolsonaro,&nbsp;<a class=\"\" href=\"https:\/\/g1.globo.com\/politica\/noticia\/2023\/08\/17\/cid-vai-admitir-que-vendeu-joias-a-mando-de-bolsonaro-e-entregou-dinheiro-para-o-ex-presidente-diz-advogado.ghtml\">afirmou que seu cliente vai admitir que vendeu joias<\/a>&nbsp;da Presid\u00eancia a pedido de Bolsonaro. Al\u00e9m disso, Cid vai informar que passou o dinheiro para o ex-presidente.<\/p>\n\n\n\n<p>Cid est\u00e1 preso desde maio. Ele era um dos principais homens de confian\u00e7a de Bolsonaro ao longo do mandato na Presid\u00eancia.<\/p><div class=\"czzav69f51781e7e85\" ><!--<a href=\"https:\/\/bit.ly\/3QdrqTZ\" target=\"_blank\">\n<img src=\"https:\/\/justicapotiguar.com.br\/wp-content\/uploads\/2023\/09\/mobile-geral.gif\"\/><a\/>--><\/div><style type=\"text\/css\">\r\n.czzav69f51781e7e85 {\r\ntext-align: center;\r\n}\r\n@media screen and (min-width: 1201px) {\r\n.czzav69f51781e7e85 {\r\ndisplay: none;\r\n}\r\n}\r\n@media screen and (min-width: 993px) and (max-width: 1200px) {\r\n.czzav69f51781e7e85 {\r\ndisplay: none;\r\n}\r\n}\r\n@media screen and (min-width: 769px) and (max-width: 992px) {\r\n.czzav69f51781e7e85 {\r\ndisplay: none;\r\n}\r\n}\r\n@media screen and (min-width: 768px) and (max-width: 768px) {\r\n.czzav69f51781e7e85 {\r\ndisplay: block;\r\n}\r\n}\r\n@media screen and (max-width: 767px) {\r\n.czzav69f51781e7e85 {\r\ndisplay: block;\r\n}\r\n}\r\n<\/style>\r\n<div class=\"jpdkr69f51781e7e65\" ><!--<a href=\"https:\/\/bit.ly\/3QdrqTZ\" target=\"_blank\">\n<img src=\"https:\/\/justicapotiguar.com.br\/wp-content\/uploads\/2023\/09\/desktop-geral.gif\"\/><a\/>--><\/div><style type=\"text\/css\">\r\n.jpdkr69f51781e7e65 {\r\ntext-align: center;\nmargin-bottom: 1em;\r\n}\r\n@media screen and (min-width: 1201px) {\r\n.jpdkr69f51781e7e65 {\r\ndisplay: block;\r\n}\r\n}\r\n@media screen and (min-width: 993px) and (max-width: 1200px) {\r\n.jpdkr69f51781e7e65 {\r\ndisplay: block;\r\n}\r\n}\r\n@media screen and (min-width: 769px) and (max-width: 992px) {\r\n.jpdkr69f51781e7e65 {\r\ndisplay: block;\r\n}\r\n}\r\n@media screen and (min-width: 768px) and (max-width: 768px) {\r\n.jpdkr69f51781e7e65 {\r\ndisplay: none;\r\n}\r\n}\r\n@media screen and (max-width: 767px) {\r\n.jpdkr69f51781e7e65 {\r\ndisplay: none;\r\n}\r\n}\r\n<\/style>\r\n\n\n\n\n<p>As joias foram presentes dados a Bolsonaro no exerc\u00edcio do mandato. De acordo com o TCU, presentes dessa natureza devem ser incorporados ao acervo da Uni\u00e3o, e n\u00e3o podem ser vendidos como itens pessoais.<\/p>\n\n\n\n<p>Tamb\u00e9m nesta quinta,&nbsp;<a class=\"\" href=\"https:\/\/g1.globo.com\/politica\/noticia\/2023\/08\/17\/moraes-autoriza-cooperacao-internacional-para-quebra-de-sigilo-bancario-de-contas-de-investigados-do-caso-das-joias-de-bolsonaro-nos-eua.ghtml\">Moraes autorizou o pedido de coopera\u00e7\u00e3o internacional<\/a>&nbsp;feito pela&nbsp;<a class=\"\" href=\"https:\/\/g1.globo.com\/tudo-sobre\/policia-federal\/\">Pol\u00edcia Federal<\/a>&nbsp;(PF) para solicitar aos Estados Unidos a quebra de sigilo banc\u00e1rio das contas dos investigados no caso das joias presenteadas pela Ar\u00e1bia Saudita na Fl\u00f3rida.<\/p>\n","protected":false},"excerpt":{"rendered":"<p>O ministro&nbsp;Alexandre de Moraes, do Supremo Tribunal Federal (STF), determinou nesta quinta-feira (17) a quebra dos sigilo banc\u00e1rio e fiscal do ex-presidente&nbsp;Jair Bolsonaro&nbsp;e da ex-primeira-dama&nbsp;Michelle Bolsonaro. Mais cedo, o advogado Cezar Bittencourt, que faz a defesa de&nbsp;Mauro Cid, ex-ajudante de ordens de Bolsonaro,&nbsp;afirmou que seu cliente vai admitir que vendeu joias&nbsp;da Presid\u00eancia a pedido de<br \/><a class=\"more-link\" href=\"https:\/\/justicapotiguar.com.br\/index.php\/2023\/08\/18\/moraes-autoriza-quebra-dos-sigilos-bancario-e-fiscal-de-bolsonaro-e-de-michelle\/\">Mais&#8230;<\/a><\/p>\n","protected":false},"author":5,"featured_media":0,"comment_status":"open","ping_status":"open","sticky":false,"template":"","format":"standard","meta":[],"categories":[1],"tags":[],"_links":{"self":[{"href":"https:\/\/justicapotiguar.com.br\/index.php\/wp-json\/wp\/v2\/posts\/33359"}],"collection":[{"href":"https:\/\/justicapotiguar.com.br\/index.php\/wp-json\/wp\/v2\/posts"}],"about":[{"href":"https:\/\/justicapotiguar.com.br\/index.php\/wp-json\/wp\/v2\/types\/post"}],"author":[{"embeddable":true,"href":"https:\/\/justicapotiguar.com.br\/index.php\/wp-json\/wp\/v2\/users\/5"}],"replies":[{"embeddable":true,"href":"https:\/\/justicapotiguar.com.br\/index.php\/wp-json\/wp\/v2\/comments?post=33359"}],"version-history":[{"count":1,"href":"https:\/\/justicapotiguar.com.br\/index.php\/wp-json\/wp\/v2\/posts\/33359\/revisions"}],"predecessor-version":[{"id":33360,"href":"https:\/\/justicapotiguar.com.br\/index.php\/wp-json\/wp\/v2\/posts\/33359\/revisions\/33360"}],"wp:attachment":[{"href":"https:\/\/justicapotiguar.com.br\/index.php\/wp-json\/wp\/v2\/media?parent=33359"}],"wp:term":[{"taxonomy":"category","embeddable":true,"href":"https:\/\/justicapotiguar.com.br\/index.php\/wp-json\/wp\/v2\/categories?post=33359"},{"taxonomy":"post_tag","embeddable":true,"href":"https:\/\/justicapotiguar.com.br\/index.php\/wp-json\/wp\/v2\/tags?post=33359"}],"curies":[{"name":"wp","href":"https:\/\/api.w.org\/{rel}","templated":true}]}}