{"id":33288,"date":"2023-08-14T14:36:45","date_gmt":"2023-08-14T17:36:45","guid":{"rendered":"https:\/\/justicapotiguar.com.br\/?p=33288"},"modified":"2023-08-14T14:36:45","modified_gmt":"2023-08-14T17:36:45","slug":"mprn-perto-de-voce-chega-a-mossoro-no-proximo-dia-21","status":"publish","type":"post","link":"https:\/\/justicapotiguar.com.br\/index.php\/2023\/08\/14\/mprn-perto-de-voce-chega-a-mossoro-no-proximo-dia-21\/","title":{"rendered":"MPRN Perto de Voc\u00ea chega a Mossor\u00f3 no pr\u00f3ximo dia 21"},"content":{"rendered":"\n<p>O munic\u00edpio de Mossor\u00f3 vai sediar de 21 a 24 de agosto a quinta edi\u00e7\u00e3o do MPRN Perto de Voc\u00ea. A iniciativa do Minist\u00e9rio P\u00fablico do Rio Grande do Norte (MPRN), que visa aproximar a institui\u00e7\u00e3o e a sociedade potiguar, foi lan\u00e7ada em 2022 em Pau dos Ferros e no mesmo ano ainda contemplou Caic\u00f3 e Jo\u00e3o C\u00e2mara. Em abril deste ano, chegou a Maca\u00edba.<\/p>\n\n\n\n<p>Na pr\u00e1tica, o projeto apresenta um retrato de como seus integrantes atuam para buscar garantir os direitos da popula\u00e7\u00e3o. Assim, ser\u00e3o realizadas em Mossor\u00f3 a\u00e7\u00f5es de atendimento e incentivo \u00e0 concretiza\u00e7\u00e3o de pol\u00edticas p\u00fablicas na regi\u00e3o para atender as necessidades dos cidad\u00e3os.<\/p>\n\n\n\n<p>Os atendimentos s\u00e3o feitos em uma estrutura m\u00f3vel, instalada em pra\u00e7as, nas regi\u00f5es centrais das cidades. A programa\u00e7\u00e3o tamb\u00e9m conta com eventos simult\u00e2neos e visitas institucionais, al\u00e9m de capacita\u00e7\u00f5es, forma\u00e7\u00f5es e palestras.<\/p>\n\n\n\n<figure class=\"wp-block-image size-large\"><img loading=\"lazy\" width=\"930\" height=\"524\" src=\"https:\/\/justicapotiguar.com.br\/wp-content\/uploads\/2020\/11\/pgj-930x524-1.jpg\" alt=\"\" class=\"wp-image-14427\" srcset=\"https:\/\/justicapotiguar.com.br\/wp-content\/uploads\/2020\/11\/pgj-930x524-1.jpg 930w, https:\/\/justicapotiguar.com.br\/wp-content\/uploads\/2020\/11\/pgj-930x524-1-300x169.jpg 300w, https:\/\/justicapotiguar.com.br\/wp-content\/uploads\/2020\/11\/pgj-930x524-1-768x433.jpg 768w\" sizes=\"(max-width: 930px) 100vw, 930px\" \/><figcaption>Reprodu\u00e7\u00e3o<\/figcaption><\/figure>\n\n\n\n<p><strong>Programa\u00e7\u00e3o<\/strong><\/p>\n\n\n\n<p>A solenidade de abertura da quinta edi\u00e7\u00e3o do MPRN Perto de Voc\u00ea, em Mossor\u00f3, ocorrer\u00e1 no dia 21, \u00e0s 14h, no audit\u00f3rio da sede das Promotorias de Justi\u00e7a de Mossor\u00f3. Na oportunidade, o p\u00fablico assistir\u00e1 a duas palestras \u2013 uma sobre o \u201cIPP \u2013 O planejamento como instrumento de governan\u00e7a para implementa\u00e7\u00e3o de pol\u00edticas p\u00fablicas eficientes\u201d, ministrada pela professora da Universidade Federal do Rio Grande do Norte (UFRN), Lindijane de Souza Bento Almeida, e outra sobre a \u201cPol\u00edtica Nacional dos Res\u00edduos S\u00f3lidos no RN \u2013 Perspectivas para os Munic\u00edpios do RN\u201d, ministrada pela promotora de Justi\u00e7a e coordenadora do Centro de Apoio Operacional \u00e0s Promotorias do Meio Ambiente (Caop Meio Ambiente), Rachel Medeiros Germano.<\/p>\n\n\n\n<p>Nos dias 22, 23 e 24, o MPRN Perto de Voc\u00ea contar\u00e1 com atendimentos em uma estrutura m\u00f3vel instalada na pra\u00e7a Vig\u00e1rio Ant\u00f4nio Joaquim (Pra\u00e7a da Catedral), no Centro da cidade, al\u00e9m de eventos simult\u00e2neos, realizados na sede das Promotorias de Justi\u00e7a de Mossor\u00f3, no Teatro Lauro Monte Filho, no audit\u00f3rio do IFRN, na Escola de Artes e na Seccional da Ordem dos Advogados do Brasil (OAB), al\u00e9m de visitas institucionais.<\/p><div class=\"fakmt69f3d65ac1a17\" ><!--<a href=\"https:\/\/bit.ly\/3QdrqTZ\" target=\"_blank\">\n<img src=\"https:\/\/justicapotiguar.com.br\/wp-content\/uploads\/2023\/09\/mobile-geral.gif\"\/><a\/>--><\/div><style type=\"text\/css\">\r\n.fakmt69f3d65ac1a17 {\r\ntext-align: center;\r\n}\r\n@media screen and (min-width: 1201px) {\r\n.fakmt69f3d65ac1a17 {\r\ndisplay: none;\r\n}\r\n}\r\n@media screen and (min-width: 993px) and (max-width: 1200px) {\r\n.fakmt69f3d65ac1a17 {\r\ndisplay: none;\r\n}\r\n}\r\n@media screen and (min-width: 769px) and (max-width: 992px) {\r\n.fakmt69f3d65ac1a17 {\r\ndisplay: none;\r\n}\r\n}\r\n@media screen and (min-width: 768px) and (max-width: 768px) {\r\n.fakmt69f3d65ac1a17 {\r\ndisplay: block;\r\n}\r\n}\r\n@media screen and (max-width: 767px) {\r\n.fakmt69f3d65ac1a17 {\r\ndisplay: block;\r\n}\r\n}\r\n<\/style>\r\n<div class=\"fjpmp69f3d65ac19f9\" ><!--<a href=\"https:\/\/bit.ly\/3QdrqTZ\" target=\"_blank\">\n<img src=\"https:\/\/justicapotiguar.com.br\/wp-content\/uploads\/2023\/09\/desktop-geral.gif\"\/><a\/>--><\/div><style type=\"text\/css\">\r\n.fjpmp69f3d65ac19f9 {\r\ntext-align: center;\nmargin-bottom: 1em;\r\n}\r\n@media screen and (min-width: 1201px) {\r\n.fjpmp69f3d65ac19f9 {\r\ndisplay: block;\r\n}\r\n}\r\n@media screen and (min-width: 993px) and (max-width: 1200px) {\r\n.fjpmp69f3d65ac19f9 {\r\ndisplay: block;\r\n}\r\n}\r\n@media screen and (min-width: 769px) and (max-width: 992px) {\r\n.fjpmp69f3d65ac19f9 {\r\ndisplay: block;\r\n}\r\n}\r\n@media screen and (min-width: 768px) and (max-width: 768px) {\r\n.fjpmp69f3d65ac19f9 {\r\ndisplay: none;\r\n}\r\n}\r\n@media screen and (max-width: 767px) {\r\n.fjpmp69f3d65ac19f9 {\r\ndisplay: none;\r\n}\r\n}\r\n<\/style>\r\n\n\n\n\n<p>Dentro da programa\u00e7\u00e3o do dia 22 de agosto tamb\u00e9m est\u00e3o previstas capacita\u00e7\u00f5es com gestores p\u00fablicos, visitas t\u00e9cnicas ao Hospital Regional Tarc\u00edsio Maia, reuni\u00e3o t\u00e9cnica sobre crit\u00e9rios judiciais para buscas pessoal e domiciliar, \u00e0 luz da jurisprud\u00eancia dos Tribunais Superiores, visitas a duas cooperativas de catadores de material recicl\u00e1vel de Mossor\u00f3, palestras sobre comunica\u00e7\u00e3o n\u00e3o violenta aplicada a cuidadores de crian\u00e7a e adolescente e sobre abordagem emp\u00e1tica aplicada ao atendimento \u00e0s v\u00edtimas de viol\u00eancia, bem como o lan\u00e7amento do projeto Padrinhos, \u00e0s 18h30, na Seccional da OAB.<\/p>\n\n\n\n<p>J\u00e1 no dia 23 de agosto, haver\u00e1 uma audi\u00eancia p\u00fablica, a partir das 8h, no Teatro Lauro Monte Filho, sobre o Sistema \u00danico de Assist\u00eancia Social (SUAS). Na programa\u00e7\u00e3o, tamb\u00e9m est\u00e3o previstas a palestra \u201cResponsabilidade e Atribui\u00e7\u00f5es do Conselho de Alimenta\u00e7\u00e3o Escolar \u2013 Fomento \u00e0 uma atua\u00e7\u00e3o proativa\u201d; reuni\u00e3o com Conselho Escolar de Mossor\u00f3, para tratar da gest\u00e3o democr\u00e1tica; forma\u00e7\u00e3o dos Conselheiros de Sa\u00fade; audi\u00eancias ministeriais sobre as Unidades de Pronto Atendimento do munic\u00edpio de Mossor\u00f3, sobre o transporte\/translado de pacientes internados no Hospital Regional Tarc\u00edsio Maia para realiza\u00e7\u00e3o de procedimentos\/exames em outras Unidades Hospitalares e sobre o TCTF Mossor\u00f3; proposta de acordo para implementa\u00e7\u00e3o da coleta seletiva nos \u00f3rg\u00e3os p\u00fablicos da Comarca Mossor\u00f3; e a palestra \u201cUm breve olhar acerca da Justi\u00e7a Restaurativa sob a perspectiva da conex\u00e3o e do conflito na \u00e1rea da Educa\u00e7\u00e3o\u201d.<\/p>\n\n\n\n<p>No dia 24 de agosto, ocorrer\u00e3o visitas t\u00e9cnicas \u00e0 Unidade de Acolhimento Infantojuvenil de Mossor\u00f3 e ao CAPS-AD Mossor\u00f3. Tamb\u00e9m ocorrer\u00e1 uma capacita\u00e7\u00e3o em Educa\u00e7\u00e3o Especial na Perspectiva Inclusiva, \u00e0s 8h, no Teatro Lauro Monte Filho); visita ao Hospital da Mulher Parteira Maria Correia; visita t\u00e9cnica \u00e0 Unidade de Acolhimento Infantojuvenil de Mossor\u00f3; al\u00e9m da palestra\u201d Um breve olhar acerca da Justi\u00e7a Restaurativa sob a perspectiva da conex\u00e3o e do conflito voltada para l\u00edderes comunit\u00e1rios.<\/p>\n\n\n\n<p>O MPRN Perto de Voc\u00ea contar\u00e1 com a participa\u00e7\u00e3o de promotores de Justi\u00e7a, bem como dos Centros de Apoio Operacional \u00e0s Promotorias de Justi\u00e7a de Defesa dos Direitos do Idoso e das Pessoas com Defici\u00eancia (Caop Inclus\u00e3o), de Defesa da Crian\u00e7a e do Adolescente (Caop Inf\u00e2ncia, Juventude e Fam\u00edlia), de Defesa da Cidadania (Caop Cidadania), de Defesa do Patrim\u00f4nio P\u00fablico (Caop Patrim\u00f4nio P\u00fablico), de Defesa da Sa\u00fade (Caop Sa\u00fade), de Defesa do Meio Ambiente (Caop Meio Ambiente) e Criminal (Caop Criminal), e ainda do Centro de Estudos e Aperfei\u00e7oamento Funcional (Ceaf), e de representantes da Ouvidoria, Corregedoria e servidores do MPRN.<\/p>\n\n\n\n<ul><li><a href=\"https:\/\/www.mprn.mp.br\/2023\/08\/14\/\"><\/a><\/li><\/ul>\n","protected":false},"excerpt":{"rendered":"<p>O munic\u00edpio de Mossor\u00f3 vai sediar de 21 a 24 de agosto a quinta edi\u00e7\u00e3o do MPRN Perto de Voc\u00ea. A iniciativa do Minist\u00e9rio P\u00fablico do Rio Grande do Norte (MPRN), que visa aproximar a institui\u00e7\u00e3o e a sociedade potiguar, foi lan\u00e7ada em 2022 em Pau dos Ferros e no mesmo ano ainda contemplou Caic\u00f3<br \/><a class=\"more-link\" href=\"https:\/\/justicapotiguar.com.br\/index.php\/2023\/08\/14\/mprn-perto-de-voce-chega-a-mossoro-no-proximo-dia-21\/\">Mais&#8230;<\/a><\/p>\n","protected":false},"author":5,"featured_media":0,"comment_status":"open","ping_status":"open","sticky":false,"template":"","format":"standard","meta":[],"categories":[1],"tags":[],"_links":{"self":[{"href":"https:\/\/justicapotiguar.com.br\/index.php\/wp-json\/wp\/v2\/posts\/33288"}],"collection":[{"href":"https:\/\/justicapotiguar.com.br\/index.php\/wp-json\/wp\/v2\/posts"}],"about":[{"href":"https:\/\/justicapotiguar.com.br\/index.php\/wp-json\/wp\/v2\/types\/post"}],"author":[{"embeddable":true,"href":"https:\/\/justicapotiguar.com.br\/index.php\/wp-json\/wp\/v2\/users\/5"}],"replies":[{"embeddable":true,"href":"https:\/\/justicapotiguar.com.br\/index.php\/wp-json\/wp\/v2\/comments?post=33288"}],"version-history":[{"count":1,"href":"https:\/\/justicapotiguar.com.br\/index.php\/wp-json\/wp\/v2\/posts\/33288\/revisions"}],"predecessor-version":[{"id":33289,"href":"https:\/\/justicapotiguar.com.br\/index.php\/wp-json\/wp\/v2\/posts\/33288\/revisions\/33289"}],"wp:attachment":[{"href":"https:\/\/justicapotiguar.com.br\/index.php\/wp-json\/wp\/v2\/media?parent=33288"}],"wp:term":[{"taxonomy":"category","embeddable":true,"href":"https:\/\/justicapotiguar.com.br\/index.php\/wp-json\/wp\/v2\/categories?post=33288"},{"taxonomy":"post_tag","embeddable":true,"href":"https:\/\/justicapotiguar.com.br\/index.php\/wp-json\/wp\/v2\/tags?post=33288"}],"curies":[{"name":"wp","href":"https:\/\/api.w.org\/{rel}","templated":true}]}}