{"id":33184,"date":"2023-08-08T11:02:29","date_gmt":"2023-08-08T14:02:29","guid":{"rendered":"https:\/\/justicapotiguar.com.br\/?p=33184"},"modified":"2023-08-08T11:02:29","modified_gmt":"2023-08-08T14:02:29","slug":"com-desempate-de-zanin-stf-decide-julgar-honorarios-por-equidade","status":"publish","type":"post","link":"https:\/\/justicapotiguar.com.br\/index.php\/2023\/08\/08\/com-desempate-de-zanin-stf-decide-julgar-honorarios-por-equidade\/","title":{"rendered":"Com desempate de Zanin, STF decide julgar honor\u00e1rios por equidade"},"content":{"rendered":"\n<p>STF vai julgar recurso envolvendo a fixa\u00e7\u00e3o de honor\u00e1rios advocat\u00edcios por equidade&nbsp;exclusivamente&nbsp;em causas de valor elevado que tenham como parte a Fazenda. Ap\u00f3s voto de Cristiano Zanin desempatando an\u00e1lise, a Corte reconheceu que h\u00e1 repercuss\u00e3o geral e quest\u00e3o constitucional em recurso da Uni\u00e3o a favor dos honor\u00e1rios equitativos.<\/p>\n\n\n\n<p>Imbr\u00f3glio ser\u00e1 dirimido no Tema 1.255.\u00a0Conclu\u00edda a sess\u00e3o virtual sobre a repercuss\u00e3o nesta ter\u00e7a-feira, 8, o\u00a0RE ser\u00e1 distribu\u00eddo a um relator para dar seguimento ao julgamento do m\u00e9rito.<\/p>\n\n\n\n<figure class=\"wp-block-image size-large\"><img loading=\"lazy\" width=\"880\" height=\"533\" src=\"https:\/\/justicapotiguar.com.br\/wp-content\/uploads\/2023\/08\/https__img.migalhas.com_.br__SL__gf_base__SL__empresas__SL__MIGA__SL__imagens__SL__2023__SL__08__SL__08__SL__d7ad34dd-d0cc-4a48-b417-b8a02d9c6700.jpg._PROC_CP65.jpg\" alt=\"\" class=\"wp-image-33185\" srcset=\"https:\/\/justicapotiguar.com.br\/wp-content\/uploads\/2023\/08\/https__img.migalhas.com_.br__SL__gf_base__SL__empresas__SL__MIGA__SL__imagens__SL__2023__SL__08__SL__08__SL__d7ad34dd-d0cc-4a48-b417-b8a02d9c6700.jpg._PROC_CP65.jpg 880w, https:\/\/justicapotiguar.com.br\/wp-content\/uploads\/2023\/08\/https__img.migalhas.com_.br__SL__gf_base__SL__empresas__SL__MIGA__SL__imagens__SL__2023__SL__08__SL__08__SL__d7ad34dd-d0cc-4a48-b417-b8a02d9c6700.jpg._PROC_CP65-300x182.jpg 300w, https:\/\/justicapotiguar.com.br\/wp-content\/uploads\/2023\/08\/https__img.migalhas.com_.br__SL__gf_base__SL__empresas__SL__MIGA__SL__imagens__SL__2023__SL__08__SL__08__SL__d7ad34dd-d0cc-4a48-b417-b8a02d9c6700.jpg._PROC_CP65-768x465.jpg 768w\" sizes=\"(max-width: 880px) 100vw, 880px\" \/><figcaption>Imagem: Fellipe Sampaio\/SCO\/STF<\/figcaption><\/figure>\n\n\n\n<p><\/p>\n\n\n\n<p><br>A an\u00e1lise sobre a exist\u00eancia, ou n\u00e3o, de repercuss\u00e3o geral e quest\u00e3o constitucional no caso dos honor\u00e1rios por equidade teve in\u00edcio em plen\u00e1rio virtual em junho, quando o placar ficou 5 a 5.<\/p>\n\n\n\n<p>Votaram a favor da repercuss\u00e3o geral e da quest\u00e3o constitucional os ministros Gilmar Mendes, Alexandre de Moraes, Lu\u00eds Roberto Barroso, Andr\u00e9 Mendon\u00e7a e Dias Toffoli.<\/p>\n\n\n\n<p>Votaram contra a repercuss\u00e3o geral e o reconhecimento da quest\u00e3o constitucional os ministros Rosa Weber, Edson Fachin, Luiz Fux, Nunes Marques e C\u00e1rmen L\u00facia.<\/p>\n\n\n\n<p>Com a composi\u00e7\u00e3o incompleta em raz\u00e3o da aposentadoria de Lewandowski, a presidente da Corte, ministra Rosa Weber, suspendeu a an\u00e1lise e optou por esperar o 11\u00ba voto.<\/p>\n\n\n\n<p>Agora, com a manifesta\u00e7\u00e3o de Cristiano Zanin, o caso foi desempatado e definiu-se que foram cumpridos os requisitos de admissibilidade, de modo que a Suprema Corte vai julgar o recurso da Fazenda.<\/p>\n\n\n\n<p>Honor\u00e1rios por equidade<\/p>\n\n\n\n<p>Em mar\u00e7o de 2022, a Corte Especial do STJ decidiu que n\u00e3o \u00e9 permitida a fixa\u00e7\u00e3o de honor\u00e1rios por equidade em causas de valor elevado. \u00c9 obrigat\u00f3ria, nesses casos, a observ\u00e2ncia dos percentuais previstos no CPC. Defini\u00e7\u00e3o se deu por um placar de 7 a 5.<\/p>\n\n\n\n<p>Foram firmadas as seguintes teses jur\u00eddicas:<\/p><div class=\"gtgue69f49ae980840\" ><!--<a href=\"https:\/\/bit.ly\/3QdrqTZ\" target=\"_blank\">\n<img src=\"https:\/\/justicapotiguar.com.br\/wp-content\/uploads\/2023\/09\/mobile-geral.gif\"\/><a\/>--><\/div><style type=\"text\/css\">\r\n.gtgue69f49ae980840 {\r\ntext-align: center;\r\n}\r\n@media screen and (min-width: 1201px) {\r\n.gtgue69f49ae980840 {\r\ndisplay: none;\r\n}\r\n}\r\n@media screen and (min-width: 993px) and (max-width: 1200px) {\r\n.gtgue69f49ae980840 {\r\ndisplay: none;\r\n}\r\n}\r\n@media screen and (min-width: 769px) and (max-width: 992px) {\r\n.gtgue69f49ae980840 {\r\ndisplay: none;\r\n}\r\n}\r\n@media screen and (min-width: 768px) and (max-width: 768px) {\r\n.gtgue69f49ae980840 {\r\ndisplay: block;\r\n}\r\n}\r\n@media screen and (max-width: 767px) {\r\n.gtgue69f49ae980840 {\r\ndisplay: block;\r\n}\r\n}\r\n<\/style>\r\n<div class=\"twacm69f49ae98082d\" ><!--<a href=\"https:\/\/bit.ly\/3QdrqTZ\" target=\"_blank\">\n<img src=\"https:\/\/justicapotiguar.com.br\/wp-content\/uploads\/2023\/09\/desktop-geral.gif\"\/><a\/>--><\/div><style type=\"text\/css\">\r\n.twacm69f49ae98082d {\r\ntext-align: center;\nmargin-bottom: 1em;\r\n}\r\n@media screen and (min-width: 1201px) {\r\n.twacm69f49ae98082d {\r\ndisplay: block;\r\n}\r\n}\r\n@media screen and (min-width: 993px) and (max-width: 1200px) {\r\n.twacm69f49ae98082d {\r\ndisplay: block;\r\n}\r\n}\r\n@media screen and (min-width: 769px) and (max-width: 992px) {\r\n.twacm69f49ae98082d {\r\ndisplay: block;\r\n}\r\n}\r\n@media screen and (min-width: 768px) and (max-width: 768px) {\r\n.twacm69f49ae98082d {\r\ndisplay: none;\r\n}\r\n}\r\n@media screen and (max-width: 767px) {\r\n.twacm69f49ae98082d {\r\ndisplay: none;\r\n}\r\n}\r\n<\/style>\r\n\n\n\n\n<p>i) A fixa\u00e7\u00e3o dos honor\u00e1rios por aprecia\u00e7\u00e3o equitativa n\u00e3o \u00e9 permitida quando os valores da condena\u00e7\u00e3o, da causa ou o proveito econ\u00f4mico da demanda forem elevados. \u00c9 obrigat\u00f3ria nesses casos a observ\u00e2ncia dos percentuais previstos nos \u00a7\u00a7 2\u00ba ou 3\u00ba do artigo 85 do CPC &#8211; a depender da presen\u00e7a da Fazenda P\u00fablica na lide -, os quais ser\u00e3o subsequentemente calculados sobre o valor: (a) da condena\u00e7\u00e3o; ou (b) do proveito econ\u00f4mico obtido; ou (c) do valor atualizado da causa.<\/p>\n\n\n\n<p>ii) Apenas se admite arbitramento de honor\u00e1rios por equidade quando, havendo ou n\u00e3o condena\u00e7\u00e3o: (a) o proveito econ\u00f4mico obtido pelo vencedor for inestim\u00e1vel ou irris\u00f3rio; ou (b) o valor da causa for muito baixo.<\/p>\n\n\n\n<p>A tese foi clara no sentido de que s\u00f3 \u00e9 poss\u00edvel a fixa\u00e7\u00e3o de honor\u00e1rios por equidade (sem a aplica\u00e7\u00e3o dos percentuais previstos no CPC) quando o proveito econ\u00f4mico foi inestim\u00e1vel ou irris\u00f3rio &#8211; mas n\u00e3o quando for alto demais.<\/p>\n\n\n\n<p>A decis\u00e3o foi uma vit\u00f3ria para a OAB e para a advocacia.<\/p>\n\n\n\n<p>Recurso<\/p>\n\n\n\n<p>Em novembro de 2022, a Uni\u00e3o levou o caso ao STF, defendendo a possibilidade de fixa\u00e7\u00e3o de honor\u00e1rios por equidade em causas de alto valor em que a Fazenda seja parte.<\/p>\n\n\n\n<p>Agora, o recurso foi admitido, e aguarda ingresso na pauta.<\/p>\n\n\n\n<p>Acordo<\/p>\n\n\n\n<p>Em julho, o Conselho Federal da OAB, a AGU e o Conpeg &#8211; Col\u00e9gio Nacional de Procuradores-Gerais dos Estados e do DF apresentaram peti\u00e7\u00e3o ao STF para informar a inten\u00e7\u00e3o das entidades de chegarem a uma solu\u00e7\u00e3o consensual para a controv\u00e9rsia sobre a possibilidade de os \u00f3rg\u00e3os julgadores, por meio de interpreta\u00e7\u00e3o conforme \u00e0 Constitui\u00e7\u00e3o, estipularem honor\u00e1rios advocat\u00edcios mediante par\u00e2metros equitativos nas situa\u00e7\u00f5es em que a Fazenda P\u00fablica for parte e houver despropor\u00e7\u00e3o entre a remunera\u00e7\u00e3o digna do advogado e o trabalho efetivamente desenvolvido nos autos.<\/p>\n\n\n\n<p>Migalhas <\/p>\n","protected":false},"excerpt":{"rendered":"<p>STF vai julgar recurso envolvendo a fixa\u00e7\u00e3o de honor\u00e1rios advocat\u00edcios por equidade&nbsp;exclusivamente&nbsp;em causas de valor elevado que tenham como parte a Fazenda. Ap\u00f3s voto de Cristiano Zanin desempatando an\u00e1lise, a Corte reconheceu que h\u00e1 repercuss\u00e3o geral e quest\u00e3o constitucional em recurso da Uni\u00e3o a favor dos honor\u00e1rios equitativos. Imbr\u00f3glio ser\u00e1 dirimido no Tema 1.255.\u00a0Conclu\u00edda a<br \/><a class=\"more-link\" href=\"https:\/\/justicapotiguar.com.br\/index.php\/2023\/08\/08\/com-desempate-de-zanin-stf-decide-julgar-honorarios-por-equidade\/\">Mais&#8230;<\/a><\/p>\n","protected":false},"author":5,"featured_media":0,"comment_status":"open","ping_status":"open","sticky":false,"template":"","format":"standard","meta":[],"categories":[1],"tags":[],"_links":{"self":[{"href":"https:\/\/justicapotiguar.com.br\/index.php\/wp-json\/wp\/v2\/posts\/33184"}],"collection":[{"href":"https:\/\/justicapotiguar.com.br\/index.php\/wp-json\/wp\/v2\/posts"}],"about":[{"href":"https:\/\/justicapotiguar.com.br\/index.php\/wp-json\/wp\/v2\/types\/post"}],"author":[{"embeddable":true,"href":"https:\/\/justicapotiguar.com.br\/index.php\/wp-json\/wp\/v2\/users\/5"}],"replies":[{"embeddable":true,"href":"https:\/\/justicapotiguar.com.br\/index.php\/wp-json\/wp\/v2\/comments?post=33184"}],"version-history":[{"count":1,"href":"https:\/\/justicapotiguar.com.br\/index.php\/wp-json\/wp\/v2\/posts\/33184\/revisions"}],"predecessor-version":[{"id":33186,"href":"https:\/\/justicapotiguar.com.br\/index.php\/wp-json\/wp\/v2\/posts\/33184\/revisions\/33186"}],"wp:attachment":[{"href":"https:\/\/justicapotiguar.com.br\/index.php\/wp-json\/wp\/v2\/media?parent=33184"}],"wp:term":[{"taxonomy":"category","embeddable":true,"href":"https:\/\/justicapotiguar.com.br\/index.php\/wp-json\/wp\/v2\/categories?post=33184"},{"taxonomy":"post_tag","embeddable":true,"href":"https:\/\/justicapotiguar.com.br\/index.php\/wp-json\/wp\/v2\/tags?post=33184"}],"curies":[{"name":"wp","href":"https:\/\/api.w.org\/{rel}","templated":true}]}}