{"id":33182,"date":"2023-08-08T09:53:53","date_gmt":"2023-08-08T12:53:53","guid":{"rendered":"https:\/\/justicapotiguar.com.br\/?p=33182"},"modified":"2023-08-08T09:53:53","modified_gmt":"2023-08-08T12:53:53","slug":"justica-determina-cirurgia-de-glaucoma-em-crianca-de-6-anos-em-parnamirim","status":"publish","type":"post","link":"https:\/\/justicapotiguar.com.br\/index.php\/2023\/08\/08\/justica-determina-cirurgia-de-glaucoma-em-crianca-de-6-anos-em-parnamirim\/","title":{"rendered":"Justi\u00e7a determina cirurgia de glaucoma em crian\u00e7a de 6 anos em Parnamirim"},"content":{"rendered":"\n<p>A Vara da Inf\u00e2ncia, Juventude e Idoso de Parnamirim determinou que o poder p\u00fablico daquele munic\u00edpio realize cirurgia de glaucoma em uma crian\u00e7a de seis anos, usu\u00e1ria do Sistema \u00danico de Sa\u00fade \u2013 SUS. Conforme consta no processo, a demandante apresentou laudo m\u00e9dico circunstanciado, datado de julho de 2020, indicando ser portadora de glaucoma cong\u00eanito de dif\u00edcil controle, necessitando de cirurgia para implante de um tubo de drenagem, chamado Ahmed.     <\/p>\n\n\n\n<figure class=\"wp-block-image size-large\"><img loading=\"lazy\" width=\"1024\" height=\"683\" src=\"https:\/\/justicapotiguar.com.br\/wp-content\/uploads\/2019\/10\/cirurgia-002-1024x683.jpg\" alt=\"\" class=\"wp-image-3305\" srcset=\"https:\/\/justicapotiguar.com.br\/wp-content\/uploads\/2019\/10\/cirurgia-002-1024x683.jpg 1024w, https:\/\/justicapotiguar.com.br\/wp-content\/uploads\/2019\/10\/cirurgia-002-300x200.jpg 300w, https:\/\/justicapotiguar.com.br\/wp-content\/uploads\/2019\/10\/cirurgia-002-768x512.jpg 768w, https:\/\/justicapotiguar.com.br\/wp-content\/uploads\/2019\/10\/cirurgia-002.jpg 1125w\" sizes=\"(max-width: 1024px) 100vw, 1024px\" \/><figcaption>Ilustrativa<\/figcaption><\/figure>\n\n\n\n<p>Al\u00e9m disso, o laudo indicou que a n\u00e3o realiza\u00e7\u00e3o do procedimento m\u00e9dico \u201cpode acarretar a perda total e irrevers\u00edvel da vis\u00e3o do paciente\u201d, tendo, inclusive, o irm\u00e3o do requerente perdido a vis\u00e3o em decorr\u00eancia do mesmo problema de sa\u00fade.<\/p>\n\n\n\n<p>Ao analisar o processo, a ju\u00edza Iln\u00e1 Rosado destacou inicialmente que o Estatuto da Crian\u00e7a e do Adolescente &#8211; ECA, em seu artigo 11, assegura \u201catendimento integral \u00e0 sa\u00fade da crian\u00e7a e do adolescente, garantido o acesso universal e igualit\u00e1rio \u00e0s a\u00e7\u00f5es e servi\u00e7os para promo\u00e7\u00e3o, prote\u00e7\u00e3o e recupera\u00e7\u00e3o da sa\u00fade\u201d. E, logo em seguida, o mesmo estatuto disp\u00f5e que \u201cincumbe ao poder p\u00fablico fornecer gratuitamente \u00e0queles que necessitarem os medicamentos, pr\u00f3teses e outros recursos relativos ao tratamento, habilita\u00e7\u00e3o ou reabilita\u00e7\u00e3o\u201d.<\/p><div class=\"ydhjw69f2c07ad6d60\" ><!--<a href=\"https:\/\/bit.ly\/3QdrqTZ\" target=\"_blank\">\n<img src=\"https:\/\/justicapotiguar.com.br\/wp-content\/uploads\/2023\/09\/mobile-geral.gif\"\/><a\/>--><\/div><style type=\"text\/css\">\r\n.ydhjw69f2c07ad6d60 {\r\ntext-align: center;\r\n}\r\n@media screen and (min-width: 1201px) {\r\n.ydhjw69f2c07ad6d60 {\r\ndisplay: none;\r\n}\r\n}\r\n@media screen and (min-width: 993px) and (max-width: 1200px) {\r\n.ydhjw69f2c07ad6d60 {\r\ndisplay: none;\r\n}\r\n}\r\n@media screen and (min-width: 769px) and (max-width: 992px) {\r\n.ydhjw69f2c07ad6d60 {\r\ndisplay: none;\r\n}\r\n}\r\n@media screen and (min-width: 768px) and (max-width: 768px) {\r\n.ydhjw69f2c07ad6d60 {\r\ndisplay: block;\r\n}\r\n}\r\n@media screen and (max-width: 767px) {\r\n.ydhjw69f2c07ad6d60 {\r\ndisplay: block;\r\n}\r\n}\r\n<\/style>\r\n<div class=\"cycck69f2c07ad6d4c\" ><!--<a href=\"https:\/\/bit.ly\/3QdrqTZ\" target=\"_blank\">\n<img src=\"https:\/\/justicapotiguar.com.br\/wp-content\/uploads\/2023\/09\/desktop-geral.gif\"\/><a\/>--><\/div><style type=\"text\/css\">\r\n.cycck69f2c07ad6d4c {\r\ntext-align: center;\nmargin-bottom: 1em;\r\n}\r\n@media screen and (min-width: 1201px) {\r\n.cycck69f2c07ad6d4c {\r\ndisplay: block;\r\n}\r\n}\r\n@media screen and (min-width: 993px) and (max-width: 1200px) {\r\n.cycck69f2c07ad6d4c {\r\ndisplay: block;\r\n}\r\n}\r\n@media screen and (min-width: 769px) and (max-width: 992px) {\r\n.cycck69f2c07ad6d4c {\r\ndisplay: block;\r\n}\r\n}\r\n@media screen and (min-width: 768px) and (max-width: 768px) {\r\n.cycck69f2c07ad6d4c {\r\ndisplay: none;\r\n}\r\n}\r\n@media screen and (max-width: 767px) {\r\n.cycck69f2c07ad6d4c {\r\ndisplay: none;\r\n}\r\n}\r\n<\/style>\r\n\n\n\n\n<p>A magistrada tamb\u00e9m fez refer\u00eancia ao princ\u00edpio da prioridade absoluta, previsto no artigo 4\u00ba do ECA, o qual estabelece \u201cque a crian\u00e7a e o adolescente dever\u00e3o estar em primeiro lugar na escala de preocupa\u00e7\u00e3o dos governantes\u201d. Nesse sentido, ela esclareceu que inicialmente devem ser atendidas todas as necessidades das crian\u00e7as e adolescentes, em preponder\u00e2ncia \u201ca qualquer outro bem ou interesse juridicamente tutelado, levando em conta a destina\u00e7\u00e3o social da lei e o respeito \u00e0 condi\u00e7\u00e3o peculiar dessas pessoas, por estarem em fase de desenvolvimento\u201d.<\/p>\n\n\n\n<p>Em rela\u00e7\u00e3o ao caso concreto, a ju\u00edza ainda frisou que a necessidade de realiza\u00e7\u00e3o do procedimento para a crian\u00e7a \u201cn\u00e3o pode ser negligenciada pelo Estado, sob pena de grave e irrevers\u00edvel preju\u00edzo \u00e0 sa\u00fade do infante\u201d. E apontou, a omiss\u00e3o estatal como \u201cpatente, sendo assim necess\u00e1ria a interven\u00e7\u00e3o do Judici\u00e1rio\u201d.<\/p>\n\n\n\n<p>Desse modo, no final da senten\u00e7a, a magistrada concluiu ser indispens\u00e1vel a medida pleiteada, bem como o acesso \u00e0s terapias e aos exames necess\u00e1rios, conforme laudo m\u00e9dico circunstanciado, e determinou o imediato fornecimento ou custeio do procedimento de sa\u00fade.<\/p>\n","protected":false},"excerpt":{"rendered":"<p>A Vara da Inf\u00e2ncia, Juventude e Idoso de Parnamirim determinou que o poder p\u00fablico daquele munic\u00edpio realize cirurgia de glaucoma em uma crian\u00e7a de seis anos, usu\u00e1ria do Sistema \u00danico de Sa\u00fade \u2013 SUS. Conforme consta no processo, a demandante apresentou laudo m\u00e9dico circunstanciado, datado de julho de 2020, indicando ser portadora de glaucoma cong\u00eanito<br \/><a class=\"more-link\" href=\"https:\/\/justicapotiguar.com.br\/index.php\/2023\/08\/08\/justica-determina-cirurgia-de-glaucoma-em-crianca-de-6-anos-em-parnamirim\/\">Mais&#8230;<\/a><\/p>\n","protected":false},"author":5,"featured_media":0,"comment_status":"open","ping_status":"open","sticky":false,"template":"","format":"standard","meta":[],"categories":[1],"tags":[],"_links":{"self":[{"href":"https:\/\/justicapotiguar.com.br\/index.php\/wp-json\/wp\/v2\/posts\/33182"}],"collection":[{"href":"https:\/\/justicapotiguar.com.br\/index.php\/wp-json\/wp\/v2\/posts"}],"about":[{"href":"https:\/\/justicapotiguar.com.br\/index.php\/wp-json\/wp\/v2\/types\/post"}],"author":[{"embeddable":true,"href":"https:\/\/justicapotiguar.com.br\/index.php\/wp-json\/wp\/v2\/users\/5"}],"replies":[{"embeddable":true,"href":"https:\/\/justicapotiguar.com.br\/index.php\/wp-json\/wp\/v2\/comments?post=33182"}],"version-history":[{"count":1,"href":"https:\/\/justicapotiguar.com.br\/index.php\/wp-json\/wp\/v2\/posts\/33182\/revisions"}],"predecessor-version":[{"id":33183,"href":"https:\/\/justicapotiguar.com.br\/index.php\/wp-json\/wp\/v2\/posts\/33182\/revisions\/33183"}],"wp:attachment":[{"href":"https:\/\/justicapotiguar.com.br\/index.php\/wp-json\/wp\/v2\/media?parent=33182"}],"wp:term":[{"taxonomy":"category","embeddable":true,"href":"https:\/\/justicapotiguar.com.br\/index.php\/wp-json\/wp\/v2\/categories?post=33182"},{"taxonomy":"post_tag","embeddable":true,"href":"https:\/\/justicapotiguar.com.br\/index.php\/wp-json\/wp\/v2\/tags?post=33182"}],"curies":[{"name":"wp","href":"https:\/\/api.w.org\/{rel}","templated":true}]}}