{"id":33044,"date":"2023-07-28T14:55:23","date_gmt":"2023-07-28T17:55:23","guid":{"rendered":"https:\/\/justicapotiguar.com.br\/?p=33044"},"modified":"2023-07-28T14:55:23","modified_gmt":"2023-07-28T17:55:23","slug":"estado-deve-pagar-indenizacao-a-filho-que-teve-pai-morto-em-presidio-no-rn","status":"publish","type":"post","link":"https:\/\/justicapotiguar.com.br\/index.php\/2023\/07\/28\/estado-deve-pagar-indenizacao-a-filho-que-teve-pai-morto-em-presidio-no-rn\/","title":{"rendered":"Estado deve pagar indeniza\u00e7\u00e3o a filho que teve pai morto em pres\u00eddio no RN"},"content":{"rendered":"\n<p>A 2\u00aa Turma da 3\u00aa C\u00e2mara C\u00edvel, \u00e0 unanimidade de votos, negou recurso do Estado do Rio Grande do Norte e manteve senten\u00e7a da 1\u00aa Vara da Comarca de Pau dos Ferros que o condenou a pagar, a uma crian\u00e7a de nove anos de idade, indeniza\u00e7\u00e3o pelos danos morais e materiais sofridos diante o \u00f3bito do seu pai, ocorrida nas depend\u00eancias de uma unidade prisional na qual o homem cumpria pena. O fato ocorreu em meados de 2016.<\/p>\n\n\n\n<p>O menino foi representado em Ju\u00edzo pela m\u00e3e, que ingressou com pedidos de indeniza\u00e7\u00e3o por perdas e de danos e de tutela antecipada em decorr\u00eancia da morte do companheiro, ocorrida dentro do Centro de Deten\u00e7\u00e3o Provis\u00f3ria de Cara\u00fabas. Consta nos autos que o falecido teve um relacionamento de tr\u00eas anos com a m\u00e3e do menor, que nasceu no ano de 2014.<\/p>\n\n\n\n<p>Foi relatado que, minutos antes do acontecido, o homem ligou para sua m\u00e3e muito apavorado dizendo que iam o matar e caso ocorresse enforcamento com ele, n\u00e3o seria suic\u00eddio, pois os colegas estavam lhe amea\u00e7ando de morte por enforcamento. Consta tamb\u00e9m que, poucos instantes depois, a mulher teria recebido a not\u00edcia da morte de seu filho e que a causa da morte que foi descrita na certid\u00e3o de \u00f3bito foi de enforcamento, mas que tamb\u00e9m haviam sinais vis\u00edveis de forte pancada na cabe\u00e7a da v\u00edtima.<\/p>\n\n\n\n<p>Ao condenar o Estado, a Justi\u00e7a de Primeiro Grau determinou o pagamento de danos morais no valor de R$ 20 mil, bem como ao pagamento de pens\u00e3o mensal ao menor no valor correspondente a 2\/3 do sal\u00e1rio-m\u00ednimo desde a data do \u00f3bito do pai do autor, at\u00e9 a data em que completar 25 anos, incluindo o valor de 13\u00ba sal\u00e1rio.<\/p>\n\n\n\n<figure class=\"wp-block-image size-large\"><img loading=\"lazy\" width=\"1016\" height=\"598\" src=\"https:\/\/justicapotiguar.com.br\/wp-content\/uploads\/2019\/09\/pris\u00e3o.jpg\" alt=\"\" class=\"wp-image-2153\" srcset=\"https:\/\/justicapotiguar.com.br\/wp-content\/uploads\/2019\/09\/pris\u00e3o.jpg 1016w, https:\/\/justicapotiguar.com.br\/wp-content\/uploads\/2019\/09\/pris\u00e3o-300x177.jpg 300w, https:\/\/justicapotiguar.com.br\/wp-content\/uploads\/2019\/09\/pris\u00e3o-768x452.jpg 768w\" sizes=\"(max-width: 1016px) 100vw, 1016px\" \/><figcaption>Ilustrativa<\/figcaption><\/figure>\n\n\n\n<p>Inconformado, o ente estatal recorreu alegando que n\u00e3o houve omiss\u00e3o de cuidados para com o pai do autor, diante suposta neglig\u00eancia por parte dos agentes estatais. Assegurou que nesses casos de eventual omiss\u00e3o administrativa, a doutrina e a jurisprud\u00eancia entende que a responsabilidade do Estado se d\u00e1 na modalidade subjetiva, sendo necess\u00e1ria a comprova\u00e7\u00e3o da culpa ou dolo do agente estatal ou falha na presta\u00e7\u00e3o do servi\u00e7o por parte a administra\u00e7\u00e3o p\u00fablica.<\/p><div class=\"ntqsk69f28ee98f136\" ><!--<a href=\"https:\/\/bit.ly\/3QdrqTZ\" target=\"_blank\">\n<img src=\"https:\/\/justicapotiguar.com.br\/wp-content\/uploads\/2023\/09\/mobile-geral.gif\"\/><a\/>--><\/div><style type=\"text\/css\">\r\n.ntqsk69f28ee98f136 {\r\ntext-align: center;\r\n}\r\n@media screen and (min-width: 1201px) {\r\n.ntqsk69f28ee98f136 {\r\ndisplay: none;\r\n}\r\n}\r\n@media screen and (min-width: 993px) and (max-width: 1200px) {\r\n.ntqsk69f28ee98f136 {\r\ndisplay: none;\r\n}\r\n}\r\n@media screen and (min-width: 769px) and (max-width: 992px) {\r\n.ntqsk69f28ee98f136 {\r\ndisplay: none;\r\n}\r\n}\r\n@media screen and (min-width: 768px) and (max-width: 768px) {\r\n.ntqsk69f28ee98f136 {\r\ndisplay: block;\r\n}\r\n}\r\n@media screen and (max-width: 767px) {\r\n.ntqsk69f28ee98f136 {\r\ndisplay: block;\r\n}\r\n}\r\n<\/style>\r\n<div class=\"kyyeo69f28ee98f11b\" ><!--<a href=\"https:\/\/bit.ly\/3QdrqTZ\" target=\"_blank\">\n<img src=\"https:\/\/justicapotiguar.com.br\/wp-content\/uploads\/2023\/09\/desktop-geral.gif\"\/><a\/>--><\/div><style type=\"text\/css\">\r\n.kyyeo69f28ee98f11b {\r\ntext-align: center;\nmargin-bottom: 1em;\r\n}\r\n@media screen and (min-width: 1201px) {\r\n.kyyeo69f28ee98f11b {\r\ndisplay: block;\r\n}\r\n}\r\n@media screen and (min-width: 993px) and (max-width: 1200px) {\r\n.kyyeo69f28ee98f11b {\r\ndisplay: block;\r\n}\r\n}\r\n@media screen and (min-width: 769px) and (max-width: 992px) {\r\n.kyyeo69f28ee98f11b {\r\ndisplay: block;\r\n}\r\n}\r\n@media screen and (min-width: 768px) and (max-width: 768px) {\r\n.kyyeo69f28ee98f11b {\r\ndisplay: none;\r\n}\r\n}\r\n@media screen and (max-width: 767px) {\r\n.kyyeo69f28ee98f11b {\r\ndisplay: none;\r\n}\r\n}\r\n<\/style>\r\n\n\n\n\n<p>Explicou ainda que no caso dos autos, para estabelecer o dever de indenizar, se fazia necess\u00e1rio a presen\u00e7a dos elementos b\u00e1sicos caracterizadores da responsabilidade civil do Estado, que s\u00e3o a conduta do agente estatal; dono experimentado e nexo de causalidade entre um e outro, nos termos do art. 37, \u00a76\u00ba da CF, mais a comprova\u00e7\u00e3o do dolo ou culpa por parte do agente estatal.<\/p>\n\n\n\n<p>Por fim, relatou que a documenta\u00e7\u00e3o anexada aos autos \u00e9 clara no sentido de que n\u00e3o houve nenhuma omiss\u00e3o a ser imputada ao ente estatal, de modo que n\u00e3o deve se falar em ato il\u00edcito capaz de gerar indeniza\u00e7\u00e3o. Destacou que a indeniza\u00e7\u00e3o pleiteada n\u00e3o pode apresentar-se extravagante que leve a um enriquecimento injusto, logo a quantia requerida pelo autor torna-se incompat\u00edvel com a sua situa\u00e7\u00e3o econ\u00f4mico-social, devendo o valor indenizat\u00f3rio a t\u00edtulo de dano moral ser diminu\u00eddo.<\/p>\n\n\n\n<p>Ao analisar o recurso, o relator, desembargador Jo\u00e3o Rebou\u00e7as entendeu que n\u00e3o se pode desconsiderar que houve falha administrativa, j\u00e1 que o Estado n\u00e3o foi capaz de comprovar a sua tese de que teria ocorrido suposto suic\u00eddio ou qualquer outra causa que exclu\u00edsse o nexo de causalidade entre a sua omiss\u00e3o quanto ao dever de proteger o detento e o resultado morte verificado.<\/p>\n\n\n\n<p>\u201cDiante disso, estabelecido o nexo causal e o resultado do evento, conclui-se que est\u00e1 configurada a responsabilidade civil do recorrente pela morte do preso, pai do apelado, configurando dessa forma a falha estatal no dever de prote\u00e7\u00e3o previsto na Constitui\u00e7\u00e3o Federal\u201d, assinalou, entendendo que o valor de R$ 20 mil aplicado pelo ju\u00edzo na primeira inst\u00e2ncia \u201cse faz suficiente a amparar o dano moral sofrido pelo apelado\u201d.<\/p>\n","protected":false},"excerpt":{"rendered":"<p>A 2\u00aa Turma da 3\u00aa C\u00e2mara C\u00edvel, \u00e0 unanimidade de votos, negou recurso do Estado do Rio Grande do Norte e manteve senten\u00e7a da 1\u00aa Vara da Comarca de Pau dos Ferros que o condenou a pagar, a uma crian\u00e7a de nove anos de idade, indeniza\u00e7\u00e3o pelos danos morais e materiais sofridos diante o \u00f3bito<br \/><a class=\"more-link\" href=\"https:\/\/justicapotiguar.com.br\/index.php\/2023\/07\/28\/estado-deve-pagar-indenizacao-a-filho-que-teve-pai-morto-em-presidio-no-rn\/\">Mais&#8230;<\/a><\/p>\n","protected":false},"author":5,"featured_media":0,"comment_status":"open","ping_status":"open","sticky":false,"template":"","format":"standard","meta":[],"categories":[1],"tags":[],"_links":{"self":[{"href":"https:\/\/justicapotiguar.com.br\/index.php\/wp-json\/wp\/v2\/posts\/33044"}],"collection":[{"href":"https:\/\/justicapotiguar.com.br\/index.php\/wp-json\/wp\/v2\/posts"}],"about":[{"href":"https:\/\/justicapotiguar.com.br\/index.php\/wp-json\/wp\/v2\/types\/post"}],"author":[{"embeddable":true,"href":"https:\/\/justicapotiguar.com.br\/index.php\/wp-json\/wp\/v2\/users\/5"}],"replies":[{"embeddable":true,"href":"https:\/\/justicapotiguar.com.br\/index.php\/wp-json\/wp\/v2\/comments?post=33044"}],"version-history":[{"count":1,"href":"https:\/\/justicapotiguar.com.br\/index.php\/wp-json\/wp\/v2\/posts\/33044\/revisions"}],"predecessor-version":[{"id":33045,"href":"https:\/\/justicapotiguar.com.br\/index.php\/wp-json\/wp\/v2\/posts\/33044\/revisions\/33045"}],"wp:attachment":[{"href":"https:\/\/justicapotiguar.com.br\/index.php\/wp-json\/wp\/v2\/media?parent=33044"}],"wp:term":[{"taxonomy":"category","embeddable":true,"href":"https:\/\/justicapotiguar.com.br\/index.php\/wp-json\/wp\/v2\/categories?post=33044"},{"taxonomy":"post_tag","embeddable":true,"href":"https:\/\/justicapotiguar.com.br\/index.php\/wp-json\/wp\/v2\/tags?post=33044"}],"curies":[{"name":"wp","href":"https:\/\/api.w.org\/{rel}","templated":true}]}}