{"id":32787,"date":"2023-07-13T13:45:13","date_gmt":"2023-07-13T16:45:13","guid":{"rendered":"https:\/\/justicapotiguar.com.br\/?p=32787"},"modified":"2023-07-13T13:45:13","modified_gmt":"2023-07-13T16:45:13","slug":"stf-diz-que-fala-de-barroso-sobre-bolsonarismo-nao-se-referia-a-corte","status":"publish","type":"post","link":"https:\/\/justicapotiguar.com.br\/index.php\/2023\/07\/13\/stf-diz-que-fala-de-barroso-sobre-bolsonarismo-nao-se-referia-a-corte\/","title":{"rendered":"STF diz que fala de Barroso sobre bolsonarismo n\u00e3o se referia \u00e0 Corte"},"content":{"rendered":"\n<figure class=\"wp-block-image size-large\"><img loading=\"lazy\" width=\"868\" height=\"644\" src=\"https:\/\/justicapotiguar.com.br\/wp-content\/uploads\/2020\/05\/barroso-stf-868x644.jpg\" alt=\"\" class=\"wp-image-9983\" srcset=\"https:\/\/justicapotiguar.com.br\/wp-content\/uploads\/2020\/05\/barroso-stf-868x644.jpg 868w, https:\/\/justicapotiguar.com.br\/wp-content\/uploads\/2020\/05\/barroso-stf-868x644-300x223.jpg 300w, https:\/\/justicapotiguar.com.br\/wp-content\/uploads\/2020\/05\/barroso-stf-868x644-768x570.jpg 768w\" sizes=\"(max-width: 868px) 100vw, 868px\" \/><figcaption>Foto: S\u00e9rgio Lima \/ Poder 360<\/figcaption><\/figure>\n\n\n\n<p>O&nbsp;<a href=\"https:\/\/noticias.uol.com.br\/politica\/stf-supremo-tribunal-federal\/\">STF<\/a>&nbsp;(Supremo Tribunal Federal) divulgou uma nota hoje para afirmar que a fala do ministro Lu\u00eds Roberto Barroso sobre derrotar o bolsonarismo,<a href=\"https:\/\/noticias.uol.com.br\/politica\/ultimas-noticias\/2023\/07\/13\/barroso-e-vaiado-em-evento-da-une-e-responde-derrotamos-o-bolsonarismo.htm\" target=\"_blank\" rel=\"noreferrer noopener\">&nbsp;feita durante congresso da UNE (Uni\u00e3o Nacional dos Estudantes) ontem,<\/a>&nbsp;n\u00e3o se referia &#8220;\u00e0 atua\u00e7\u00e3o de qualquer institui\u00e7\u00e3o&#8221;.<\/p>\n\n\n\n<h2>O que aconteceu:<\/h2>\n\n\n\n<p><strong>O comunicado diz que a frase &#8220;n\u00f3s derrotamos a ditadura e o bolsonarismo&#8221; referia-se ao voto popular.<\/strong><\/p>\n\n\n\n<p><strong>A nota tamb\u00e9m minimiza o fato de Barroso ter sido vaiado durante o discurso<\/strong>. &#8220;As vaias &#8211; que fazem parte da democracia &#8211; vieram de um pequeno grupo ligado ao Partido Comunista Brasileiro, que faz oposi\u00e7\u00e3o \u00e0 atual gest\u00e3o da UNE&#8221;.<\/p><div class=\"exvwk69ef4e9e1bbe4\" ><!--<a href=\"https:\/\/bit.ly\/3QdrqTZ\" target=\"_blank\">\n<img src=\"https:\/\/justicapotiguar.com.br\/wp-content\/uploads\/2023\/09\/mobile-geral.gif\"\/><a\/>--><\/div><style type=\"text\/css\">\r\n.exvwk69ef4e9e1bbe4 {\r\ntext-align: center;\r\n}\r\n@media screen and (min-width: 1201px) {\r\n.exvwk69ef4e9e1bbe4 {\r\ndisplay: none;\r\n}\r\n}\r\n@media screen and (min-width: 993px) and (max-width: 1200px) {\r\n.exvwk69ef4e9e1bbe4 {\r\ndisplay: none;\r\n}\r\n}\r\n@media screen and (min-width: 769px) and (max-width: 992px) {\r\n.exvwk69ef4e9e1bbe4 {\r\ndisplay: none;\r\n}\r\n}\r\n@media screen and (min-width: 768px) and (max-width: 768px) {\r\n.exvwk69ef4e9e1bbe4 {\r\ndisplay: block;\r\n}\r\n}\r\n@media screen and (max-width: 767px) {\r\n.exvwk69ef4e9e1bbe4 {\r\ndisplay: block;\r\n}\r\n}\r\n<\/style>\r\n<div class=\"wsuei69ef4e9e1bbc9\" ><!--<a href=\"https:\/\/bit.ly\/3QdrqTZ\" target=\"_blank\">\n<img src=\"https:\/\/justicapotiguar.com.br\/wp-content\/uploads\/2023\/09\/desktop-geral.gif\"\/><a\/>--><\/div><style type=\"text\/css\">\r\n.wsuei69ef4e9e1bbc9 {\r\ntext-align: center;\nmargin-bottom: 1em;\r\n}\r\n@media screen and (min-width: 1201px) {\r\n.wsuei69ef4e9e1bbc9 {\r\ndisplay: block;\r\n}\r\n}\r\n@media screen and (min-width: 993px) and (max-width: 1200px) {\r\n.wsuei69ef4e9e1bbc9 {\r\ndisplay: block;\r\n}\r\n}\r\n@media screen and (min-width: 769px) and (max-width: 992px) {\r\n.wsuei69ef4e9e1bbc9 {\r\ndisplay: block;\r\n}\r\n}\r\n@media screen and (min-width: 768px) and (max-width: 768px) {\r\n.wsuei69ef4e9e1bbc9 {\r\ndisplay: none;\r\n}\r\n}\r\n@media screen and (max-width: 767px) {\r\n.wsuei69ef4e9e1bbc9 {\r\ndisplay: none;\r\n}\r\n}\r\n<\/style>\r\n\n\n\n\n<p>O Ministro do STF Lu\u00eds Roberto Barroso, o Ministro da Justi\u00e7a, Flavio Dino, e o Deputado Federal Orlando Silva estiveram juntos, no Congresso da UNE, para uma breve interven\u00e7\u00e3o sobre autoritarismo e discursos de \u00f3dio. Todos eles participaram do Movimento Estudantil na sua juventude. Apesar do divulgado, os tr\u00eas foram muito aplaudidos. As vaias &#8211; que fazem parte da democracia &#8211; vieram de um pequeno grupo ligado ao Partido Comunista Brasileiro, que faz oposi\u00e7\u00e3o \u00e0 atual gest\u00e3o da UNE. Como se extrai claramente do contexto da fala do Ministro Barroso, a frase &#8220;N\u00f3s derrotamos a ditadura e o bolsonarismo&#8221; referia-se ao voto popular e n\u00e3o \u00e0 atua\u00e7\u00e3o de qualquer institui\u00e7\u00e3o&#8221;, diz o STF.<\/p>\n\n\n\n<p>UOL<\/p>\n","protected":false},"excerpt":{"rendered":"<p>O&nbsp;STF&nbsp;(Supremo Tribunal Federal) divulgou uma nota hoje para afirmar que a fala do ministro Lu\u00eds Roberto Barroso sobre derrotar o bolsonarismo,&nbsp;feita durante congresso da UNE (Uni\u00e3o Nacional dos Estudantes) ontem,&nbsp;n\u00e3o se referia &#8220;\u00e0 atua\u00e7\u00e3o de qualquer institui\u00e7\u00e3o&#8221;. O que aconteceu: O comunicado diz que a frase &#8220;n\u00f3s derrotamos a ditadura e o bolsonarismo&#8221; referia-se ao<br \/><a class=\"more-link\" href=\"https:\/\/justicapotiguar.com.br\/index.php\/2023\/07\/13\/stf-diz-que-fala-de-barroso-sobre-bolsonarismo-nao-se-referia-a-corte\/\">Mais&#8230;<\/a><\/p>\n","protected":false},"author":5,"featured_media":0,"comment_status":"open","ping_status":"open","sticky":false,"template":"","format":"standard","meta":[],"categories":[1],"tags":[],"_links":{"self":[{"href":"https:\/\/justicapotiguar.com.br\/index.php\/wp-json\/wp\/v2\/posts\/32787"}],"collection":[{"href":"https:\/\/justicapotiguar.com.br\/index.php\/wp-json\/wp\/v2\/posts"}],"about":[{"href":"https:\/\/justicapotiguar.com.br\/index.php\/wp-json\/wp\/v2\/types\/post"}],"author":[{"embeddable":true,"href":"https:\/\/justicapotiguar.com.br\/index.php\/wp-json\/wp\/v2\/users\/5"}],"replies":[{"embeddable":true,"href":"https:\/\/justicapotiguar.com.br\/index.php\/wp-json\/wp\/v2\/comments?post=32787"}],"version-history":[{"count":1,"href":"https:\/\/justicapotiguar.com.br\/index.php\/wp-json\/wp\/v2\/posts\/32787\/revisions"}],"predecessor-version":[{"id":32788,"href":"https:\/\/justicapotiguar.com.br\/index.php\/wp-json\/wp\/v2\/posts\/32787\/revisions\/32788"}],"wp:attachment":[{"href":"https:\/\/justicapotiguar.com.br\/index.php\/wp-json\/wp\/v2\/media?parent=32787"}],"wp:term":[{"taxonomy":"category","embeddable":true,"href":"https:\/\/justicapotiguar.com.br\/index.php\/wp-json\/wp\/v2\/categories?post=32787"},{"taxonomy":"post_tag","embeddable":true,"href":"https:\/\/justicapotiguar.com.br\/index.php\/wp-json\/wp\/v2\/tags?post=32787"}],"curies":[{"name":"wp","href":"https:\/\/api.w.org\/{rel}","templated":true}]}}