{"id":32716,"date":"2023-07-10T14:28:00","date_gmt":"2023-07-10T17:28:00","guid":{"rendered":"https:\/\/justicapotiguar.com.br\/?p=32716"},"modified":"2023-07-10T13:09:54","modified_gmt":"2023-07-10T16:09:54","slug":"acao-conjunta-do-mprn-e-pm-captura-condenado-pelo-sequestro-da-irma-do-jogador-hulk","status":"publish","type":"post","link":"https:\/\/justicapotiguar.com.br\/index.php\/2023\/07\/10\/acao-conjunta-do-mprn-e-pm-captura-condenado-pelo-sequestro-da-irma-do-jogador-hulk\/","title":{"rendered":"A\u00e7\u00e3o conjunta do MPRN e PM captura condenado pelo sequestro da irm\u00e3 do jogador Hulk"},"content":{"rendered":"\n<figure class=\"wp-block-image size-large\"><img loading=\"lazy\" width=\"382\" height=\"263\" src=\"https:\/\/justicapotiguar.com.br\/wp-content\/uploads\/2023\/07\/images-96.jpeg\" alt=\"\" class=\"wp-image-32717\" srcset=\"https:\/\/justicapotiguar.com.br\/wp-content\/uploads\/2023\/07\/images-96.jpeg 382w, https:\/\/justicapotiguar.com.br\/wp-content\/uploads\/2023\/07\/images-96-300x207.jpeg 300w\" sizes=\"(max-width: 382px) 100vw, 382px\" \/><figcaption>Reprodu\u00e7\u00e3o<\/figcaption><\/figure>\n\n\n\n<p>Uma a\u00e7\u00e3o conjunta do Minist\u00e9rio P\u00fablico do Rio Grande do Norte (MPRN) e da Pol\u00edcia Militar resultou na localiza\u00e7\u00e3o e pris\u00e3o de um homem condenado pelo sequestro de uma irm\u00e3 do jogador de futebol Hulk, que atualmente defende o Atl\u00e9tico-MG.<\/p>\n\n\n\n<p>Jos\u00e9 Eliton Melo dos Santos \u00e9 condenado a 5 anos e 6 meses de pris\u00e3o e estava cumprindo pena no regime semiaberto com medidas cautelares impostas pela Justi\u00e7a da Para\u00edba. Ele foi localizado ap\u00f3s uma a\u00e7\u00e3o de intelig\u00eancia do MPRN neste domingo (9), em Areia Branca.<\/p><div class=\"gpjsh69ef38f6a9436\" ><!--<a href=\"https:\/\/bit.ly\/3QdrqTZ\" target=\"_blank\">\n<img src=\"https:\/\/justicapotiguar.com.br\/wp-content\/uploads\/2023\/09\/mobile-geral.gif\"\/><a\/>--><\/div><style type=\"text\/css\">\r\n.gpjsh69ef38f6a9436 {\r\ntext-align: center;\r\n}\r\n@media screen and (min-width: 1201px) {\r\n.gpjsh69ef38f6a9436 {\r\ndisplay: none;\r\n}\r\n}\r\n@media screen and (min-width: 993px) and (max-width: 1200px) {\r\n.gpjsh69ef38f6a9436 {\r\ndisplay: none;\r\n}\r\n}\r\n@media screen and (min-width: 769px) and (max-width: 992px) {\r\n.gpjsh69ef38f6a9436 {\r\ndisplay: none;\r\n}\r\n}\r\n@media screen and (min-width: 768px) and (max-width: 768px) {\r\n.gpjsh69ef38f6a9436 {\r\ndisplay: block;\r\n}\r\n}\r\n@media screen and (max-width: 767px) {\r\n.gpjsh69ef38f6a9436 {\r\ndisplay: block;\r\n}\r\n}\r\n<\/style>\r\n<div class=\"ygesv69ef38f6a941d\" ><!--<a href=\"https:\/\/bit.ly\/3QdrqTZ\" target=\"_blank\">\n<img src=\"https:\/\/justicapotiguar.com.br\/wp-content\/uploads\/2023\/09\/desktop-geral.gif\"\/><a\/>--><\/div><style type=\"text\/css\">\r\n.ygesv69ef38f6a941d {\r\ntext-align: center;\nmargin-bottom: 1em;\r\n}\r\n@media screen and (min-width: 1201px) {\r\n.ygesv69ef38f6a941d {\r\ndisplay: block;\r\n}\r\n}\r\n@media screen and (min-width: 993px) and (max-width: 1200px) {\r\n.ygesv69ef38f6a941d {\r\ndisplay: block;\r\n}\r\n}\r\n@media screen and (min-width: 769px) and (max-width: 992px) {\r\n.ygesv69ef38f6a941d {\r\ndisplay: block;\r\n}\r\n}\r\n@media screen and (min-width: 768px) and (max-width: 768px) {\r\n.ygesv69ef38f6a941d {\r\ndisplay: none;\r\n}\r\n}\r\n@media screen and (max-width: 767px) {\r\n.ygesv69ef38f6a941d {\r\ndisplay: none;\r\n}\r\n}\r\n<\/style>\r\n\n\n\n\n<p>A a\u00e7\u00e3o de intelig\u00eancia envolveu a ag\u00eancia de intelig\u00eancia da PM e do Grupo de Atua\u00e7\u00e3o Especial de Combate ao Crime Organizado do Oeste (Gaeco). A irm\u00e3 do atleta foi sequestrada na Para\u00edba, em abril de 2013. Jos\u00e9 Eliton Melo dos Santos descumpriu a senten\u00e7a e estava foragido da Justi\u00e7a. Contra ele, havia um mandado de pris\u00e3o em aberto.<\/p>\n\n\n\n<p>Ap\u00f3s ser localizado pelo MPRN, a PM foi acionada e cumpriu o mandado de pris\u00e3o. Jos\u00e9 Eliton Melo dos Santos foi levado para a delegacia da Pol\u00edcia Civil de plant\u00e3o em Mossor\u00f3 e, em seguida, foi encaminhado para a cadeia p\u00fablica. Ele est\u00e1 \u00e0 disposi\u00e7\u00e3o da Justi\u00e7a paraibana.<\/p>\n","protected":false},"excerpt":{"rendered":"<p>Uma a\u00e7\u00e3o conjunta do Minist\u00e9rio P\u00fablico do Rio Grande do Norte (MPRN) e da Pol\u00edcia Militar resultou na localiza\u00e7\u00e3o e pris\u00e3o de um homem condenado pelo sequestro de uma irm\u00e3 do jogador de futebol Hulk, que atualmente defende o Atl\u00e9tico-MG. Jos\u00e9 Eliton Melo dos Santos \u00e9 condenado a 5 anos e 6 meses de pris\u00e3o<br \/><a class=\"more-link\" href=\"https:\/\/justicapotiguar.com.br\/index.php\/2023\/07\/10\/acao-conjunta-do-mprn-e-pm-captura-condenado-pelo-sequestro-da-irma-do-jogador-hulk\/\">Mais&#8230;<\/a><\/p>\n","protected":false},"author":5,"featured_media":0,"comment_status":"open","ping_status":"open","sticky":false,"template":"","format":"standard","meta":[],"categories":[1],"tags":[],"_links":{"self":[{"href":"https:\/\/justicapotiguar.com.br\/index.php\/wp-json\/wp\/v2\/posts\/32716"}],"collection":[{"href":"https:\/\/justicapotiguar.com.br\/index.php\/wp-json\/wp\/v2\/posts"}],"about":[{"href":"https:\/\/justicapotiguar.com.br\/index.php\/wp-json\/wp\/v2\/types\/post"}],"author":[{"embeddable":true,"href":"https:\/\/justicapotiguar.com.br\/index.php\/wp-json\/wp\/v2\/users\/5"}],"replies":[{"embeddable":true,"href":"https:\/\/justicapotiguar.com.br\/index.php\/wp-json\/wp\/v2\/comments?post=32716"}],"version-history":[{"count":1,"href":"https:\/\/justicapotiguar.com.br\/index.php\/wp-json\/wp\/v2\/posts\/32716\/revisions"}],"predecessor-version":[{"id":32718,"href":"https:\/\/justicapotiguar.com.br\/index.php\/wp-json\/wp\/v2\/posts\/32716\/revisions\/32718"}],"wp:attachment":[{"href":"https:\/\/justicapotiguar.com.br\/index.php\/wp-json\/wp\/v2\/media?parent=32716"}],"wp:term":[{"taxonomy":"category","embeddable":true,"href":"https:\/\/justicapotiguar.com.br\/index.php\/wp-json\/wp\/v2\/categories?post=32716"},{"taxonomy":"post_tag","embeddable":true,"href":"https:\/\/justicapotiguar.com.br\/index.php\/wp-json\/wp\/v2\/tags?post=32716"}],"curies":[{"name":"wp","href":"https:\/\/api.w.org\/{rel}","templated":true}]}}