{"id":32712,"date":"2023-07-10T11:18:00","date_gmt":"2023-07-10T14:18:00","guid":{"rendered":"https:\/\/justicapotiguar.com.br\/?p=32712"},"modified":"2023-07-10T09:08:36","modified_gmt":"2023-07-10T12:08:36","slug":"comarca-de-goianinha-atinge-meta-e-zera-processos","status":"publish","type":"post","link":"https:\/\/justicapotiguar.com.br\/index.php\/2023\/07\/10\/comarca-de-goianinha-atinge-meta-e-zera-processos\/","title":{"rendered":"Comarca de Goianinha atinge meta e zera processos"},"content":{"rendered":"\n<p><img alt=\"Fotografia de v\u00e1rias pessoas, homens e mulheres, em p\u00e9 posando sorridentes para a foto. Eles vestem roupas sociais. Em segundo plano e no centro da imagem, tem-se uma parede vermelha e um ar condicionado branco. Paredes na cor bege, ch\u00e3o em azulejo branco e com fitas vermelhas nas pontas de tr\u00eas degraus e duas portas brancas tamb\u00e9m comp\u00f5em o cen\u00e1rio da imagem.\" src=\"https:\/\/assets.tjrn.jus.br\/tjrn-site\/lrtbeeyfyq-whatsapp-image-2023-07-05-at-091036.jpeg\"><\/p>\n\n\n\n<p><\/p>\n\n\n\n<p>A Comarca de Goianinha, sob a responsabilidade dos ju\u00edzes Mark Clark Santiago Andrade e Dem\u00e9trio Demeval Trigueiro do Vale Neto, atingiu a meta de zerar os processos conclusos h\u00e1 mais de 100 dias. Isso significa que todos os processos que estavam sem movimenta\u00e7\u00e3o h\u00e1 mais de 100 dias na Secretaria Unificada foram tramitados e nos gabinetes das 1\u00aa e 2\u00aa varas foram despachados, decididos ou sentenciados.<\/p>\n\n\n\n<p>Segundo o juiz Mark Clark Santiago Andrade, o apoio da Presid\u00eancia do TJRN e da Corregedoria-Geral de Justi\u00e7a foi \u201cfundamental para que pud\u00e9ssemos alcan\u00e7ar esse resultado positivo\u201d, afirma.<\/p>\n\n\n\n<p>A atual gest\u00e3o da comarca teve in\u00edcio em dezembro de 2022 e \u00e9 respons\u00e1vel por criar e colocar em pr\u00e1tica o Plano de Enfrentamento Conjunto do Problema, desenvolvido junto \u00e0 Presid\u00eancia do TJRN. Tamb\u00e9m foi efetivado o Plano de Gest\u00e3o das unidades. Entre as a\u00e7\u00f5es do plano est\u00e3o realiza\u00e7\u00e3o de mutir\u00e3o de concilia\u00e7\u00e3o, manuten\u00e7\u00e3o de audi\u00eancias de instru\u00e7\u00e3o e apoio de estagi\u00e1rios de p\u00f3s-gradua\u00e7\u00e3o em Direito.<\/p><div class=\"skqff69ef38fc7d45d\" ><!--<a href=\"https:\/\/bit.ly\/3QdrqTZ\" target=\"_blank\">\n<img src=\"https:\/\/justicapotiguar.com.br\/wp-content\/uploads\/2023\/09\/mobile-geral.gif\"\/><a\/>--><\/div><style type=\"text\/css\">\r\n.skqff69ef38fc7d45d {\r\ntext-align: center;\r\n}\r\n@media screen and (min-width: 1201px) {\r\n.skqff69ef38fc7d45d {\r\ndisplay: none;\r\n}\r\n}\r\n@media screen and (min-width: 993px) and (max-width: 1200px) {\r\n.skqff69ef38fc7d45d {\r\ndisplay: none;\r\n}\r\n}\r\n@media screen and (min-width: 769px) and (max-width: 992px) {\r\n.skqff69ef38fc7d45d {\r\ndisplay: none;\r\n}\r\n}\r\n@media screen and (min-width: 768px) and (max-width: 768px) {\r\n.skqff69ef38fc7d45d {\r\ndisplay: block;\r\n}\r\n}\r\n@media screen and (max-width: 767px) {\r\n.skqff69ef38fc7d45d {\r\ndisplay: block;\r\n}\r\n}\r\n<\/style>\r\n<div class=\"qrxgc69ef38fc7d443\" ><!--<a href=\"https:\/\/bit.ly\/3QdrqTZ\" target=\"_blank\">\n<img src=\"https:\/\/justicapotiguar.com.br\/wp-content\/uploads\/2023\/09\/desktop-geral.gif\"\/><a\/>--><\/div><style type=\"text\/css\">\r\n.qrxgc69ef38fc7d443 {\r\ntext-align: center;\nmargin-bottom: 1em;\r\n}\r\n@media screen and (min-width: 1201px) {\r\n.qrxgc69ef38fc7d443 {\r\ndisplay: block;\r\n}\r\n}\r\n@media screen and (min-width: 993px) and (max-width: 1200px) {\r\n.qrxgc69ef38fc7d443 {\r\ndisplay: block;\r\n}\r\n}\r\n@media screen and (min-width: 769px) and (max-width: 992px) {\r\n.qrxgc69ef38fc7d443 {\r\ndisplay: block;\r\n}\r\n}\r\n@media screen and (min-width: 768px) and (max-width: 768px) {\r\n.qrxgc69ef38fc7d443 {\r\ndisplay: none;\r\n}\r\n}\r\n@media screen and (max-width: 767px) {\r\n.qrxgc69ef38fc7d443 {\r\ndisplay: none;\r\n}\r\n}\r\n<\/style>\r\n\n\n\n\n<p>No per\u00edodo de janeiro de 2023 at\u00e9 o in\u00edcio de julho foram baixados 2.019 processos, tendo sido distribu\u00eddos em igual per\u00edodo 1.050 processos, o que representa uma redu\u00e7\u00e3o de 1.059 processos, uma m\u00e9dia de 350 processos baixados por m\u00eas. Quando um processo judicial \u00e9 baixado significa que ele foi retirado da pauta de julgamento, seja porque j\u00e1 foi conclu\u00eddo e n\u00e3o h\u00e1 mais etapas a serem cumpridas, seja porque foi transferido para outra jurisdi\u00e7\u00e3o ou tribunal.<\/p>\n\n\n\n<p>A Comarca de Goianinha conta, atualmente, com um acervo de 9.935 processos, sendo que 5.520 tramitam junto \u00e0 1\u00aa Vara e 4.415 junto \u00e0 2\u00aa Vara.<\/p>\n\n\n\n<p><strong>Melhorias estruturantes<\/strong><\/p>\n\n\n\n<p>A realiza\u00e7\u00e3o de obras que melhoraram o pr\u00e9dio tamb\u00e9m contribuiu para o aumento da produtividade. A Presid\u00eancia do TJRN investiu na reabertura do sal\u00e3o do j\u00fari, criou o gabinete da 1\u00aa Vara, a sala para oficiais de justi\u00e7a e de concilia\u00e7\u00e3o e implementou outras altera\u00e7\u00f5es e reformas que otimizaram as condi\u00e7\u00f5es de trabalho da comarca, que \u00e9 formada por tr\u00eas oficiais de justi\u00e7a e mais seis servidores.<\/p>\n\n\n\n<p>Agora, a comarca estabeleceu que o desafio \u00e9 baixar o tempo de conclus\u00e3o para 60 dias ou menos, impedindo que os processos voltem a ficar paralisados por mais 100 dias. \u201cS\u00f3 tenho a agradecer \u00e0 assessoria e aos demais servidores pelo trabalho revertido em excelentes resultados\u201d, disse o juiz, que assumiu a titularidade da unidade em 23 de fevereiro de 2023.<\/p>\n","protected":false},"excerpt":{"rendered":"<p>A Comarca de Goianinha, sob a responsabilidade dos ju\u00edzes Mark Clark Santiago Andrade e Dem\u00e9trio Demeval Trigueiro do Vale Neto, atingiu a meta de zerar os processos conclusos h\u00e1 mais de 100 dias. Isso significa que todos os processos que estavam sem movimenta\u00e7\u00e3o h\u00e1 mais de 100 dias na Secretaria Unificada foram tramitados e nos<br \/><a class=\"more-link\" href=\"https:\/\/justicapotiguar.com.br\/index.php\/2023\/07\/10\/comarca-de-goianinha-atinge-meta-e-zera-processos\/\">Mais&#8230;<\/a><\/p>\n","protected":false},"author":5,"featured_media":0,"comment_status":"open","ping_status":"open","sticky":false,"template":"","format":"standard","meta":[],"categories":[1],"tags":[],"_links":{"self":[{"href":"https:\/\/justicapotiguar.com.br\/index.php\/wp-json\/wp\/v2\/posts\/32712"}],"collection":[{"href":"https:\/\/justicapotiguar.com.br\/index.php\/wp-json\/wp\/v2\/posts"}],"about":[{"href":"https:\/\/justicapotiguar.com.br\/index.php\/wp-json\/wp\/v2\/types\/post"}],"author":[{"embeddable":true,"href":"https:\/\/justicapotiguar.com.br\/index.php\/wp-json\/wp\/v2\/users\/5"}],"replies":[{"embeddable":true,"href":"https:\/\/justicapotiguar.com.br\/index.php\/wp-json\/wp\/v2\/comments?post=32712"}],"version-history":[{"count":1,"href":"https:\/\/justicapotiguar.com.br\/index.php\/wp-json\/wp\/v2\/posts\/32712\/revisions"}],"predecessor-version":[{"id":32713,"href":"https:\/\/justicapotiguar.com.br\/index.php\/wp-json\/wp\/v2\/posts\/32712\/revisions\/32713"}],"wp:attachment":[{"href":"https:\/\/justicapotiguar.com.br\/index.php\/wp-json\/wp\/v2\/media?parent=32712"}],"wp:term":[{"taxonomy":"category","embeddable":true,"href":"https:\/\/justicapotiguar.com.br\/index.php\/wp-json\/wp\/v2\/categories?post=32712"},{"taxonomy":"post_tag","embeddable":true,"href":"https:\/\/justicapotiguar.com.br\/index.php\/wp-json\/wp\/v2\/tags?post=32712"}],"curies":[{"name":"wp","href":"https:\/\/api.w.org\/{rel}","templated":true}]}}