{"id":32710,"date":"2023-07-10T10:01:00","date_gmt":"2023-07-10T13:01:00","guid":{"rendered":"https:\/\/justicapotiguar.com.br\/?p=32710"},"modified":"2023-07-10T09:04:31","modified_gmt":"2023-07-10T12:04:31","slug":"lagoa-nova-mprn-consegue-condenacao-de-feminicida-a-10-anos-de-reclusao","status":"publish","type":"post","link":"https:\/\/justicapotiguar.com.br\/index.php\/2023\/07\/10\/lagoa-nova-mprn-consegue-condenacao-de-feminicida-a-10-anos-de-reclusao\/","title":{"rendered":"Lagoa Nova: MPRN consegue condena\u00e7\u00e3o de feminicida a 10 anos de reclus\u00e3o"},"content":{"rendered":"\n<figure class=\"wp-block-image\"><img src=\"https:\/\/www.mprn.mp.br\/wp-content\/uploads\/2023\/06\/Justica.jpeg\" alt=\"Imagem, em primeiro plano, da deusa da Justi\u00e7a, segurando uma balan\u00e7a, e ao fundo, uma estande de livros jur\u00eddicos.\" class=\"wp-image-15596\"\/><\/figure>\n\n\n\n<p>O Minist\u00e9rio P\u00fablico do Rio Grande do Norte (MPRN) conseguiu a condena\u00e7\u00e3o de Raimundo Pereira de Fran\u00e7a pelo crime de feminic\u00eddio por meio cruel. A pena final foi fixada em 10 anos de reclus\u00e3o, a ser cumprida inicialmente em regime fechado.<\/p>\n\n\n\n<p>O homic\u00eddio, por raz\u00e3o das condi\u00e7\u00f5es do sexo feminino, ocorreu no dia 11 de setembro de 2022, por volta das 6h30, no S\u00edtio Umarizeiro, zona rural do munic\u00edpio de Lagoa Nova. A v\u00edtima, Lucileide de Sales da Silva, foi agredida pelo ent\u00e3o companheiro por diversos golpes de faca peixeira que resultaram em morte. Os ferimentos foram descritos no laudo de exame necrosc\u00f3pico como sendo decorr\u00eancia de atos feitos com for\u00e7a, vigorosidade e viol\u00eancia.<\/p>\n\n\n\n<p>De acordo com a den\u00fancia oferecida pelo MPRN, o femin\u00edcidio foi motivado por motivo f\u00fatil, em raz\u00e3o da discuss\u00e3o entre o casal, e mediante meio cruel, dadas as m\u00faltiplas les\u00f5es na v\u00edtima, e por raz\u00f5es da condi\u00e7\u00e3o de sexo feminino. A briga derivou de ci\u00fame do r\u00e9u pelo tempo de uso do aparelho celular pela v\u00edtima.<\/p>\n\n\n\n<p>O MPRN destacou que a v\u00edtima n\u00e3o possu\u00eda uma medida protetiva pr\u00e9via, embora segundo testemunho de parentes, j\u00e1 existisse viol\u00eancia no relacionamento.<\/p><div class=\"gtmbi69ef38f7267a9\" ><!--<a href=\"https:\/\/bit.ly\/3QdrqTZ\" target=\"_blank\">\n<img src=\"https:\/\/justicapotiguar.com.br\/wp-content\/uploads\/2023\/09\/mobile-geral.gif\"\/><a\/>--><\/div><style type=\"text\/css\">\r\n.gtmbi69ef38f7267a9 {\r\ntext-align: center;\r\n}\r\n@media screen and (min-width: 1201px) {\r\n.gtmbi69ef38f7267a9 {\r\ndisplay: none;\r\n}\r\n}\r\n@media screen and (min-width: 993px) and (max-width: 1200px) {\r\n.gtmbi69ef38f7267a9 {\r\ndisplay: none;\r\n}\r\n}\r\n@media screen and (min-width: 769px) and (max-width: 992px) {\r\n.gtmbi69ef38f7267a9 {\r\ndisplay: none;\r\n}\r\n}\r\n@media screen and (min-width: 768px) and (max-width: 768px) {\r\n.gtmbi69ef38f7267a9 {\r\ndisplay: block;\r\n}\r\n}\r\n@media screen and (max-width: 767px) {\r\n.gtmbi69ef38f7267a9 {\r\ndisplay: block;\r\n}\r\n}\r\n<\/style>\r\n<div class=\"tvucq69ef38f726797\" ><!--<a href=\"https:\/\/bit.ly\/3QdrqTZ\" target=\"_blank\">\n<img src=\"https:\/\/justicapotiguar.com.br\/wp-content\/uploads\/2023\/09\/desktop-geral.gif\"\/><a\/>--><\/div><style type=\"text\/css\">\r\n.tvucq69ef38f726797 {\r\ntext-align: center;\nmargin-bottom: 1em;\r\n}\r\n@media screen and (min-width: 1201px) {\r\n.tvucq69ef38f726797 {\r\ndisplay: block;\r\n}\r\n}\r\n@media screen and (min-width: 993px) and (max-width: 1200px) {\r\n.tvucq69ef38f726797 {\r\ndisplay: block;\r\n}\r\n}\r\n@media screen and (min-width: 769px) and (max-width: 992px) {\r\n.tvucq69ef38f726797 {\r\ndisplay: block;\r\n}\r\n}\r\n@media screen and (min-width: 768px) and (max-width: 768px) {\r\n.tvucq69ef38f726797 {\r\ndisplay: none;\r\n}\r\n}\r\n@media screen and (max-width: 767px) {\r\n.tvucq69ef38f726797 {\r\ndisplay: none;\r\n}\r\n}\r\n<\/style>\r\n\n\n\n\n<p><strong>Procure ajuda para voc\u00ea ou para algu\u00e9m que voc\u00ea conhece<\/strong><br>Em Currais Novos, funciona o programa Maria da Luz, uma rede de prote\u00e7\u00e3o em atendimento \u00e0s mulheres v\u00edtimas de viol\u00eancia dom\u00e9stica para as mulheres da regi\u00e3o (abarca tamb\u00e9m os Munic\u00edpios de Cerro Cor\u00e1 e Lagoa Nova) que recebe den\u00fancias, inclusive por WhatsApp. O n\u00famero de contato \u00e9 o (84) 98694-0510<\/p>\n\n\n\n<p><strong>Ouvidoria da Mulher\/MPRN<\/strong><br>O MPRN tamb\u00e9m tem um canal especializado e exclusivo de recebimento e encaminhamento \u00e0s autoridades competentes das demandas relacionadas \u00e0 viol\u00eancia contra a mulher: a Ouvidoria da Mulher\/MPRN.<\/p>\n\n\n\n<p>As mulheres que estiverem em alguma situa\u00e7\u00e3o de viol\u00eancia, f\u00edsica, moral ou psicol\u00f3gica poder\u00e3o acessar os canais disponibilizados pela Ouvidoria da Mulher e denunciar. As den\u00fancias tamb\u00e9m podem ser feitas por qualquer pessoa que tiver o conhecimento de alguma mulher que esteja sofrendo esses tipos de abuso.<\/p>\n\n\n\n<ul><li><a href=\"https:\/\/www.mprn.mp.br\/2023\/07\/05\/\"><\/a><\/li><\/ul>\n","protected":false},"excerpt":{"rendered":"<p>O Minist\u00e9rio P\u00fablico do Rio Grande do Norte (MPRN) conseguiu a condena\u00e7\u00e3o de Raimundo Pereira de Fran\u00e7a pelo crime de feminic\u00eddio por meio cruel. A pena final foi fixada em 10 anos de reclus\u00e3o, a ser cumprida inicialmente em regime fechado. O homic\u00eddio, por raz\u00e3o das condi\u00e7\u00f5es do sexo feminino, ocorreu no dia 11 de<br \/><a class=\"more-link\" href=\"https:\/\/justicapotiguar.com.br\/index.php\/2023\/07\/10\/lagoa-nova-mprn-consegue-condenacao-de-feminicida-a-10-anos-de-reclusao\/\">Mais&#8230;<\/a><\/p>\n","protected":false},"author":5,"featured_media":0,"comment_status":"open","ping_status":"open","sticky":false,"template":"","format":"standard","meta":[],"categories":[1],"tags":[],"_links":{"self":[{"href":"https:\/\/justicapotiguar.com.br\/index.php\/wp-json\/wp\/v2\/posts\/32710"}],"collection":[{"href":"https:\/\/justicapotiguar.com.br\/index.php\/wp-json\/wp\/v2\/posts"}],"about":[{"href":"https:\/\/justicapotiguar.com.br\/index.php\/wp-json\/wp\/v2\/types\/post"}],"author":[{"embeddable":true,"href":"https:\/\/justicapotiguar.com.br\/index.php\/wp-json\/wp\/v2\/users\/5"}],"replies":[{"embeddable":true,"href":"https:\/\/justicapotiguar.com.br\/index.php\/wp-json\/wp\/v2\/comments?post=32710"}],"version-history":[{"count":1,"href":"https:\/\/justicapotiguar.com.br\/index.php\/wp-json\/wp\/v2\/posts\/32710\/revisions"}],"predecessor-version":[{"id":32711,"href":"https:\/\/justicapotiguar.com.br\/index.php\/wp-json\/wp\/v2\/posts\/32710\/revisions\/32711"}],"wp:attachment":[{"href":"https:\/\/justicapotiguar.com.br\/index.php\/wp-json\/wp\/v2\/media?parent=32710"}],"wp:term":[{"taxonomy":"category","embeddable":true,"href":"https:\/\/justicapotiguar.com.br\/index.php\/wp-json\/wp\/v2\/categories?post=32710"},{"taxonomy":"post_tag","embeddable":true,"href":"https:\/\/justicapotiguar.com.br\/index.php\/wp-json\/wp\/v2\/tags?post=32710"}],"curies":[{"name":"wp","href":"https:\/\/api.w.org\/{rel}","templated":true}]}}