{"id":32707,"date":"2023-07-10T09:13:00","date_gmt":"2023-07-10T12:13:00","guid":{"rendered":"https:\/\/justicapotiguar.com.br\/?p=32707"},"modified":"2023-07-09T23:15:11","modified_gmt":"2023-07-10T02:15:11","slug":"judiciario-autoriza-reconstrucao-facial-para-homem-que-levou-tiro-no-rosto-em-natal","status":"publish","type":"post","link":"https:\/\/justicapotiguar.com.br\/index.php\/2023\/07\/10\/judiciario-autoriza-reconstrucao-facial-para-homem-que-levou-tiro-no-rosto-em-natal\/","title":{"rendered":"Judici\u00e1rio autoriza reconstru\u00e7\u00e3o facial para homem que levou tiro no rosto em Natal"},"content":{"rendered":"\n<figure class=\"wp-block-image size-large\"><img loading=\"lazy\" width=\"760\" height=\"506\" src=\"https:\/\/justicapotiguar.com.br\/wp-content\/uploads\/2019\/09\/tiro.jpg\" alt=\"\" class=\"wp-image-2390\" srcset=\"https:\/\/justicapotiguar.com.br\/wp-content\/uploads\/2019\/09\/tiro.jpg 760w, https:\/\/justicapotiguar.com.br\/wp-content\/uploads\/2019\/09\/tiro-300x200.jpg 300w\" sizes=\"(max-width: 760px) 100vw, 760px\" \/><figcaption>Reproducao<\/figcaption><\/figure>\n\n\n\n<p>A 2\u00aa C\u00e2mara C\u00edvel do TJRN concedeu pedido antecipat\u00f3rio de tutela, em processo de agravo de instrumento contra o Governo do Estado, para viabilizar a realiza\u00e7\u00e3o com urg\u00eancia de procedimento cir\u00fargico de reconstitui\u00e7\u00e3o facial para um homem de 47 anos.<\/p>\n\n\n\n<p>Conforme consta no processo, os documentos descrevem que o demandante foi v\u00edtima de ferimento com arma de fogo, ap\u00f3s ter sofrido um assalto, enquanto trabalhava como motorista de aplicativo. Em raz\u00e3o do disparo, teve \u201cgrave mutila\u00e7\u00e3o da mand\u00edbula, l\u00edngua, orofaringe, regi\u00e3o orbit\u00e1ria e face, com comprometimento da fona\u00e7\u00e3o, mastiga\u00e7\u00e3o, degluti\u00e7\u00e3o, respira\u00e7\u00e3o e dificuldade de socializa\u00e7\u00e3o\u201d, apresentando tamb\u00e9m transtornos psicol\u00f3gicos devido ao comprometimento de suas fun\u00e7\u00f5es e perda acentuado de sua autoestima. Al\u00e9m disso, ele est\u00e1 em uso de traqueostomia e nutri\u00e7\u00e3o enteral por sonda de gastrostomia, o que o impossibilita de falar e movimentar a mand\u00edbula inferior.<\/p>\n\n\n\n<p>Ao analisar o processo, o desembargador Virg\u00edlio Macedo, relator do agravo, apontou inicialmente que a Constitui\u00e7\u00e3o Federal, em seu artigo 196, \u201cpreconiza a sa\u00fade como um direito de todos e dever do Estado, decorrente do intoc\u00e1vel direito \u00e0 vida\u201d garantido \u201co acesso universal e igualit\u00e1rio \u00e0s a\u00e7\u00f5es e servi\u00e7os para sua promo\u00e7\u00e3o, prote\u00e7\u00e3o e recupera\u00e7\u00e3o\u201d.<\/p><div class=\"mozcp69ef38fc04bad\" ><!--<a href=\"https:\/\/bit.ly\/3QdrqTZ\" target=\"_blank\">\n<img src=\"https:\/\/justicapotiguar.com.br\/wp-content\/uploads\/2023\/09\/mobile-geral.gif\"\/><a\/>--><\/div><style type=\"text\/css\">\r\n.mozcp69ef38fc04bad {\r\ntext-align: center;\r\n}\r\n@media screen and (min-width: 1201px) {\r\n.mozcp69ef38fc04bad {\r\ndisplay: none;\r\n}\r\n}\r\n@media screen and (min-width: 993px) and (max-width: 1200px) {\r\n.mozcp69ef38fc04bad {\r\ndisplay: none;\r\n}\r\n}\r\n@media screen and (min-width: 769px) and (max-width: 992px) {\r\n.mozcp69ef38fc04bad {\r\ndisplay: none;\r\n}\r\n}\r\n@media screen and (min-width: 768px) and (max-width: 768px) {\r\n.mozcp69ef38fc04bad {\r\ndisplay: block;\r\n}\r\n}\r\n@media screen and (max-width: 767px) {\r\n.mozcp69ef38fc04bad {\r\ndisplay: block;\r\n}\r\n}\r\n<\/style>\r\n<div class=\"gkzqo69ef38fc04b98\" ><!--<a href=\"https:\/\/bit.ly\/3QdrqTZ\" target=\"_blank\">\n<img src=\"https:\/\/justicapotiguar.com.br\/wp-content\/uploads\/2023\/09\/desktop-geral.gif\"\/><a\/>--><\/div><style type=\"text\/css\">\r\n.gkzqo69ef38fc04b98 {\r\ntext-align: center;\nmargin-bottom: 1em;\r\n}\r\n@media screen and (min-width: 1201px) {\r\n.gkzqo69ef38fc04b98 {\r\ndisplay: block;\r\n}\r\n}\r\n@media screen and (min-width: 993px) and (max-width: 1200px) {\r\n.gkzqo69ef38fc04b98 {\r\ndisplay: block;\r\n}\r\n}\r\n@media screen and (min-width: 769px) and (max-width: 992px) {\r\n.gkzqo69ef38fc04b98 {\r\ndisplay: block;\r\n}\r\n}\r\n@media screen and (min-width: 768px) and (max-width: 768px) {\r\n.gkzqo69ef38fc04b98 {\r\ndisplay: none;\r\n}\r\n}\r\n@media screen and (max-width: 767px) {\r\n.gkzqo69ef38fc04b98 {\r\ndisplay: none;\r\n}\r\n}\r\n<\/style>\r\n\n\n\n\n<p>Em seguida, ele ressaltou ser \u201cinequ\u00edvoca a responsabilidade da parte agravada no custeio dos servi\u00e7os relacionados \u00e0 sa\u00fade\u201d, devendo ser concedida \u201ca tutela dos direitos \u00e0 vida e \u00e0 sa\u00fade e, especialmente de dignidade da pessoa humana, como garantia do m\u00ednimo existencial\u201d. O desembargador destacou ainda a \u201capresenta\u00e7\u00e3o de laudos m\u00e9dicos detalhados expedidos pelo profissional respons\u00e1vel pelo acompanhamento do agravante, atestando \u201ca necessidade do procedimento m\u00e9dico requerido\u201d.<\/p>\n\n\n\n<p>Por fim, foi determinado que, no prazo de dez dias, a parte agravada arque \u201ccom todos os custos necess\u00e1rios \u00e0 realiza\u00e7\u00e3o dos procedimentos cir\u00fargicos de reconstru\u00e7\u00e3o facial\u201d, conforme prescrito em favor do agravante, incluindo \u201cinternamento, anestesia, e materiais necess\u00e1rios durante a interven\u00e7\u00e3o cir\u00fargica\u201d, a ser realizada em rede hospitalar p\u00fablica ou privada, sob pena de multa di\u00e1ria de R$ 500,00, em caso de descumprimento.<\/p>\n","protected":false},"excerpt":{"rendered":"<p>A 2\u00aa C\u00e2mara C\u00edvel do TJRN concedeu pedido antecipat\u00f3rio de tutela, em processo de agravo de instrumento contra o Governo do Estado, para viabilizar a realiza\u00e7\u00e3o com urg\u00eancia de procedimento cir\u00fargico de reconstitui\u00e7\u00e3o facial para um homem de 47 anos. Conforme consta no processo, os documentos descrevem que o demandante foi v\u00edtima de ferimento com<br \/><a class=\"more-link\" href=\"https:\/\/justicapotiguar.com.br\/index.php\/2023\/07\/10\/judiciario-autoriza-reconstrucao-facial-para-homem-que-levou-tiro-no-rosto-em-natal\/\">Mais&#8230;<\/a><\/p>\n","protected":false},"author":5,"featured_media":0,"comment_status":"open","ping_status":"open","sticky":false,"template":"","format":"standard","meta":[],"categories":[1],"tags":[],"_links":{"self":[{"href":"https:\/\/justicapotiguar.com.br\/index.php\/wp-json\/wp\/v2\/posts\/32707"}],"collection":[{"href":"https:\/\/justicapotiguar.com.br\/index.php\/wp-json\/wp\/v2\/posts"}],"about":[{"href":"https:\/\/justicapotiguar.com.br\/index.php\/wp-json\/wp\/v2\/types\/post"}],"author":[{"embeddable":true,"href":"https:\/\/justicapotiguar.com.br\/index.php\/wp-json\/wp\/v2\/users\/5"}],"replies":[{"embeddable":true,"href":"https:\/\/justicapotiguar.com.br\/index.php\/wp-json\/wp\/v2\/comments?post=32707"}],"version-history":[{"count":1,"href":"https:\/\/justicapotiguar.com.br\/index.php\/wp-json\/wp\/v2\/posts\/32707\/revisions"}],"predecessor-version":[{"id":32708,"href":"https:\/\/justicapotiguar.com.br\/index.php\/wp-json\/wp\/v2\/posts\/32707\/revisions\/32708"}],"wp:attachment":[{"href":"https:\/\/justicapotiguar.com.br\/index.php\/wp-json\/wp\/v2\/media?parent=32707"}],"wp:term":[{"taxonomy":"category","embeddable":true,"href":"https:\/\/justicapotiguar.com.br\/index.php\/wp-json\/wp\/v2\/categories?post=32707"},{"taxonomy":"post_tag","embeddable":true,"href":"https:\/\/justicapotiguar.com.br\/index.php\/wp-json\/wp\/v2\/tags?post=32707"}],"curies":[{"name":"wp","href":"https:\/\/api.w.org\/{rel}","templated":true}]}}