{"id":32705,"date":"2023-07-10T08:05:00","date_gmt":"2023-07-10T11:05:00","guid":{"rendered":"https:\/\/justicapotiguar.com.br\/?p=32705"},"modified":"2023-07-09T23:06:44","modified_gmt":"2023-07-10T02:06:44","slug":"justica-julga-improcedente-pedido-de-hospital-para-exclusao-de-postagens-em-redes-sociais","status":"publish","type":"post","link":"https:\/\/justicapotiguar.com.br\/index.php\/2023\/07\/10\/justica-julga-improcedente-pedido-de-hospital-para-exclusao-de-postagens-em-redes-sociais\/","title":{"rendered":"Justi\u00e7a julga improcedente pedido de hospital para exclus\u00e3o de postagens em redes sociais"},"content":{"rendered":"\n<figure class=\"wp-block-image size-large\"><img loading=\"lazy\" width=\"680\" height=\"394\" src=\"https:\/\/justicapotiguar.com.br\/wp-content\/uploads\/2019\/09\/F4DE4E7C6987C534D1EE30A4C1F93988AD78_celular.jpg\" alt=\"\" class=\"wp-image-2315\" srcset=\"https:\/\/justicapotiguar.com.br\/wp-content\/uploads\/2019\/09\/F4DE4E7C6987C534D1EE30A4C1F93988AD78_celular.jpg 680w, https:\/\/justicapotiguar.com.br\/wp-content\/uploads\/2019\/09\/F4DE4E7C6987C534D1EE30A4C1F93988AD78_celular-300x174.jpg 300w\" sizes=\"(max-width: 680px) 100vw, 680px\" \/><figcaption>Ilustrativo<\/figcaption><\/figure>\n\n\n\n<p>A 4\u00aa Vara C\u00edvel de Natal julgou improcedente o requerimento de uma institui\u00e7\u00e3o administradora de um hospital, na cidade de Natal, que tinha a inten\u00e7\u00e3o de excluir postagens nas redes sociais de um m\u00e9dico, o qual havia sido anteriormente afastado de suas fun\u00e7\u00f5es.<\/p>\n\n\n\n<p>Conforme consta no processo, a institui\u00e7\u00e3o requereu tamb\u00e9m indeniza\u00e7\u00e3o por danos morais e alegou que o m\u00e9dico foi desligado dos quadros profissionais da unidade hospitalar e passou a usar \u201csua rede social para atacar o referido hospital, sem demonstrar nenhum fato concreto ou, mesmo, provas do alegado\u201d.<\/p>\n\n\n\n<p>J\u00e1 o m\u00e9dico contestou afirmando que \u201cagiu dentro dos limites constitucionais da liberdade de express\u00e3o\u201d, requerendo a improced\u00eancia da demanda judicial.<\/p>\n\n\n\n<p>Ao analisar os autos, o juiz Otto Nobre apontou primeiramente que, apesar de \u201c\u00e1cida e contundente, a cr\u00edtica veiculada pelo m\u00e9dico em suas redes sociais n\u00e3o desborda dos limites da liberdade de express\u00e3o, ao ponto de justificar sua exclus\u00e3o por ordem judicial\u201d.<\/p><div class=\"rijac69ef38f6a8a34\" ><!--<a href=\"https:\/\/bit.ly\/3QdrqTZ\" target=\"_blank\">\n<img src=\"https:\/\/justicapotiguar.com.br\/wp-content\/uploads\/2023\/09\/mobile-geral.gif\"\/><a\/>--><\/div><style type=\"text\/css\">\r\n.rijac69ef38f6a8a34 {\r\ntext-align: center;\r\n}\r\n@media screen and (min-width: 1201px) {\r\n.rijac69ef38f6a8a34 {\r\ndisplay: none;\r\n}\r\n}\r\n@media screen and (min-width: 993px) and (max-width: 1200px) {\r\n.rijac69ef38f6a8a34 {\r\ndisplay: none;\r\n}\r\n}\r\n@media screen and (min-width: 769px) and (max-width: 992px) {\r\n.rijac69ef38f6a8a34 {\r\ndisplay: none;\r\n}\r\n}\r\n@media screen and (min-width: 768px) and (max-width: 768px) {\r\n.rijac69ef38f6a8a34 {\r\ndisplay: block;\r\n}\r\n}\r\n@media screen and (max-width: 767px) {\r\n.rijac69ef38f6a8a34 {\r\ndisplay: block;\r\n}\r\n}\r\n<\/style>\r\n<div class=\"islaw69ef38f6a8a1b\" ><!--<a href=\"https:\/\/bit.ly\/3QdrqTZ\" target=\"_blank\">\n<img src=\"https:\/\/justicapotiguar.com.br\/wp-content\/uploads\/2023\/09\/desktop-geral.gif\"\/><a\/>--><\/div><style type=\"text\/css\">\r\n.islaw69ef38f6a8a1b {\r\ntext-align: center;\nmargin-bottom: 1em;\r\n}\r\n@media screen and (min-width: 1201px) {\r\n.islaw69ef38f6a8a1b {\r\ndisplay: block;\r\n}\r\n}\r\n@media screen and (min-width: 993px) and (max-width: 1200px) {\r\n.islaw69ef38f6a8a1b {\r\ndisplay: block;\r\n}\r\n}\r\n@media screen and (min-width: 769px) and (max-width: 992px) {\r\n.islaw69ef38f6a8a1b {\r\ndisplay: block;\r\n}\r\n}\r\n@media screen and (min-width: 768px) and (max-width: 768px) {\r\n.islaw69ef38f6a8a1b {\r\ndisplay: none;\r\n}\r\n}\r\n@media screen and (max-width: 767px) {\r\n.islaw69ef38f6a8a1b {\r\ndisplay: none;\r\n}\r\n}\r\n<\/style>\r\n\n\n\n\n<p>Em seguida ele ressaltou que o TJRN j\u00e1 se pronunciou de maneira semelhante em um agravo de instrumento envolvendo a mesma causa, no qual foi abordado que embora \u201ca referida postagem te\u00e7a cr\u00edticas contundentes \u00e0 agravante, isso n\u00e3o justifica a exclus\u00e3o da publica\u00e7\u00e3o da rede social do agravado\u201d.<\/p>\n\n\n\n<p>Al\u00e9m disso, o magistrado frisou que a Constitui\u00e7\u00e3o Federal assegura a livre manifesta\u00e7\u00e3o do pensamento e a liberdade de express\u00e3o, em artigo 5\u00ba, ao estabelecer que \u201c\u00e9 livre a manifesta\u00e7\u00e3o do pensamento, sendo vedado o anonimato\u201d; e \u201c\u00e9 livre express\u00e3o da atividade intelectual, art\u00edstica, cient\u00edfica e de comunica\u00e7\u00e3o, independente de censura ou licen\u00e7a\u201d.<\/p>\n\n\n\n<p>E acrescentou que no \u00e2mbito da rede mundial de computadores, a Lei do Marco Civil da Internet, 12.965\/2014, tem como elementos norteadores o princ\u00edpio da \u201cgarantia da liberdade de express\u00e3o, comunica\u00e7\u00e3o e manifesta\u00e7\u00e3o do pensamento, nos termos da Constitui\u00e7\u00e3o Federal\u201d.<\/p>\n\n\n\n<p>E, por fim, o magistrado indeferiu os pedidos realizados pela institui\u00e7\u00e3o, ponderando que Tribunal de Justi\u00e7a potiguar j\u00e1 enfrentou essa mat\u00e9ria, \u201cfazendo valer a liberdade de express\u00e3o, salvo em situa\u00e7\u00f5es flagrantemente abusivas\u201d.<\/p>\n","protected":false},"excerpt":{"rendered":"<p>A 4\u00aa Vara C\u00edvel de Natal julgou improcedente o requerimento de uma institui\u00e7\u00e3o administradora de um hospital, na cidade de Natal, que tinha a inten\u00e7\u00e3o de excluir postagens nas redes sociais de um m\u00e9dico, o qual havia sido anteriormente afastado de suas fun\u00e7\u00f5es. Conforme consta no processo, a institui\u00e7\u00e3o requereu tamb\u00e9m indeniza\u00e7\u00e3o por danos morais<br \/><a class=\"more-link\" href=\"https:\/\/justicapotiguar.com.br\/index.php\/2023\/07\/10\/justica-julga-improcedente-pedido-de-hospital-para-exclusao-de-postagens-em-redes-sociais\/\">Mais&#8230;<\/a><\/p>\n","protected":false},"author":5,"featured_media":0,"comment_status":"open","ping_status":"open","sticky":false,"template":"","format":"standard","meta":[],"categories":[1],"tags":[],"_links":{"self":[{"href":"https:\/\/justicapotiguar.com.br\/index.php\/wp-json\/wp\/v2\/posts\/32705"}],"collection":[{"href":"https:\/\/justicapotiguar.com.br\/index.php\/wp-json\/wp\/v2\/posts"}],"about":[{"href":"https:\/\/justicapotiguar.com.br\/index.php\/wp-json\/wp\/v2\/types\/post"}],"author":[{"embeddable":true,"href":"https:\/\/justicapotiguar.com.br\/index.php\/wp-json\/wp\/v2\/users\/5"}],"replies":[{"embeddable":true,"href":"https:\/\/justicapotiguar.com.br\/index.php\/wp-json\/wp\/v2\/comments?post=32705"}],"version-history":[{"count":1,"href":"https:\/\/justicapotiguar.com.br\/index.php\/wp-json\/wp\/v2\/posts\/32705\/revisions"}],"predecessor-version":[{"id":32706,"href":"https:\/\/justicapotiguar.com.br\/index.php\/wp-json\/wp\/v2\/posts\/32705\/revisions\/32706"}],"wp:attachment":[{"href":"https:\/\/justicapotiguar.com.br\/index.php\/wp-json\/wp\/v2\/media?parent=32705"}],"wp:term":[{"taxonomy":"category","embeddable":true,"href":"https:\/\/justicapotiguar.com.br\/index.php\/wp-json\/wp\/v2\/categories?post=32705"},{"taxonomy":"post_tag","embeddable":true,"href":"https:\/\/justicapotiguar.com.br\/index.php\/wp-json\/wp\/v2\/tags?post=32705"}],"curies":[{"name":"wp","href":"https:\/\/api.w.org\/{rel}","templated":true}]}}