{"id":32703,"date":"2023-07-09T14:27:46","date_gmt":"2023-07-09T17:27:46","guid":{"rendered":"https:\/\/justicapotiguar.com.br\/?p=32703"},"modified":"2023-07-09T14:27:46","modified_gmt":"2023-07-09T17:27:46","slug":"mprn-vai-apurar-crimes-cometidos-contra-jogadores-do-abc-apos-derrota-neste-sabado","status":"publish","type":"post","link":"https:\/\/justicapotiguar.com.br\/index.php\/2023\/07\/09\/mprn-vai-apurar-crimes-cometidos-contra-jogadores-do-abc-apos-derrota-neste-sabado\/","title":{"rendered":"MPRN vai apurar crimes cometidos contra jogadores do ABC ap\u00f3s derrota neste s\u00e1bado"},"content":{"rendered":"\n<figure class=\"wp-block-image size-large\"><img loading=\"lazy\" width=\"500\" height=\"333\" src=\"https:\/\/justicapotiguar.com.br\/wp-content\/uploads\/2020\/06\/Justi\u00e7a-do-Trabalho-do-RN-libera-mais-de-R-700-mil-para-o-ABC-Futebol-Clube.jpg\" alt=\"\" class=\"wp-image-10374\" srcset=\"https:\/\/justicapotiguar.com.br\/wp-content\/uploads\/2020\/06\/Justi\u00e7a-do-Trabalho-do-RN-libera-mais-de-R-700-mil-para-o-ABC-Futebol-Clube.jpg 500w, https:\/\/justicapotiguar.com.br\/wp-content\/uploads\/2020\/06\/Justi\u00e7a-do-Trabalho-do-RN-libera-mais-de-R-700-mil-para-o-ABC-Futebol-Clube-300x200.jpg 300w\" sizes=\"(max-width: 500px) 100vw, 500px\" \/><figcaption>Reproducao<\/figcaption><\/figure>\n\n\n\n<p>O Minist\u00e9rio P\u00fablico do Rio Grande do Norte (MPRN) vai apurar os crimes cometidos contra jogadores do ABC ap\u00f3s a derrota do clube para o Crici\u00fama neste s\u00e1bado (8). Depois da partida, alguns jogadores tiveram carros apedrejados dentro do estacionamento do est\u00e1dio Frasqueir\u00e3o, em Natal. Pelas redes sociais, alguns relataram que estavam com as fam\u00edlias no momento do atentado e que, por pouco, crian\u00e7as n\u00e3o foram atingidas pelas pedras.<\/p>\n\n\n\n<p>J\u00e1 nesta segunda-feira (10), o MPN vai oficiar a Pol\u00edcia Civil para que seja instaurado um inqu\u00e9rito policial para investigar o cometimento, pelo menos, dos crimes de: tentativa de homic\u00eddio, associa\u00e7\u00e3o criminosa, dano ao patrim\u00f4nio privado, amea\u00e7a e por provocar tumulto em arena esportiva.<\/p><div class=\"cyssm69ef38f0a544d\" ><!--<a href=\"https:\/\/bit.ly\/3QdrqTZ\" target=\"_blank\">\n<img src=\"https:\/\/justicapotiguar.com.br\/wp-content\/uploads\/2023\/09\/mobile-geral.gif\"\/><a\/>--><\/div><style type=\"text\/css\">\r\n.cyssm69ef38f0a544d {\r\ntext-align: center;\r\n}\r\n@media screen and (min-width: 1201px) {\r\n.cyssm69ef38f0a544d {\r\ndisplay: none;\r\n}\r\n}\r\n@media screen and (min-width: 993px) and (max-width: 1200px) {\r\n.cyssm69ef38f0a544d {\r\ndisplay: none;\r\n}\r\n}\r\n@media screen and (min-width: 769px) and (max-width: 992px) {\r\n.cyssm69ef38f0a544d {\r\ndisplay: none;\r\n}\r\n}\r\n@media screen and (min-width: 768px) and (max-width: 768px) {\r\n.cyssm69ef38f0a544d {\r\ndisplay: block;\r\n}\r\n}\r\n@media screen and (max-width: 767px) {\r\n.cyssm69ef38f0a544d {\r\ndisplay: block;\r\n}\r\n}\r\n<\/style>\r\n<div class=\"fwtpr69ef38f0a542f\" ><!--<a href=\"https:\/\/bit.ly\/3QdrqTZ\" target=\"_blank\">\n<img src=\"https:\/\/justicapotiguar.com.br\/wp-content\/uploads\/2023\/09\/desktop-geral.gif\"\/><a\/>--><\/div><style type=\"text\/css\">\r\n.fwtpr69ef38f0a542f {\r\ntext-align: center;\nmargin-bottom: 1em;\r\n}\r\n@media screen and (min-width: 1201px) {\r\n.fwtpr69ef38f0a542f {\r\ndisplay: block;\r\n}\r\n}\r\n@media screen and (min-width: 993px) and (max-width: 1200px) {\r\n.fwtpr69ef38f0a542f {\r\ndisplay: block;\r\n}\r\n}\r\n@media screen and (min-width: 769px) and (max-width: 992px) {\r\n.fwtpr69ef38f0a542f {\r\ndisplay: block;\r\n}\r\n}\r\n@media screen and (min-width: 768px) and (max-width: 768px) {\r\n.fwtpr69ef38f0a542f {\r\ndisplay: none;\r\n}\r\n}\r\n@media screen and (max-width: 767px) {\r\n.fwtpr69ef38f0a542f {\r\ndisplay: none;\r\n}\r\n}\r\n<\/style>\r\n\n\n\n\n<p>O MPRN j\u00e1 requereu da Pol\u00edcia Militar um relat\u00f3rio dos fatos registrados no Frasqueir\u00e3o e vai se reunir com as for\u00e7as de seguran\u00e7a e com o clube ainda nesta semana para avaliar os fatos registrados. O MPRN antecipa que alguns dos criminosos j\u00e1 foram identificados e que provid\u00eancias ser\u00e3o tomadas em rela\u00e7\u00e3o a essas pessoas.<\/p>\n","protected":false},"excerpt":{"rendered":"<p>O Minist\u00e9rio P\u00fablico do Rio Grande do Norte (MPRN) vai apurar os crimes cometidos contra jogadores do ABC ap\u00f3s a derrota do clube para o Crici\u00fama neste s\u00e1bado (8). Depois da partida, alguns jogadores tiveram carros apedrejados dentro do estacionamento do est\u00e1dio Frasqueir\u00e3o, em Natal. Pelas redes sociais, alguns relataram que estavam com as fam\u00edlias<br \/><a class=\"more-link\" href=\"https:\/\/justicapotiguar.com.br\/index.php\/2023\/07\/09\/mprn-vai-apurar-crimes-cometidos-contra-jogadores-do-abc-apos-derrota-neste-sabado\/\">Mais&#8230;<\/a><\/p>\n","protected":false},"author":5,"featured_media":0,"comment_status":"open","ping_status":"open","sticky":false,"template":"","format":"standard","meta":[],"categories":[1],"tags":[],"_links":{"self":[{"href":"https:\/\/justicapotiguar.com.br\/index.php\/wp-json\/wp\/v2\/posts\/32703"}],"collection":[{"href":"https:\/\/justicapotiguar.com.br\/index.php\/wp-json\/wp\/v2\/posts"}],"about":[{"href":"https:\/\/justicapotiguar.com.br\/index.php\/wp-json\/wp\/v2\/types\/post"}],"author":[{"embeddable":true,"href":"https:\/\/justicapotiguar.com.br\/index.php\/wp-json\/wp\/v2\/users\/5"}],"replies":[{"embeddable":true,"href":"https:\/\/justicapotiguar.com.br\/index.php\/wp-json\/wp\/v2\/comments?post=32703"}],"version-history":[{"count":1,"href":"https:\/\/justicapotiguar.com.br\/index.php\/wp-json\/wp\/v2\/posts\/32703\/revisions"}],"predecessor-version":[{"id":32704,"href":"https:\/\/justicapotiguar.com.br\/index.php\/wp-json\/wp\/v2\/posts\/32703\/revisions\/32704"}],"wp:attachment":[{"href":"https:\/\/justicapotiguar.com.br\/index.php\/wp-json\/wp\/v2\/media?parent=32703"}],"wp:term":[{"taxonomy":"category","embeddable":true,"href":"https:\/\/justicapotiguar.com.br\/index.php\/wp-json\/wp\/v2\/categories?post=32703"},{"taxonomy":"post_tag","embeddable":true,"href":"https:\/\/justicapotiguar.com.br\/index.php\/wp-json\/wp\/v2\/tags?post=32703"}],"curies":[{"name":"wp","href":"https:\/\/api.w.org\/{rel}","templated":true}]}}