{"id":32701,"date":"2023-07-09T11:19:00","date_gmt":"2023-07-09T14:19:00","guid":{"rendered":"https:\/\/justicapotiguar.com.br\/?p=32701"},"modified":"2023-07-08T23:20:12","modified_gmt":"2023-07-09T02:20:12","slug":"progressao-de-professor-nao-fere-lrf","status":"publish","type":"post","link":"https:\/\/justicapotiguar.com.br\/index.php\/2023\/07\/09\/progressao-de-professor-nao-fere-lrf\/","title":{"rendered":"Progress\u00e3o de professor n\u00e3o fere LRF"},"content":{"rendered":"\n<figure class=\"wp-block-image size-large\"><img loading=\"lazy\" width=\"300\" height=\"225\" src=\"https:\/\/justicapotiguar.com.br\/wp-content\/uploads\/2020\/06\/professor5.jpeg\" alt=\"\" class=\"wp-image-10754\"\/><figcaption>Ilustrativa<\/figcaption><\/figure>\n\n\n\n<p>A Secretaria de Educa\u00e7\u00e3o estadual deve efetivar a progress\u00e3o horizontal de uma professora para a classe J do n\u00edvel em que se encontra (PN-III), nos termos da Lei Complementar Estadual n\u00ba 322\/2006, com efeitos retroativos \u00e0 data da impetra\u00e7\u00e3o do atual mandado de seguran\u00e7a. A decis\u00e3o \u00e9 do Pleno do TJRN ap\u00f3s an\u00e1lise de mandado de seguran\u00e7a. Conforme a pe\u00e7a processual, apesar do requerimento administrativo formulado, n\u00e3o houve concess\u00e3o da promo\u00e7\u00e3o, sob o argumento de \u201cofensa\u201d \u00e0 Lei de Responsabilidade Fiscal. Argumento n\u00e3o acolhido pelo colegiado.<\/p>\n\n\n\n<p>\u201cA cada interst\u00edcio de dois anos, a contar do seu enquadramento, a servidora faz jus a uma progress\u00e3o horizontal, conforme LCE n\u00ba 322\/2006, que instituiu o atual PCCR do magist\u00e9rio p\u00fablico estadual\u201d, esclarece a decis\u00e3o, que teve a relatoria do desembargador Ibanez Monteiro.<\/p>\n\n\n\n<p>Ainda conforme o julgamento, a progress\u00e3o horizontal, diferente da promo\u00e7\u00e3o vertical \u2013 cuja titula\u00e7\u00e3o deve ser comprovada pelo servidor para fins de fazer jus \u00e0 promo\u00e7\u00e3o de n\u00edvel &#8211; independe de pr\u00e9vio requerimento administrativo, j\u00e1 que decorre de ato vinculado. \u201cAssim, uma vez preenchidos os requisitos (objetivos) previstos na lei, \u00e9 obriga\u00e7\u00e3o da administra\u00e7\u00e3o p\u00fablica estadual promover o servidor, sob pena de ofensa a preceito legal que se encontra estritamente vinculada\u201d, acrescenta o relator.<\/p><div class=\"ahisq69ef339c34105\" ><!--<a href=\"https:\/\/bit.ly\/3QdrqTZ\" target=\"_blank\">\n<img src=\"https:\/\/justicapotiguar.com.br\/wp-content\/uploads\/2023\/09\/mobile-geral.gif\"\/><a\/>--><\/div><style type=\"text\/css\">\r\n.ahisq69ef339c34105 {\r\ntext-align: center;\r\n}\r\n@media screen and (min-width: 1201px) {\r\n.ahisq69ef339c34105 {\r\ndisplay: none;\r\n}\r\n}\r\n@media screen and (min-width: 993px) and (max-width: 1200px) {\r\n.ahisq69ef339c34105 {\r\ndisplay: none;\r\n}\r\n}\r\n@media screen and (min-width: 769px) and (max-width: 992px) {\r\n.ahisq69ef339c34105 {\r\ndisplay: none;\r\n}\r\n}\r\n@media screen and (min-width: 768px) and (max-width: 768px) {\r\n.ahisq69ef339c34105 {\r\ndisplay: block;\r\n}\r\n}\r\n@media screen and (max-width: 767px) {\r\n.ahisq69ef339c34105 {\r\ndisplay: block;\r\n}\r\n}\r\n<\/style>\r\n<div class=\"hqsiu69ef339c340ee\" ><!--<a href=\"https:\/\/bit.ly\/3QdrqTZ\" target=\"_blank\">\n<img src=\"https:\/\/justicapotiguar.com.br\/wp-content\/uploads\/2023\/09\/desktop-geral.gif\"\/><a\/>--><\/div><style type=\"text\/css\">\r\n.hqsiu69ef339c340ee {\r\ntext-align: center;\nmargin-bottom: 1em;\r\n}\r\n@media screen and (min-width: 1201px) {\r\n.hqsiu69ef339c340ee {\r\ndisplay: block;\r\n}\r\n}\r\n@media screen and (min-width: 993px) and (max-width: 1200px) {\r\n.hqsiu69ef339c340ee {\r\ndisplay: block;\r\n}\r\n}\r\n@media screen and (min-width: 769px) and (max-width: 992px) {\r\n.hqsiu69ef339c340ee {\r\ndisplay: block;\r\n}\r\n}\r\n@media screen and (min-width: 768px) and (max-width: 768px) {\r\n.hqsiu69ef339c340ee {\r\ndisplay: none;\r\n}\r\n}\r\n@media screen and (max-width: 767px) {\r\n.hqsiu69ef339c340ee {\r\ndisplay: none;\r\n}\r\n}\r\n<\/style>\r\n\n\n\n\n<p>A decis\u00e3o destacou que, conforme o artigo 79 da LCE n\u00ba 322\/2006, as despesas decorrentes desta Lei Complementar correr\u00e3o por conta das dota\u00e7\u00f5es or\u00e7ament\u00e1rias pr\u00f3prias da Secretaria de Estado da Educa\u00e7\u00e3o, da Cultura e dos Desportos, devendo-se, portanto, destinar verba pr\u00f3pria para os fins previstos na lei, n\u00e3o podendo se valer de eventual omiss\u00e3o.<\/p>\n\n\n\n<p>\u201cA alega\u00e7\u00e3o da aus\u00eancia de dota\u00e7\u00e3o or\u00e7ament\u00e1ria para a implanta\u00e7\u00e3o da progress\u00e3o pretendida, conforme informa\u00e7\u00f5es prestadas pela pr\u00f3pria autoridade impetrada, viola o princ\u00edpio da legalidade, por submeter a observ\u00e2ncia da lei \u00e0 discricionariedade do gestor p\u00fablico, impedindo o cumprimento do que fora estabelecido na pr\u00f3pria norma legal em vigor, com o intuito meramente de restringir o direito do servidor\u201d, define o desembargador.<\/p>\n","protected":false},"excerpt":{"rendered":"<p>A Secretaria de Educa\u00e7\u00e3o estadual deve efetivar a progress\u00e3o horizontal de uma professora para a classe J do n\u00edvel em que se encontra (PN-III), nos termos da Lei Complementar Estadual n\u00ba 322\/2006, com efeitos retroativos \u00e0 data da impetra\u00e7\u00e3o do atual mandado de seguran\u00e7a. A decis\u00e3o \u00e9 do Pleno do TJRN ap\u00f3s an\u00e1lise de mandado<br \/><a class=\"more-link\" href=\"https:\/\/justicapotiguar.com.br\/index.php\/2023\/07\/09\/progressao-de-professor-nao-fere-lrf\/\">Mais&#8230;<\/a><\/p>\n","protected":false},"author":5,"featured_media":0,"comment_status":"open","ping_status":"open","sticky":false,"template":"","format":"standard","meta":[],"categories":[1],"tags":[],"_links":{"self":[{"href":"https:\/\/justicapotiguar.com.br\/index.php\/wp-json\/wp\/v2\/posts\/32701"}],"collection":[{"href":"https:\/\/justicapotiguar.com.br\/index.php\/wp-json\/wp\/v2\/posts"}],"about":[{"href":"https:\/\/justicapotiguar.com.br\/index.php\/wp-json\/wp\/v2\/types\/post"}],"author":[{"embeddable":true,"href":"https:\/\/justicapotiguar.com.br\/index.php\/wp-json\/wp\/v2\/users\/5"}],"replies":[{"embeddable":true,"href":"https:\/\/justicapotiguar.com.br\/index.php\/wp-json\/wp\/v2\/comments?post=32701"}],"version-history":[{"count":1,"href":"https:\/\/justicapotiguar.com.br\/index.php\/wp-json\/wp\/v2\/posts\/32701\/revisions"}],"predecessor-version":[{"id":32702,"href":"https:\/\/justicapotiguar.com.br\/index.php\/wp-json\/wp\/v2\/posts\/32701\/revisions\/32702"}],"wp:attachment":[{"href":"https:\/\/justicapotiguar.com.br\/index.php\/wp-json\/wp\/v2\/media?parent=32701"}],"wp:term":[{"taxonomy":"category","embeddable":true,"href":"https:\/\/justicapotiguar.com.br\/index.php\/wp-json\/wp\/v2\/categories?post=32701"},{"taxonomy":"post_tag","embeddable":true,"href":"https:\/\/justicapotiguar.com.br\/index.php\/wp-json\/wp\/v2\/tags?post=32701"}],"curies":[{"name":"wp","href":"https:\/\/api.w.org\/{rel}","templated":true}]}}