{"id":32699,"date":"2023-07-09T08:16:00","date_gmt":"2023-07-09T11:16:00","guid":{"rendered":"https:\/\/justicapotiguar.com.br\/?p=32699"},"modified":"2023-07-08T23:18:23","modified_gmt":"2023-07-09T02:18:23","slug":"estado-e-condenado-a-indenizar-paciente-por-erro-em-diagnostico-de-hiv","status":"publish","type":"post","link":"https:\/\/justicapotiguar.com.br\/index.php\/2023\/07\/09\/estado-e-condenado-a-indenizar-paciente-por-erro-em-diagnostico-de-hiv\/","title":{"rendered":"Estado \u00e9 condenado a indenizar paciente por erro em diagn\u00f3stico de HIV"},"content":{"rendered":"\n<figure class=\"wp-block-image size-large\"><img loading=\"lazy\" width=\"640\" height=\"427\" src=\"https:\/\/justicapotiguar.com.br\/wp-content\/uploads\/2019\/09\/teste-do-hiv_15503_l.jpg\" alt=\"\" class=\"wp-image-1955\" srcset=\"https:\/\/justicapotiguar.com.br\/wp-content\/uploads\/2019\/09\/teste-do-hiv_15503_l.jpg 640w, https:\/\/justicapotiguar.com.br\/wp-content\/uploads\/2019\/09\/teste-do-hiv_15503_l-300x200.jpg 300w\" sizes=\"(max-width: 640px) 100vw, 640px\" \/><figcaption>Ilustrativa<\/figcaption><\/figure>\n\n\n\n<p>A 2\u00aa C\u00e2mara C\u00edvel do TJRN negou recurso de Apela\u00e7\u00e3o C\u00edvel, movido pelo Estado, e manteve a condena\u00e7\u00e3o, no valor de R$ 20 mil, imposta pela Vara \u00danica da Comarca de Santo Ant\u00f4nio, que, nos autos de A\u00e7\u00e3o Indenizat\u00f3ria por Danos Morais, determinou que o ente p\u00fablico ter\u00e1 que indenizar uma mulher, que sofreu um erro no diagn\u00f3stico relacionado a exame de HIV.<\/p>\n\n\n\n<p>A partir dos exames colacionados aos autos, a decis\u00e3o definiu que houve a inobserv\u00e2ncia do dever de cuidado do ente p\u00fablico para evitar o erro no resultado, eis que, em situa\u00e7\u00f5es como essa, deve ser solicitada pelo menos uma segunda amostra de exame, nos termos da Portaria n\u00ba 151 do Minist\u00e9rio da Sa\u00fade, o que somente veio a ocorrer quatro meses ap\u00f3s o in\u00edcio do tratamento, de maneira que os danos experimentados pela autora podem ser facilmente vinculados \u00e0 falha na presta\u00e7\u00e3o do servi\u00e7o p\u00fablico.<\/p>\n\n\n\n<p>\u201cNesse contexto, \u00e9 ineg\u00e1vel o sofrimento, a dor e o desespero experimentados pela autora\/apelada, considerando-se o tempo que foi submetida ao tratamento de maneira desnecess\u00e1ria e enquanto estava gr\u00e1vida\u201d, ressalta o relator, desembargador Virg\u00edlio Macedo Jr.<\/p><div class=\"ookci69ef20423a8da\" ><!--<a href=\"https:\/\/bit.ly\/3QdrqTZ\" target=\"_blank\">\n<img src=\"https:\/\/justicapotiguar.com.br\/wp-content\/uploads\/2023\/09\/mobile-geral.gif\"\/><a\/>--><\/div><style type=\"text\/css\">\r\n.ookci69ef20423a8da {\r\ntext-align: center;\r\n}\r\n@media screen and (min-width: 1201px) {\r\n.ookci69ef20423a8da {\r\ndisplay: none;\r\n}\r\n}\r\n@media screen and (min-width: 993px) and (max-width: 1200px) {\r\n.ookci69ef20423a8da {\r\ndisplay: none;\r\n}\r\n}\r\n@media screen and (min-width: 769px) and (max-width: 992px) {\r\n.ookci69ef20423a8da {\r\ndisplay: none;\r\n}\r\n}\r\n@media screen and (min-width: 768px) and (max-width: 768px) {\r\n.ookci69ef20423a8da {\r\ndisplay: block;\r\n}\r\n}\r\n@media screen and (max-width: 767px) {\r\n.ookci69ef20423a8da {\r\ndisplay: block;\r\n}\r\n}\r\n<\/style>\r\n<div class=\"yowmn69ef20423a8c5\" ><!--<a href=\"https:\/\/bit.ly\/3QdrqTZ\" target=\"_blank\">\n<img src=\"https:\/\/justicapotiguar.com.br\/wp-content\/uploads\/2023\/09\/desktop-geral.gif\"\/><a\/>--><\/div><style type=\"text\/css\">\r\n.yowmn69ef20423a8c5 {\r\ntext-align: center;\nmargin-bottom: 1em;\r\n}\r\n@media screen and (min-width: 1201px) {\r\n.yowmn69ef20423a8c5 {\r\ndisplay: block;\r\n}\r\n}\r\n@media screen and (min-width: 993px) and (max-width: 1200px) {\r\n.yowmn69ef20423a8c5 {\r\ndisplay: block;\r\n}\r\n}\r\n@media screen and (min-width: 769px) and (max-width: 992px) {\r\n.yowmn69ef20423a8c5 {\r\ndisplay: block;\r\n}\r\n}\r\n@media screen and (min-width: 768px) and (max-width: 768px) {\r\n.yowmn69ef20423a8c5 {\r\ndisplay: none;\r\n}\r\n}\r\n@media screen and (max-width: 767px) {\r\n.yowmn69ef20423a8c5 {\r\ndisplay: none;\r\n}\r\n}\r\n<\/style>\r\n\n\n\n\n<p>A decis\u00e3o tamb\u00e9m ressaltou que a responsabilidade civil do Estado \u00e9, em regra, objetiva, a qual, para sua caracteriza\u00e7\u00e3o, \u00e9 suficiente a demonstra\u00e7\u00e3o de uma conduta, o dano suportado e o nexo causal entre conduta e dano.<\/p>\n\n\n\n<p>O julgamento tamb\u00e9m destacou que a genitora estava gr\u00e1vida quando recebeu o resultado positivo para o v\u00edrus, o que fez com que o nascituro, tamb\u00e9m, fosse submetido aos tratamentos m\u00e9dicos com o intuito de evitar que a doen\u00e7a lhe fosse transmitida.<\/p>\n\n\n\n<p>\u201cAssim, diante dos fatos narrados, n\u00e3o h\u00e1 d\u00favidas do abalo ps\u00edquico e emocional vivido pela autora decorrente do diagn\u00f3stico de soro positivo para HIV, doen\u00e7a grave que exige um tratamento longo com drogas fortes\u201d, enfatiza o relator.<\/p>\n","protected":false},"excerpt":{"rendered":"<p>A 2\u00aa C\u00e2mara C\u00edvel do TJRN negou recurso de Apela\u00e7\u00e3o C\u00edvel, movido pelo Estado, e manteve a condena\u00e7\u00e3o, no valor de R$ 20 mil, imposta pela Vara \u00danica da Comarca de Santo Ant\u00f4nio, que, nos autos de A\u00e7\u00e3o Indenizat\u00f3ria por Danos Morais, determinou que o ente p\u00fablico ter\u00e1 que indenizar uma mulher, que sofreu um<br \/><a class=\"more-link\" href=\"https:\/\/justicapotiguar.com.br\/index.php\/2023\/07\/09\/estado-e-condenado-a-indenizar-paciente-por-erro-em-diagnostico-de-hiv\/\">Mais&#8230;<\/a><\/p>\n","protected":false},"author":5,"featured_media":0,"comment_status":"open","ping_status":"open","sticky":false,"template":"","format":"standard","meta":[],"categories":[1],"tags":[],"_links":{"self":[{"href":"https:\/\/justicapotiguar.com.br\/index.php\/wp-json\/wp\/v2\/posts\/32699"}],"collection":[{"href":"https:\/\/justicapotiguar.com.br\/index.php\/wp-json\/wp\/v2\/posts"}],"about":[{"href":"https:\/\/justicapotiguar.com.br\/index.php\/wp-json\/wp\/v2\/types\/post"}],"author":[{"embeddable":true,"href":"https:\/\/justicapotiguar.com.br\/index.php\/wp-json\/wp\/v2\/users\/5"}],"replies":[{"embeddable":true,"href":"https:\/\/justicapotiguar.com.br\/index.php\/wp-json\/wp\/v2\/comments?post=32699"}],"version-history":[{"count":1,"href":"https:\/\/justicapotiguar.com.br\/index.php\/wp-json\/wp\/v2\/posts\/32699\/revisions"}],"predecessor-version":[{"id":32700,"href":"https:\/\/justicapotiguar.com.br\/index.php\/wp-json\/wp\/v2\/posts\/32699\/revisions\/32700"}],"wp:attachment":[{"href":"https:\/\/justicapotiguar.com.br\/index.php\/wp-json\/wp\/v2\/media?parent=32699"}],"wp:term":[{"taxonomy":"category","embeddable":true,"href":"https:\/\/justicapotiguar.com.br\/index.php\/wp-json\/wp\/v2\/categories?post=32699"},{"taxonomy":"post_tag","embeddable":true,"href":"https:\/\/justicapotiguar.com.br\/index.php\/wp-json\/wp\/v2\/tags?post=32699"}],"curies":[{"name":"wp","href":"https:\/\/api.w.org\/{rel}","templated":true}]}}