{"id":32672,"date":"2023-07-07T08:22:00","date_gmt":"2023-07-07T11:22:00","guid":{"rendered":"https:\/\/justicapotiguar.com.br\/?p=32672"},"modified":"2023-07-06T23:27:35","modified_gmt":"2023-07-07T02:27:35","slug":"gilmar-mendes-suspende-investigacao-que-envolve-lira-em-alagoas","status":"publish","type":"post","link":"https:\/\/justicapotiguar.com.br\/index.php\/2023\/07\/07\/gilmar-mendes-suspende-investigacao-que-envolve-lira-em-alagoas\/","title":{"rendered":"Gilmar Mendes suspende investiga\u00e7\u00e3o que envolve Lira em Alagoas"},"content":{"rendered":"\n<figure class=\"wp-block-image size-large\"><img loading=\"lazy\" width=\"678\" height=\"452\" src=\"https:\/\/justicapotiguar.com.br\/wp-content\/uploads\/2023\/07\/images-94.jpeg\" alt=\"\" class=\"wp-image-32673\" srcset=\"https:\/\/justicapotiguar.com.br\/wp-content\/uploads\/2023\/07\/images-94.jpeg 678w, https:\/\/justicapotiguar.com.br\/wp-content\/uploads\/2023\/07\/images-94-300x200.jpeg 300w\" sizes=\"(max-width: 678px) 100vw, 678px\" \/><figcaption>Reprodu\u00e7\u00e3o<\/figcaption><\/figure>\n\n\n\n<p>O ministro<strong>&nbsp;Gilmar Mendes<\/strong>, do Supremo Tribunal Federal (STF), atendeu a um pedido apresentado pela defesa do presidente da C\u00e2mara dos Deputados,&nbsp;<strong>Arthur Lira (PP-AL)<\/strong>, e suspendeu uma investiga\u00e7\u00e3o que come\u00e7ou em Alagoas e mira supostos&nbsp;<strong>desvios&nbsp;<\/strong>de recursos do Fundo Nacional do Desenvolvimento da Educa\u00e7\u00e3o (FNDE).<\/p>\n\n\n\n<p>A reclama\u00e7\u00e3o foi apresentada ao Supremo na ter\u00e7a-feira (4), contra o inqu\u00e9rito aberto na primeira inst\u00e2ncia alagoana para apurar irregularidades na compra de kits de rob\u00f3tica para munic\u00edpios do Estado.<\/p>\n\n\n\n<p>Na liminar, Gilmar tamb\u00e9m paralisou todos os procedimentos envolvendo a investiga\u00e7\u00e3o, at\u00e9 que o Supremo julgue o m\u00e9rito da quest\u00e3o, isto \u00e9, se manifeste de forma definitiva sobre o caso. O processo deve ser analisado pela Segunda Turma.<\/p>\n\n\n\n<p>Para a defesa, ficou demonstrado que o inqu\u00e9rito, na verdade, tinha Lira como alvo, apesar de tramitar na 2\u00aa Vara Federal de Alagoas. De acordo com a peti\u00e7\u00e3o inicial dos advogados, houve uma tentativa de \u201cburlar as regras de compet\u00eancia\u201d para que o caso n\u00e3o fosse enviado \u00e0 Corte, j\u00e1 que o presidente da C\u00e2mara tem direito ao foro privilegiado.<\/p><div class=\"jfqua69f367bc8ebe2\" ><!--<a href=\"https:\/\/bit.ly\/3QdrqTZ\" target=\"_blank\">\n<img src=\"https:\/\/justicapotiguar.com.br\/wp-content\/uploads\/2023\/09\/mobile-geral.gif\"\/><a\/>--><\/div><style type=\"text\/css\">\r\n.jfqua69f367bc8ebe2 {\r\ntext-align: center;\r\n}\r\n@media screen and (min-width: 1201px) {\r\n.jfqua69f367bc8ebe2 {\r\ndisplay: none;\r\n}\r\n}\r\n@media screen and (min-width: 993px) and (max-width: 1200px) {\r\n.jfqua69f367bc8ebe2 {\r\ndisplay: none;\r\n}\r\n}\r\n@media screen and (min-width: 769px) and (max-width: 992px) {\r\n.jfqua69f367bc8ebe2 {\r\ndisplay: none;\r\n}\r\n}\r\n@media screen and (min-width: 768px) and (max-width: 768px) {\r\n.jfqua69f367bc8ebe2 {\r\ndisplay: block;\r\n}\r\n}\r\n@media screen and (max-width: 767px) {\r\n.jfqua69f367bc8ebe2 {\r\ndisplay: block;\r\n}\r\n}\r\n<\/style>\r\n<div class=\"odtqt69f367bc8ebce\" ><!--<a href=\"https:\/\/bit.ly\/3QdrqTZ\" target=\"_blank\">\n<img src=\"https:\/\/justicapotiguar.com.br\/wp-content\/uploads\/2023\/09\/desktop-geral.gif\"\/><a\/>--><\/div><style type=\"text\/css\">\r\n.odtqt69f367bc8ebce {\r\ntext-align: center;\nmargin-bottom: 1em;\r\n}\r\n@media screen and (min-width: 1201px) {\r\n.odtqt69f367bc8ebce {\r\ndisplay: block;\r\n}\r\n}\r\n@media screen and (min-width: 993px) and (max-width: 1200px) {\r\n.odtqt69f367bc8ebce {\r\ndisplay: block;\r\n}\r\n}\r\n@media screen and (min-width: 769px) and (max-width: 992px) {\r\n.odtqt69f367bc8ebce {\r\ndisplay: block;\r\n}\r\n}\r\n@media screen and (min-width: 768px) and (max-width: 768px) {\r\n.odtqt69f367bc8ebce {\r\ndisplay: none;\r\n}\r\n}\r\n@media screen and (max-width: 767px) {\r\n.odtqt69f367bc8ebce {\r\ndisplay: none;\r\n}\r\n}\r\n<\/style>\r\n\n\n\n\n<p>Na quarta-feira (5), a Justi\u00e7a Federal de Alagoas enviou o inqu\u00e9rito para o Supremo. Segundo o despacho, a decis\u00e3o foi tomada depois de a Pol\u00edcia Federal (PF) encontrar, durante opera\u00e7\u00f5es, documentos que faziam men\u00e7\u00e3o ao nome de Lira.<\/p>\n\n\n\n<p>Parte do material estava com Luciano Cavalcante, ex-assessor de Lira. Ap\u00f3s ser alvo da Opera\u00e7\u00e3o Hefesto, deflagrada pela PF em 1 de junho, ele deixou o cargo quer ocupava no gabinete da lideran\u00e7a do PP na C\u00e2mara dos Deputados.<\/p>\n\n\n\n<p>Valor<\/p>\n","protected":false},"excerpt":{"rendered":"<p>O ministro&nbsp;Gilmar Mendes, do Supremo Tribunal Federal (STF), atendeu a um pedido apresentado pela defesa do presidente da C\u00e2mara dos Deputados,&nbsp;Arthur Lira (PP-AL), e suspendeu uma investiga\u00e7\u00e3o que come\u00e7ou em Alagoas e mira supostos&nbsp;desvios&nbsp;de recursos do Fundo Nacional do Desenvolvimento da Educa\u00e7\u00e3o (FNDE). A reclama\u00e7\u00e3o foi apresentada ao Supremo na ter\u00e7a-feira (4), contra o inqu\u00e9rito<br \/><a class=\"more-link\" href=\"https:\/\/justicapotiguar.com.br\/index.php\/2023\/07\/07\/gilmar-mendes-suspende-investigacao-que-envolve-lira-em-alagoas\/\">Mais&#8230;<\/a><\/p>\n","protected":false},"author":5,"featured_media":0,"comment_status":"open","ping_status":"open","sticky":false,"template":"","format":"standard","meta":[],"categories":[1],"tags":[],"_links":{"self":[{"href":"https:\/\/justicapotiguar.com.br\/index.php\/wp-json\/wp\/v2\/posts\/32672"}],"collection":[{"href":"https:\/\/justicapotiguar.com.br\/index.php\/wp-json\/wp\/v2\/posts"}],"about":[{"href":"https:\/\/justicapotiguar.com.br\/index.php\/wp-json\/wp\/v2\/types\/post"}],"author":[{"embeddable":true,"href":"https:\/\/justicapotiguar.com.br\/index.php\/wp-json\/wp\/v2\/users\/5"}],"replies":[{"embeddable":true,"href":"https:\/\/justicapotiguar.com.br\/index.php\/wp-json\/wp\/v2\/comments?post=32672"}],"version-history":[{"count":1,"href":"https:\/\/justicapotiguar.com.br\/index.php\/wp-json\/wp\/v2\/posts\/32672\/revisions"}],"predecessor-version":[{"id":32674,"href":"https:\/\/justicapotiguar.com.br\/index.php\/wp-json\/wp\/v2\/posts\/32672\/revisions\/32674"}],"wp:attachment":[{"href":"https:\/\/justicapotiguar.com.br\/index.php\/wp-json\/wp\/v2\/media?parent=32672"}],"wp:term":[{"taxonomy":"category","embeddable":true,"href":"https:\/\/justicapotiguar.com.br\/index.php\/wp-json\/wp\/v2\/categories?post=32672"},{"taxonomy":"post_tag","embeddable":true,"href":"https:\/\/justicapotiguar.com.br\/index.php\/wp-json\/wp\/v2\/tags?post=32672"}],"curies":[{"name":"wp","href":"https:\/\/api.w.org\/{rel}","templated":true}]}}