{"id":32569,"date":"2023-07-01T09:53:28","date_gmt":"2023-07-01T12:53:28","guid":{"rendered":"https:\/\/justicapotiguar.com.br\/?p=32569"},"modified":"2023-07-01T09:53:28","modified_gmt":"2023-07-01T12:53:28","slug":"foto-advogado-e-impedido-de-atuar-em-tribunal-por-usar-trajes-do-candomble","status":"publish","type":"post","link":"https:\/\/justicapotiguar.com.br\/index.php\/2023\/07\/01\/foto-advogado-e-impedido-de-atuar-em-tribunal-por-usar-trajes-do-candomble\/","title":{"rendered":"FOTO: Advogado \u00e9 impedido de atuar em tribunal por usar trajes do candombl\u00e9"},"content":{"rendered":"\n<figure class=\"wp-block-image size-large\"><img loading=\"lazy\" width=\"450\" height=\"450\" src=\"https:\/\/justicapotiguar.com.br\/wp-content\/uploads\/2023\/07\/o-advogado-gustavo-coutinho-30-com-trajes-candomblecistas-1688159766314_v2_450x450.jpg\" alt=\"\" class=\"wp-image-32570\" srcset=\"https:\/\/justicapotiguar.com.br\/wp-content\/uploads\/2023\/07\/o-advogado-gustavo-coutinho-30-com-trajes-candomblecistas-1688159766314_v2_450x450.jpg 450w, https:\/\/justicapotiguar.com.br\/wp-content\/uploads\/2023\/07\/o-advogado-gustavo-coutinho-30-com-trajes-candomblecistas-1688159766314_v2_450x450-300x300.jpg 300w, https:\/\/justicapotiguar.com.br\/wp-content\/uploads\/2023\/07\/o-advogado-gustavo-coutinho-30-com-trajes-candomblecistas-1688159766314_v2_450x450-150x150.jpg 150w\" sizes=\"(max-width: 450px) 100vw, 450px\" \/><figcaption>Reprodu\u00e7\u00e3o<\/figcaption><\/figure>\n\n\n\n<p>Um advogado de Bras\u00edlia foi impedido de fazer a sustenta\u00e7\u00e3o oral de defesa de um cliente no TJDFT (Tribunal de Justi\u00e7a do Distrito Federal e Territ\u00f3rios) por usar trajes t\u00edpicos do candombl\u00e9, uma religi\u00e3o de matriz africana. O caso ocorreu na tarde de quarta (28). O que aconteceu: O advogado Gustavo Coutinho, 30, n\u00e3o pode realizar a defesa de um cliente durante uma sess\u00e3o marcada para a tarde de quarta (28) no TJDFT.<\/p>\n\n\n\n<p>Na ocasi\u00e3o, a 7\u00aa Turma C\u00edvel da 2\u00aa C\u00e2mara do tribunal decidiu, por unanimidade, que ele n\u00e3o poderia falar na corte por ser necess\u00e1rio vestir &#8220;traje formal, em aten\u00e7\u00e3o \u00e0 regra regimental&#8221;. Adepto do candombl\u00e9, Gustavo Coutinho vestia terno, blusa e cal\u00e7a branca acompanhados de suas guias e seu eket\u00e9, uma esp\u00e9cie de chap\u00e9u, cobrindo a cabe\u00e7a. A vestimenta \u00e9 obrigat\u00f3ria por tr\u00eas meses para quem realiza a chamada &#8220;inicia\u00e7\u00e3o&#8221; na religi\u00e3o.<\/p><div class=\"mvmcl69eef317121c7\" ><!--<a href=\"https:\/\/bit.ly\/3QdrqTZ\" target=\"_blank\">\n<img src=\"https:\/\/justicapotiguar.com.br\/wp-content\/uploads\/2023\/09\/mobile-geral.gif\"\/><a\/>--><\/div><style type=\"text\/css\">\r\n.mvmcl69eef317121c7 {\r\ntext-align: center;\r\n}\r\n@media screen and (min-width: 1201px) {\r\n.mvmcl69eef317121c7 {\r\ndisplay: none;\r\n}\r\n}\r\n@media screen and (min-width: 993px) and (max-width: 1200px) {\r\n.mvmcl69eef317121c7 {\r\ndisplay: none;\r\n}\r\n}\r\n@media screen and (min-width: 769px) and (max-width: 992px) {\r\n.mvmcl69eef317121c7 {\r\ndisplay: none;\r\n}\r\n}\r\n@media screen and (min-width: 768px) and (max-width: 768px) {\r\n.mvmcl69eef317121c7 {\r\ndisplay: block;\r\n}\r\n}\r\n@media screen and (max-width: 767px) {\r\n.mvmcl69eef317121c7 {\r\ndisplay: block;\r\n}\r\n}\r\n<\/style>\r\n<div class=\"spnph69eef317121ae\" ><!--<a href=\"https:\/\/bit.ly\/3QdrqTZ\" target=\"_blank\">\n<img src=\"https:\/\/justicapotiguar.com.br\/wp-content\/uploads\/2023\/09\/desktop-geral.gif\"\/><a\/>--><\/div><style type=\"text\/css\">\r\n.spnph69eef317121ae {\r\ntext-align: center;\nmargin-bottom: 1em;\r\n}\r\n@media screen and (min-width: 1201px) {\r\n.spnph69eef317121ae {\r\ndisplay: block;\r\n}\r\n}\r\n@media screen and (min-width: 993px) and (max-width: 1200px) {\r\n.spnph69eef317121ae {\r\ndisplay: block;\r\n}\r\n}\r\n@media screen and (min-width: 769px) and (max-width: 992px) {\r\n.spnph69eef317121ae {\r\ndisplay: block;\r\n}\r\n}\r\n@media screen and (min-width: 768px) and (max-width: 768px) {\r\n.spnph69eef317121ae {\r\ndisplay: none;\r\n}\r\n}\r\n@media screen and (max-width: 767px) {\r\n.spnph69eef317121ae {\r\ndisplay: none;\r\n}\r\n}\r\n<\/style>\r\n\n\n\n\n<p>O advogado chegou a se cobrir com uma beca preta, como \u00e9 tradi\u00e7\u00e3o no tribunal, mas ainda assim n\u00e3o pode atuar no caso do cliente. A defesa foi realizada por outra advogada. Ap\u00f3s a sess\u00e3o, Coutinho acionou a comiss\u00e3o de Prerrogativas da OAB\/DF. &#8220;Me senti violentado, desrespeitado e impedido de exercer a minha profiss\u00e3o. (&#8230;) [O desembargador] falou que aquilo n\u00e3o se tratava de um preconceito racial ou religioso, mas que era uma quest\u00e3o de respeito \u00e0 corte. Ele chegou a falar que se eu tivesse trazido uma beca mais composta, que &#8216;eles n\u00e3o perceberiam&#8217;. Acho que ele se referiu \u00e0s minhas guias, certamente&#8221;.<\/p>\n\n\n\n<p>UOL<\/p>\n","protected":false},"excerpt":{"rendered":"<p>Um advogado de Bras\u00edlia foi impedido de fazer a sustenta\u00e7\u00e3o oral de defesa de um cliente no TJDFT (Tribunal de Justi\u00e7a do Distrito Federal e Territ\u00f3rios) por usar trajes t\u00edpicos do candombl\u00e9, uma religi\u00e3o de matriz africana. O caso ocorreu na tarde de quarta (28). O que aconteceu: O advogado Gustavo Coutinho, 30, n\u00e3o pode<br \/><a class=\"more-link\" href=\"https:\/\/justicapotiguar.com.br\/index.php\/2023\/07\/01\/foto-advogado-e-impedido-de-atuar-em-tribunal-por-usar-trajes-do-candomble\/\">Mais&#8230;<\/a><\/p>\n","protected":false},"author":5,"featured_media":0,"comment_status":"open","ping_status":"open","sticky":false,"template":"","format":"standard","meta":[],"categories":[1],"tags":[],"_links":{"self":[{"href":"https:\/\/justicapotiguar.com.br\/index.php\/wp-json\/wp\/v2\/posts\/32569"}],"collection":[{"href":"https:\/\/justicapotiguar.com.br\/index.php\/wp-json\/wp\/v2\/posts"}],"about":[{"href":"https:\/\/justicapotiguar.com.br\/index.php\/wp-json\/wp\/v2\/types\/post"}],"author":[{"embeddable":true,"href":"https:\/\/justicapotiguar.com.br\/index.php\/wp-json\/wp\/v2\/users\/5"}],"replies":[{"embeddable":true,"href":"https:\/\/justicapotiguar.com.br\/index.php\/wp-json\/wp\/v2\/comments?post=32569"}],"version-history":[{"count":1,"href":"https:\/\/justicapotiguar.com.br\/index.php\/wp-json\/wp\/v2\/posts\/32569\/revisions"}],"predecessor-version":[{"id":32571,"href":"https:\/\/justicapotiguar.com.br\/index.php\/wp-json\/wp\/v2\/posts\/32569\/revisions\/32571"}],"wp:attachment":[{"href":"https:\/\/justicapotiguar.com.br\/index.php\/wp-json\/wp\/v2\/media?parent=32569"}],"wp:term":[{"taxonomy":"category","embeddable":true,"href":"https:\/\/justicapotiguar.com.br\/index.php\/wp-json\/wp\/v2\/categories?post=32569"},{"taxonomy":"post_tag","embeddable":true,"href":"https:\/\/justicapotiguar.com.br\/index.php\/wp-json\/wp\/v2\/tags?post=32569"}],"curies":[{"name":"wp","href":"https:\/\/api.w.org\/{rel}","templated":true}]}}