{"id":32561,"date":"2023-06-30T14:33:52","date_gmt":"2023-06-30T17:33:52","guid":{"rendered":"https:\/\/justicapotiguar.com.br\/?p=32561"},"modified":"2023-06-30T14:33:52","modified_gmt":"2023-06-30T17:33:52","slug":"apos-ser-condenado-no-tse-bolsonaro-diz-que-nao-esta-morto-e-que-pensa-em-recorrer-ao-stf","status":"publish","type":"post","link":"https:\/\/justicapotiguar.com.br\/index.php\/2023\/06\/30\/apos-ser-condenado-no-tse-bolsonaro-diz-que-nao-esta-morto-e-que-pensa-em-recorrer-ao-stf\/","title":{"rendered":"Ap\u00f3s ser condenado no TSE, Bolsonaro diz que &#8216;n\u00e3o est\u00e1 morto&#8217; e que pensa em recorrer ao STF"},"content":{"rendered":"\n<p>Ap\u00f3s o&nbsp;<a class=\"\" href=\"https:\/\/g1.globo.com\/tudo-sobre\/tribunal-superior-eleitoral\/\">Tribunal Superior Eleitoral<\/a>&nbsp;(TSE)<a class=\"\" href=\"https:\/\/g1.globo.com\/politica\/noticia\/2023\/06\/30\/tse-retoma-julgamento-bolsonaro-sexta-feira.ghtml\">&nbsp;formar maioria pela condena\u00e7\u00e3o<\/a>&nbsp;e consequente inelegibilidade de Jair Bolsonaro (PL), ele disse, em&nbsp;<a class=\"\" href=\"https:\/\/g1.globo.com\/mg\/minas-gerais\/cidade\/belo-horizonte\/\">Belo Horizonte<\/a>, que &#8220;n\u00e3o est\u00e1 morto&#8221; politicamente e que pensa em recorrer ao Supremo Tribunal Federal.<\/p>\n\n\n\n<figure class=\"wp-block-image size-large\"><img loading=\"lazy\" width=\"450\" height=\"337\" src=\"https:\/\/justicapotiguar.com.br\/wp-content\/uploads\/2022\/09\/jair-bolsonaro-discursa-em-brasilia-ao-lado-da-esposa-michelle-1662561769212_v2_450x337.png.jpeg\" alt=\"\" class=\"wp-image-28106\" srcset=\"https:\/\/justicapotiguar.com.br\/wp-content\/uploads\/2022\/09\/jair-bolsonaro-discursa-em-brasilia-ao-lado-da-esposa-michelle-1662561769212_v2_450x337.png.jpeg 450w, https:\/\/justicapotiguar.com.br\/wp-content\/uploads\/2022\/09\/jair-bolsonaro-discursa-em-brasilia-ao-lado-da-esposa-michelle-1662561769212_v2_450x337.png-300x225.jpeg 300w\" sizes=\"(max-width: 450px) 100vw, 450px\" \/><figcaption>Reprodu\u00e7\u00e3o<\/figcaption><\/figure>\n\n\n\n<p>Durante entrevista coletiva, Bolsonaro afirmou que&nbsp;&#8220;acredita ser sido a primeira condena\u00e7\u00e3o por abuso de poder pol\u00edtico&#8221;&nbsp;e se tratar de um&nbsp;&#8220;crime sem corrup\u00e7\u00e3o&#8221;.<\/p>\n\n\n\n<p>O ex-presidente criticou a postura do Tribunal Superior Eleitoral, alegando que foi proibido de &#8220;at\u00e9 de fazer lives&#8221; da casa dele &#8211; na ocasi\u00e3o, o Pal\u00e1cio da Alvorada, resid\u00eancia oficial do Presidente da Rep\u00fablica.<\/p>\n\n\n\n<p>Alegou, ainda, que o TSE &#8220;<a class=\"\" href=\"https:\/\/g1.globo.com\/politica\/eleicoes\/2022\/noticia\/2022\/07\/14\/ministro-diz-que-militares-nao-serao-revisores-das-eleicoes-mas-defende-sugestoes-levadas-ao-tse.ghtml\">trabalhou contra as suas propostas<\/a>&#8221; e que ele, durante o mandato,&nbsp;respeitou a Constitui\u00e7\u00e3o, &#8220;muitas vezes a contra gosto&#8221;.<\/p><div class=\"glsjv69ef0e9de8cb3\" ><!--<a href=\"https:\/\/bit.ly\/3QdrqTZ\" target=\"_blank\">\n<img src=\"https:\/\/justicapotiguar.com.br\/wp-content\/uploads\/2023\/09\/mobile-geral.gif\"\/><a\/>--><\/div><style type=\"text\/css\">\r\n.glsjv69ef0e9de8cb3 {\r\ntext-align: center;\r\n}\r\n@media screen and (min-width: 1201px) {\r\n.glsjv69ef0e9de8cb3 {\r\ndisplay: none;\r\n}\r\n}\r\n@media screen and (min-width: 993px) and (max-width: 1200px) {\r\n.glsjv69ef0e9de8cb3 {\r\ndisplay: none;\r\n}\r\n}\r\n@media screen and (min-width: 769px) and (max-width: 992px) {\r\n.glsjv69ef0e9de8cb3 {\r\ndisplay: none;\r\n}\r\n}\r\n@media screen and (min-width: 768px) and (max-width: 768px) {\r\n.glsjv69ef0e9de8cb3 {\r\ndisplay: block;\r\n}\r\n}\r\n@media screen and (max-width: 767px) {\r\n.glsjv69ef0e9de8cb3 {\r\ndisplay: block;\r\n}\r\n}\r\n<\/style>\r\n<div class=\"meotw69ef0e9de8c91\" ><!--<a href=\"https:\/\/bit.ly\/3QdrqTZ\" target=\"_blank\">\n<img src=\"https:\/\/justicapotiguar.com.br\/wp-content\/uploads\/2023\/09\/desktop-geral.gif\"\/><a\/>--><\/div><style type=\"text\/css\">\r\n.meotw69ef0e9de8c91 {\r\ntext-align: center;\nmargin-bottom: 1em;\r\n}\r\n@media screen and (min-width: 1201px) {\r\n.meotw69ef0e9de8c91 {\r\ndisplay: block;\r\n}\r\n}\r\n@media screen and (min-width: 993px) and (max-width: 1200px) {\r\n.meotw69ef0e9de8c91 {\r\ndisplay: block;\r\n}\r\n}\r\n@media screen and (min-width: 769px) and (max-width: 992px) {\r\n.meotw69ef0e9de8c91 {\r\ndisplay: block;\r\n}\r\n}\r\n@media screen and (min-width: 768px) and (max-width: 768px) {\r\n.meotw69ef0e9de8c91 {\r\ndisplay: none;\r\n}\r\n}\r\n@media screen and (max-width: 767px) {\r\n.meotw69ef0e9de8c91 {\r\ndisplay: none;\r\n}\r\n}\r\n<\/style>\r\n\n\n\n\n<p>Bolsonaro citou alguns epis\u00f3dios de derrotas de sua campanha no TSE. Disse que o tribunal o proibiu de&nbsp;&#8220;mostrar imagens de Lula defendendo o aborto&#8221;, quando, na ocasi\u00e3o,&nbsp;<a class=\"\" href=\"https:\/\/g1.globo.com\/politica\/noticia\/2023\/06\/20\/tse-mantem-multa-a-campanha-de-bolsonaro-por-impulsionamento-de-video-contra-lula.ghtml\">a decis\u00e3o n\u00e3o julgou o m\u00e9rito, mas entendeu ter havido impulsionamento irregular do v\u00eddeo<\/a>.<\/p>\n\n\n\n<p>Citou tamb\u00e9m quando o TSE o proibiu de\u00a0&#8220;mostrar imagem do Lula no Morro, do CPX&#8221;. Na ocasi\u00e3o, foi determinado que apagassem as postagens que associavam a sigla CPX a uma fac\u00e7\u00e3o criminosa,\u00a0<a class=\"\" href=\"https:\/\/g1.globo.com\/fato-ou-fake\/eleicoes\/noticia\/2022\/10\/13\/e-fake-que-bone-usado-por-lula-com-abreviacao-cpx-seja-referencia-a-faccao-criminosa-do-rj.ghtml\">j\u00e1 que se trata de uma abrevia\u00e7\u00e3o para &#8220;Complexo&#8221;, uma refer\u00eancia a &#8220;complexo de favelas&#8221;<\/a>.<\/p>\n\n\n\n<p>G1<\/p>\n","protected":false},"excerpt":{"rendered":"<p>Ap\u00f3s o&nbsp;Tribunal Superior Eleitoral&nbsp;(TSE)&nbsp;formar maioria pela condena\u00e7\u00e3o&nbsp;e consequente inelegibilidade de Jair Bolsonaro (PL), ele disse, em&nbsp;Belo Horizonte, que &#8220;n\u00e3o est\u00e1 morto&#8221; politicamente e que pensa em recorrer ao Supremo Tribunal Federal. Durante entrevista coletiva, Bolsonaro afirmou que&nbsp;&#8220;acredita ser sido a primeira condena\u00e7\u00e3o por abuso de poder pol\u00edtico&#8221;&nbsp;e se tratar de um&nbsp;&#8220;crime sem corrup\u00e7\u00e3o&#8221;. O ex-presidente<br \/><a class=\"more-link\" href=\"https:\/\/justicapotiguar.com.br\/index.php\/2023\/06\/30\/apos-ser-condenado-no-tse-bolsonaro-diz-que-nao-esta-morto-e-que-pensa-em-recorrer-ao-stf\/\">Mais&#8230;<\/a><\/p>\n","protected":false},"author":5,"featured_media":0,"comment_status":"open","ping_status":"open","sticky":false,"template":"","format":"standard","meta":[],"categories":[1],"tags":[],"_links":{"self":[{"href":"https:\/\/justicapotiguar.com.br\/index.php\/wp-json\/wp\/v2\/posts\/32561"}],"collection":[{"href":"https:\/\/justicapotiguar.com.br\/index.php\/wp-json\/wp\/v2\/posts"}],"about":[{"href":"https:\/\/justicapotiguar.com.br\/index.php\/wp-json\/wp\/v2\/types\/post"}],"author":[{"embeddable":true,"href":"https:\/\/justicapotiguar.com.br\/index.php\/wp-json\/wp\/v2\/users\/5"}],"replies":[{"embeddable":true,"href":"https:\/\/justicapotiguar.com.br\/index.php\/wp-json\/wp\/v2\/comments?post=32561"}],"version-history":[{"count":1,"href":"https:\/\/justicapotiguar.com.br\/index.php\/wp-json\/wp\/v2\/posts\/32561\/revisions"}],"predecessor-version":[{"id":32562,"href":"https:\/\/justicapotiguar.com.br\/index.php\/wp-json\/wp\/v2\/posts\/32561\/revisions\/32562"}],"wp:attachment":[{"href":"https:\/\/justicapotiguar.com.br\/index.php\/wp-json\/wp\/v2\/media?parent=32561"}],"wp:term":[{"taxonomy":"category","embeddable":true,"href":"https:\/\/justicapotiguar.com.br\/index.php\/wp-json\/wp\/v2\/categories?post=32561"},{"taxonomy":"post_tag","embeddable":true,"href":"https:\/\/justicapotiguar.com.br\/index.php\/wp-json\/wp\/v2\/tags?post=32561"}],"curies":[{"name":"wp","href":"https:\/\/api.w.org\/{rel}","templated":true}]}}