{"id":32559,"date":"2023-06-30T12:45:00","date_gmt":"2023-06-30T15:45:00","guid":{"rendered":"https:\/\/justicapotiguar.com.br\/?p=32559"},"modified":"2023-06-30T12:45:00","modified_gmt":"2023-06-30T15:45:00","slug":"tse-forma-maioria-para-tornar-bolsonaro-inelegivel-por-8-anos","status":"publish","type":"post","link":"https:\/\/justicapotiguar.com.br\/index.php\/2023\/06\/30\/tse-forma-maioria-para-tornar-bolsonaro-inelegivel-por-8-anos\/","title":{"rendered":"TSE forma maioria para tornar Bolsonaro ineleg\u00edvel por 8 anos"},"content":{"rendered":"\n<figure class=\"wp-block-image size-large\"><img loading=\"lazy\" width=\"680\" height=\"452\" src=\"https:\/\/justicapotiguar.com.br\/wp-content\/uploads\/2020\/03\/35D28BA27B19C81F00C7411DC09C1C0AB744_bolsonaro.jpg\" alt=\"\" class=\"wp-image-7226\" srcset=\"https:\/\/justicapotiguar.com.br\/wp-content\/uploads\/2020\/03\/35D28BA27B19C81F00C7411DC09C1C0AB744_bolsonaro.jpg 680w, https:\/\/justicapotiguar.com.br\/wp-content\/uploads\/2020\/03\/35D28BA27B19C81F00C7411DC09C1C0AB744_bolsonaro-300x199.jpg 300w\" sizes=\"(max-width: 680px) 100vw, 680px\" \/><figcaption>Reprodu\u00e7\u00e3o<\/figcaption><\/figure>\n\n\n\n<p>O\u00a0<a href=\"https:\/\/www.cnnbrasil.com.br\/tudo-sobre\/tribunal-superior-eleitoral-tse\/\">Tribunal Superior Eleitoral<\/a>\u00a0(TSE) formou maioria nesta sexta-feira (30) para condenar o ex-presidente\u00a0<a href=\"https:\/\/www.cnnbrasil.com.br\/tudo-sobre\/jair-bolsonaro\/\">Jair Bolsonaro<\/a>\u00a0(PL) e deix\u00e1-lo ineleg\u00edvel pelo prazo de oito anos. O voto decisivo foi dado pela ministra\u00a0<a href=\"https:\/\/www.cnnbrasil.com.br\/tudo-sobre\/carmen-lucia\/\">C\u00e1rmen L\u00facia<\/a>.<\/p>\n\n\n\n<p>O placar agora est\u00e1 4 a 1 pela condena\u00e7\u00e3o. Ainda faltam os votos do ministro Nunes Marques e de Alexandre de Moraes, presidente da Corte. Confirmada a condena\u00e7\u00e3o e a inelegibilidade, Bolsonaro ficar\u00e1 fora das elei\u00e7\u00f5es at\u00e9 2030.<\/p><div class=\"kwidq69eef4dbe191e\" ><!--<a href=\"https:\/\/bit.ly\/3QdrqTZ\" target=\"_blank\">\n<img src=\"https:\/\/justicapotiguar.com.br\/wp-content\/uploads\/2023\/09\/mobile-geral.gif\"\/><a\/>--><\/div><style type=\"text\/css\">\r\n.kwidq69eef4dbe191e {\r\ntext-align: center;\r\n}\r\n@media screen and (min-width: 1201px) {\r\n.kwidq69eef4dbe191e {\r\ndisplay: none;\r\n}\r\n}\r\n@media screen and (min-width: 993px) and (max-width: 1200px) {\r\n.kwidq69eef4dbe191e {\r\ndisplay: none;\r\n}\r\n}\r\n@media screen and (min-width: 769px) and (max-width: 992px) {\r\n.kwidq69eef4dbe191e {\r\ndisplay: none;\r\n}\r\n}\r\n@media screen and (min-width: 768px) and (max-width: 768px) {\r\n.kwidq69eef4dbe191e {\r\ndisplay: block;\r\n}\r\n}\r\n@media screen and (max-width: 767px) {\r\n.kwidq69eef4dbe191e {\r\ndisplay: block;\r\n}\r\n}\r\n<\/style>\r\n<div class=\"chbzq69eef4dbe1902\" ><!--<a href=\"https:\/\/bit.ly\/3QdrqTZ\" target=\"_blank\">\n<img src=\"https:\/\/justicapotiguar.com.br\/wp-content\/uploads\/2023\/09\/desktop-geral.gif\"\/><a\/>--><\/div><style type=\"text\/css\">\r\n.chbzq69eef4dbe1902 {\r\ntext-align: center;\nmargin-bottom: 1em;\r\n}\r\n@media screen and (min-width: 1201px) {\r\n.chbzq69eef4dbe1902 {\r\ndisplay: block;\r\n}\r\n}\r\n@media screen and (min-width: 993px) and (max-width: 1200px) {\r\n.chbzq69eef4dbe1902 {\r\ndisplay: block;\r\n}\r\n}\r\n@media screen and (min-width: 769px) and (max-width: 992px) {\r\n.chbzq69eef4dbe1902 {\r\ndisplay: block;\r\n}\r\n}\r\n@media screen and (min-width: 768px) and (max-width: 768px) {\r\n.chbzq69eef4dbe1902 {\r\ndisplay: none;\r\n}\r\n}\r\n@media screen and (max-width: 767px) {\r\n.chbzq69eef4dbe1902 {\r\ndisplay: none;\r\n}\r\n}\r\n<\/style>\r\n\n\n\n\n<p>CNN Brasil<\/p>\n","protected":false},"excerpt":{"rendered":"<p>O\u00a0Tribunal Superior Eleitoral\u00a0(TSE) formou maioria nesta sexta-feira (30) para condenar o ex-presidente\u00a0Jair Bolsonaro\u00a0(PL) e deix\u00e1-lo ineleg\u00edvel pelo prazo de oito anos. O voto decisivo foi dado pela ministra\u00a0C\u00e1rmen L\u00facia. O placar agora est\u00e1 4 a 1 pela condena\u00e7\u00e3o. Ainda faltam os votos do ministro Nunes Marques e de Alexandre de Moraes, presidente da Corte. Confirmada<br \/><a class=\"more-link\" href=\"https:\/\/justicapotiguar.com.br\/index.php\/2023\/06\/30\/tse-forma-maioria-para-tornar-bolsonaro-inelegivel-por-8-anos\/\">Mais&#8230;<\/a><\/p>\n","protected":false},"author":5,"featured_media":0,"comment_status":"open","ping_status":"open","sticky":false,"template":"","format":"standard","meta":[],"categories":[1],"tags":[],"_links":{"self":[{"href":"https:\/\/justicapotiguar.com.br\/index.php\/wp-json\/wp\/v2\/posts\/32559"}],"collection":[{"href":"https:\/\/justicapotiguar.com.br\/index.php\/wp-json\/wp\/v2\/posts"}],"about":[{"href":"https:\/\/justicapotiguar.com.br\/index.php\/wp-json\/wp\/v2\/types\/post"}],"author":[{"embeddable":true,"href":"https:\/\/justicapotiguar.com.br\/index.php\/wp-json\/wp\/v2\/users\/5"}],"replies":[{"embeddable":true,"href":"https:\/\/justicapotiguar.com.br\/index.php\/wp-json\/wp\/v2\/comments?post=32559"}],"version-history":[{"count":1,"href":"https:\/\/justicapotiguar.com.br\/index.php\/wp-json\/wp\/v2\/posts\/32559\/revisions"}],"predecessor-version":[{"id":32560,"href":"https:\/\/justicapotiguar.com.br\/index.php\/wp-json\/wp\/v2\/posts\/32559\/revisions\/32560"}],"wp:attachment":[{"href":"https:\/\/justicapotiguar.com.br\/index.php\/wp-json\/wp\/v2\/media?parent=32559"}],"wp:term":[{"taxonomy":"category","embeddable":true,"href":"https:\/\/justicapotiguar.com.br\/index.php\/wp-json\/wp\/v2\/categories?post=32559"},{"taxonomy":"post_tag","embeddable":true,"href":"https:\/\/justicapotiguar.com.br\/index.php\/wp-json\/wp\/v2\/tags?post=32559"}],"curies":[{"name":"wp","href":"https:\/\/api.w.org\/{rel}","templated":true}]}}