{"id":32475,"date":"2023-06-26T11:20:26","date_gmt":"2023-06-26T14:20:26","guid":{"rendered":"https:\/\/justicapotiguar.com.br\/?p=32475"},"modified":"2023-06-26T11:20:26","modified_gmt":"2023-06-26T14:20:26","slug":"estado-deve-fornecer-exame-de-ressonancia-magnetica-em-recem-nascida-com-nanismo","status":"publish","type":"post","link":"https:\/\/justicapotiguar.com.br\/index.php\/2023\/06\/26\/estado-deve-fornecer-exame-de-ressonancia-magnetica-em-recem-nascida-com-nanismo\/","title":{"rendered":"Estado deve fornecer exame de resson\u00e2ncia magn\u00e9tica em rec\u00e9m-nascida com nanismo"},"content":{"rendered":"\n<p>A 1\u00aa Vara da Comarca de Currais Novos determinou ao Estado do Rio Grande do Norte que forne\u00e7a a uma rec\u00e9m-nascida o exame de resson\u00e2ncia magn\u00e9tica da hip\u00f3fise, de acordo com o prescrito pelo m\u00e9dico que trata a crian\u00e7a, sob pena de configurar, a um s\u00f3 tempo, crime de desobedi\u00eancia, ato de improbidade administrativa e ato atentat\u00f3rio ao exerc\u00edcio da jurisdi\u00e7\u00e3o.<\/p>\n\n\n\n<p>A crian\u00e7a \u00e9 representada em ju\u00edzo pela sua m\u00e3e, que explicou que a filha \u00e9 portadora de Baixa Estatura Grave (CID 10 \u2013 E.34.3, Nanismo, n\u00e3o classificado em outra parte) e que foi uma crian\u00e7a prematura externa e nasceu com peso de 950 gramas, necessitando, assim, da realiza\u00e7\u00e3o de exame de resson\u00e2ncia magn\u00e9tica da hip\u00f3fise.<\/p>\n\n\n\n<p>A m\u00e3e da crian\u00e7a informou, ainda, que n\u00e3o tem condi\u00e7\u00f5es de custear tal procedimento, bem como que n\u00e3o obteve \u00eaxito na tentativa de realiza\u00e7\u00e3o do exame pela rede p\u00fablica de sa\u00fade. Tais explica\u00e7\u00f5es, acompanhadas de provas, fez com que a Justi\u00e7a deferisse, anteriormente, o pedido liminar em benef\u00edcio da rec\u00e9m-nascida. Agora, a liminar foi confirmada por senten\u00e7a.<\/p>\n\n\n\n<figure class=\"wp-block-image size-large\"><img loading=\"lazy\" width=\"300\" height=\"225\" src=\"https:\/\/justicapotiguar.com.br\/wp-content\/uploads\/2019\/08\/pes-bebe-recem-nascido-pulseira-identificacao.png\" alt=\"\" class=\"wp-image-1600\"\/><figcaption>Ilustrativa<\/figcaption><\/figure>\n\n\n\n<p>Segundo o juiz que confirmou a obriga\u00e7\u00e3o do Estado em fornecer o exame, Marcus Vin\u00edcius Pereira J\u00fanior, os entes federados possuem responsabilidade solid\u00e1ria na garantia da sa\u00fade \u00e0 popula\u00e7\u00e3o. Explicou que a Constitui\u00e7\u00e3o Federal diz que a obriga\u00e7\u00e3o da Uni\u00e3o, Estados e Munic\u00edpios ocorre de forma concorrente, e que, diante dessa solidariedade, compete \u00e0 autora escolher contra qual ente federado ela deseja litigar.<\/p><div class=\"vbfag69eec89ad3ad1\" ><!--<a href=\"https:\/\/bit.ly\/3QdrqTZ\" target=\"_blank\">\n<img src=\"https:\/\/justicapotiguar.com.br\/wp-content\/uploads\/2023\/09\/mobile-geral.gif\"\/><a\/>--><\/div><style type=\"text\/css\">\r\n.vbfag69eec89ad3ad1 {\r\ntext-align: center;\r\n}\r\n@media screen and (min-width: 1201px) {\r\n.vbfag69eec89ad3ad1 {\r\ndisplay: none;\r\n}\r\n}\r\n@media screen and (min-width: 993px) and (max-width: 1200px) {\r\n.vbfag69eec89ad3ad1 {\r\ndisplay: none;\r\n}\r\n}\r\n@media screen and (min-width: 769px) and (max-width: 992px) {\r\n.vbfag69eec89ad3ad1 {\r\ndisplay: none;\r\n}\r\n}\r\n@media screen and (min-width: 768px) and (max-width: 768px) {\r\n.vbfag69eec89ad3ad1 {\r\ndisplay: block;\r\n}\r\n}\r\n@media screen and (max-width: 767px) {\r\n.vbfag69eec89ad3ad1 {\r\ndisplay: block;\r\n}\r\n}\r\n<\/style>\r\n<div class=\"ciqny69eec89ad3abc\" ><!--<a href=\"https:\/\/bit.ly\/3QdrqTZ\" target=\"_blank\">\n<img src=\"https:\/\/justicapotiguar.com.br\/wp-content\/uploads\/2023\/09\/desktop-geral.gif\"\/><a\/>--><\/div><style type=\"text\/css\">\r\n.ciqny69eec89ad3abc {\r\ntext-align: center;\nmargin-bottom: 1em;\r\n}\r\n@media screen and (min-width: 1201px) {\r\n.ciqny69eec89ad3abc {\r\ndisplay: block;\r\n}\r\n}\r\n@media screen and (min-width: 993px) and (max-width: 1200px) {\r\n.ciqny69eec89ad3abc {\r\ndisplay: block;\r\n}\r\n}\r\n@media screen and (min-width: 769px) and (max-width: 992px) {\r\n.ciqny69eec89ad3abc {\r\ndisplay: block;\r\n}\r\n}\r\n@media screen and (min-width: 768px) and (max-width: 768px) {\r\n.ciqny69eec89ad3abc {\r\ndisplay: none;\r\n}\r\n}\r\n@media screen and (max-width: 767px) {\r\n.ciqny69eec89ad3abc {\r\ndisplay: none;\r\n}\r\n}\r\n<\/style>\r\n\n\n\n\n<p>O magistrado registrou ser louv\u00e1vel a preocupa\u00e7\u00e3o estatal com a reserva do poss\u00edvel, ou mesmo quanto \u00e0 quest\u00e3o da legalidade or\u00e7ament\u00e1ria e a aplica\u00e7\u00e3o dos recursos financeiros dispon\u00edveis. Contudo, observou que em momento nenhum, o ente p\u00fablico, em sua defesa, apresentou o or\u00e7amento p\u00fablico com as respectivas destina\u00e7\u00f5es or\u00e7ament\u00e1rias, demonstrando que est\u00e1 aplicando, com prioridade, verbas para a sa\u00fade.<\/p>\n\n\n\n<p>\u201cO que se percebe, notoriamente, \u00e9 a destina\u00e7\u00e3o de verbas p\u00fablicas para gastos sup\u00e9rfluos, como publicidade, enquanto o promovido n\u00e3o se preocupa, sequer, em dar atendimento b\u00e1sico de sa\u00fade ao povo. Acrescento, (\u2026) que a sa\u00fade \u00e9 um direito indispon\u00edvel do ser humano, raz\u00e3o pela qual considero totalmente descabida a alega\u00e7\u00e3o formulada pelo promovido no sentido de que o direito \u00e0 sa\u00fade tem aplica\u00e7\u00e3o mediata, limitada \u00e0 reserva do poss\u00edvel, quando sequer se apresenta o que \u00e9 \u2018o poss\u00edvel\u2019\u201d, comentou.<\/p>\n\n\n\n<p>Ressaltou, ainda, que o Poder Judici\u00e1rio, na qualidade de aplicador da lei aos casos concretos colocados sob seu julgamento, n\u00e3o pode se esquivar no momento de garantir um direito conquistado e estabelecido constitucionalmente. \u201cNo mesmo caminho ressalto que \u00e9 ineg\u00e1vel que o valor requisitado para compra de um medicamento ou pagamento de um procedimento pode ser retirado de outras receitas de menor import\u00e2ncia para as quais os recursos p\u00fablicos s\u00e3o muitas vezes canalizados, como para a publicidade, como j\u00e1 dito anteriormente\u201d, concluiu.<\/p>\n","protected":false},"excerpt":{"rendered":"<p>A 1\u00aa Vara da Comarca de Currais Novos determinou ao Estado do Rio Grande do Norte que forne\u00e7a a uma rec\u00e9m-nascida o exame de resson\u00e2ncia magn\u00e9tica da hip\u00f3fise, de acordo com o prescrito pelo m\u00e9dico que trata a crian\u00e7a, sob pena de configurar, a um s\u00f3 tempo, crime de desobedi\u00eancia, ato de improbidade administrativa e<br \/><a class=\"more-link\" href=\"https:\/\/justicapotiguar.com.br\/index.php\/2023\/06\/26\/estado-deve-fornecer-exame-de-ressonancia-magnetica-em-recem-nascida-com-nanismo\/\">Mais&#8230;<\/a><\/p>\n","protected":false},"author":5,"featured_media":0,"comment_status":"open","ping_status":"open","sticky":false,"template":"","format":"standard","meta":[],"categories":[1],"tags":[],"_links":{"self":[{"href":"https:\/\/justicapotiguar.com.br\/index.php\/wp-json\/wp\/v2\/posts\/32475"}],"collection":[{"href":"https:\/\/justicapotiguar.com.br\/index.php\/wp-json\/wp\/v2\/posts"}],"about":[{"href":"https:\/\/justicapotiguar.com.br\/index.php\/wp-json\/wp\/v2\/types\/post"}],"author":[{"embeddable":true,"href":"https:\/\/justicapotiguar.com.br\/index.php\/wp-json\/wp\/v2\/users\/5"}],"replies":[{"embeddable":true,"href":"https:\/\/justicapotiguar.com.br\/index.php\/wp-json\/wp\/v2\/comments?post=32475"}],"version-history":[{"count":1,"href":"https:\/\/justicapotiguar.com.br\/index.php\/wp-json\/wp\/v2\/posts\/32475\/revisions"}],"predecessor-version":[{"id":32476,"href":"https:\/\/justicapotiguar.com.br\/index.php\/wp-json\/wp\/v2\/posts\/32475\/revisions\/32476"}],"wp:attachment":[{"href":"https:\/\/justicapotiguar.com.br\/index.php\/wp-json\/wp\/v2\/media?parent=32475"}],"wp:term":[{"taxonomy":"category","embeddable":true,"href":"https:\/\/justicapotiguar.com.br\/index.php\/wp-json\/wp\/v2\/categories?post=32475"},{"taxonomy":"post_tag","embeddable":true,"href":"https:\/\/justicapotiguar.com.br\/index.php\/wp-json\/wp\/v2\/tags?post=32475"}],"curies":[{"name":"wp","href":"https:\/\/api.w.org\/{rel}","templated":true}]}}