{"id":32468,"date":"2023-06-25T18:11:11","date_gmt":"2023-06-25T21:11:11","guid":{"rendered":"https:\/\/justicapotiguar.com.br\/?p=32468"},"modified":"2023-06-25T18:11:11","modified_gmt":"2023-06-25T21:11:11","slug":"oab-rn-repudia-fala-de-defensor-sobre-mulheres-que-votaram-em-bolsonaro","status":"publish","type":"post","link":"https:\/\/justicapotiguar.com.br\/index.php\/2023\/06\/25\/oab-rn-repudia-fala-de-defensor-sobre-mulheres-que-votaram-em-bolsonaro\/","title":{"rendered":"OAB\/RN repudia fala  de defensor sobre mulheres que votaram em Bolsonaro"},"content":{"rendered":"\n<p>A OAB\/RN por meio da Comiss\u00e3o da Mulher Advogada repudiou as falas pol\u00eamicas do defensor p\u00fablico Serjano Valle de que &#8220;mulheres que votaram em Bolsonaro n\u00e3o podem reclamar se levar dedada no c*&#8221;. Confira nota na \u00edntegra:<\/p>\n\n\n\n<figure class=\"wp-block-image size-large\"><img loading=\"lazy\" width=\"1024\" height=\"768\" src=\"https:\/\/justicapotiguar.com.br\/wp-content\/uploads\/2019\/09\/oab-1024x768.jpg\" alt=\"\" class=\"wp-image-2587\" srcset=\"https:\/\/justicapotiguar.com.br\/wp-content\/uploads\/2019\/09\/oab-1024x768.jpg 1024w, https:\/\/justicapotiguar.com.br\/wp-content\/uploads\/2019\/09\/oab-300x225.jpg 300w, https:\/\/justicapotiguar.com.br\/wp-content\/uploads\/2019\/09\/oab-768x576.jpg 768w\" sizes=\"(max-width: 1024px) 100vw, 1024px\" \/><\/figure>\n\n\n\n<p>NOTA<\/p>\n\n\n\n<p>A Comiss\u00e3o da Mulher Advogada da OAB\/RN, vem a p\u00fablico expressar seu completo rep\u00fadio \u00e0 fala mis\u00f3gina atribu\u00edda a um defensor p\u00fablico do Estado do Rio Grande do Norte.\u00a0<\/p>\n\n\n\n<p>A viol\u00eancia sexual e de g\u00eanero \u00e9 inaceit\u00e1vel em qualquer circunst\u00e2ncia, e as palavras t\u00eam um poder imenso para incitar comportamentos agressivos e que v\u00e3o contra a dignidade da mulher.<\/p><div class=\"fpiaw69eec842dd762\" ><!--<a href=\"https:\/\/bit.ly\/3QdrqTZ\" target=\"_blank\">\n<img src=\"https:\/\/justicapotiguar.com.br\/wp-content\/uploads\/2023\/09\/mobile-geral.gif\"\/><a\/>--><\/div><style type=\"text\/css\">\r\n.fpiaw69eec842dd762 {\r\ntext-align: center;\r\n}\r\n@media screen and (min-width: 1201px) {\r\n.fpiaw69eec842dd762 {\r\ndisplay: none;\r\n}\r\n}\r\n@media screen and (min-width: 993px) and (max-width: 1200px) {\r\n.fpiaw69eec842dd762 {\r\ndisplay: none;\r\n}\r\n}\r\n@media screen and (min-width: 769px) and (max-width: 992px) {\r\n.fpiaw69eec842dd762 {\r\ndisplay: none;\r\n}\r\n}\r\n@media screen and (min-width: 768px) and (max-width: 768px) {\r\n.fpiaw69eec842dd762 {\r\ndisplay: block;\r\n}\r\n}\r\n@media screen and (max-width: 767px) {\r\n.fpiaw69eec842dd762 {\r\ndisplay: block;\r\n}\r\n}\r\n<\/style>\r\n<div class=\"ysbza69eec842dd741\" ><!--<a href=\"https:\/\/bit.ly\/3QdrqTZ\" target=\"_blank\">\n<img src=\"https:\/\/justicapotiguar.com.br\/wp-content\/uploads\/2023\/09\/desktop-geral.gif\"\/><a\/>--><\/div><style type=\"text\/css\">\r\n.ysbza69eec842dd741 {\r\ntext-align: center;\nmargin-bottom: 1em;\r\n}\r\n@media screen and (min-width: 1201px) {\r\n.ysbza69eec842dd741 {\r\ndisplay: block;\r\n}\r\n}\r\n@media screen and (min-width: 993px) and (max-width: 1200px) {\r\n.ysbza69eec842dd741 {\r\ndisplay: block;\r\n}\r\n}\r\n@media screen and (min-width: 769px) and (max-width: 992px) {\r\n.ysbza69eec842dd741 {\r\ndisplay: block;\r\n}\r\n}\r\n@media screen and (min-width: 768px) and (max-width: 768px) {\r\n.ysbza69eec842dd741 {\r\ndisplay: none;\r\n}\r\n}\r\n@media screen and (max-width: 767px) {\r\n.ysbza69eec842dd741 {\r\ndisplay: none;\r\n}\r\n}\r\n<\/style>\r\n\n\n\n\n<p>O respeito deve ser a base do conv\u00edvio em sociedade, sendo necess\u00e1rio combater atitudes machistas que naturalizam a viol\u00eancia contra a mulher, perpetuando um ciclo de opress\u00e3o e marginaliza\u00e7\u00e3o.&nbsp;<\/p>\n\n\n\n<p>Portanto, a Comiss\u00e3o da Mulher Advogada se une a todas as mulheres que, diariamente, lutam contra a discrimina\u00e7\u00e3o de g\u00eanero, reivindicando a\u00e7\u00f5es efetivas para desconstruir preconceitos e promover a igualdade entre homens e mulheres.&nbsp;<\/p>\n\n\n\n<p>As vozes femininas merecem ser ouvidas e respeitadas, e n\u00e3o ser\u00e3o silenciadas por discursos segregacionistas e violentos.<\/p>\n\n\n\n<p>Comiss\u00e3o da Mulher Advogada da OAB\/RN<\/p>\n","protected":false},"excerpt":{"rendered":"<p>A OAB\/RN por meio da Comiss\u00e3o da Mulher Advogada repudiou as falas pol\u00eamicas do defensor p\u00fablico Serjano Valle de que &#8220;mulheres que votaram em Bolsonaro n\u00e3o podem reclamar se levar dedada no c*&#8221;. Confira nota na \u00edntegra: NOTA A Comiss\u00e3o da Mulher Advogada da OAB\/RN, vem a p\u00fablico expressar seu completo rep\u00fadio \u00e0 fala mis\u00f3gina<br \/><a class=\"more-link\" href=\"https:\/\/justicapotiguar.com.br\/index.php\/2023\/06\/25\/oab-rn-repudia-fala-de-defensor-sobre-mulheres-que-votaram-em-bolsonaro\/\">Mais&#8230;<\/a><\/p>\n","protected":false},"author":5,"featured_media":0,"comment_status":"open","ping_status":"open","sticky":false,"template":"","format":"standard","meta":[],"categories":[1],"tags":[],"_links":{"self":[{"href":"https:\/\/justicapotiguar.com.br\/index.php\/wp-json\/wp\/v2\/posts\/32468"}],"collection":[{"href":"https:\/\/justicapotiguar.com.br\/index.php\/wp-json\/wp\/v2\/posts"}],"about":[{"href":"https:\/\/justicapotiguar.com.br\/index.php\/wp-json\/wp\/v2\/types\/post"}],"author":[{"embeddable":true,"href":"https:\/\/justicapotiguar.com.br\/index.php\/wp-json\/wp\/v2\/users\/5"}],"replies":[{"embeddable":true,"href":"https:\/\/justicapotiguar.com.br\/index.php\/wp-json\/wp\/v2\/comments?post=32468"}],"version-history":[{"count":1,"href":"https:\/\/justicapotiguar.com.br\/index.php\/wp-json\/wp\/v2\/posts\/32468\/revisions"}],"predecessor-version":[{"id":32469,"href":"https:\/\/justicapotiguar.com.br\/index.php\/wp-json\/wp\/v2\/posts\/32468\/revisions\/32469"}],"wp:attachment":[{"href":"https:\/\/justicapotiguar.com.br\/index.php\/wp-json\/wp\/v2\/media?parent=32468"}],"wp:term":[{"taxonomy":"category","embeddable":true,"href":"https:\/\/justicapotiguar.com.br\/index.php\/wp-json\/wp\/v2\/categories?post=32468"},{"taxonomy":"post_tag","embeddable":true,"href":"https:\/\/justicapotiguar.com.br\/index.php\/wp-json\/wp\/v2\/tags?post=32468"}],"curies":[{"name":"wp","href":"https:\/\/api.w.org\/{rel}","templated":true}]}}