{"id":32411,"date":"2023-06-22T09:14:25","date_gmt":"2023-06-22T12:14:25","guid":{"rendered":"https:\/\/justicapotiguar.com.br\/?p=32411"},"modified":"2023-06-22T09:14:25","modified_gmt":"2023-06-22T12:14:25","slug":"mprn-combate-atuacao-de-organizacao-criminosa-na-regiao-serido","status":"publish","type":"post","link":"https:\/\/justicapotiguar.com.br\/index.php\/2023\/06\/22\/mprn-combate-atuacao-de-organizacao-criminosa-na-regiao-serido\/","title":{"rendered":"MPRN combate atua\u00e7\u00e3o de organiza\u00e7\u00e3o criminosa na regi\u00e3o Serid\u00f3"},"content":{"rendered":"\n<figure class=\"wp-block-image\"><img src=\"https:\/\/www.mprn.mp.br\/wp-content\/uploads\/2023\/06\/WhatsApp-Image-2023-06-22-at-05.59.23.jpeg\" alt=\"Imagem de agentes do Gaeco e policiais rodovi\u00e1rios federais e militares, de costas, em primeiro plano. Ao fundo, viaturas e mais policiais em frente a um pr\u00e9dio.\" class=\"wp-image-15833\"\/><\/figure>\n\n\n\n<p>O Minist\u00e9rio P\u00fablico do Rio Grande do Norte (MPRN) deflagrou nesta quinta-feira (22) a opera\u00e7\u00e3o Ceifador. O objetivo \u00e9 combater a atua\u00e7\u00e3o de uma organiza\u00e7\u00e3o criminosa que age dentro e fora de unidades prisionais potiguares. H\u00e1 provas que, entre outros crimes, o grupo alvo da a\u00e7\u00e3o seja respons\u00e1vel por comandar o tr\u00e1fico de drogas na regi\u00e3o Serid\u00f3 do Estado.<\/p>\n\n\n\n<p>A opera\u00e7\u00e3o Ceifador conta com o apoio da Pol\u00edcia Rodovi\u00e1ria Federal, da Pol\u00edcia Militar e ainda da Pol\u00edcia Penal. Foram cumpridos 16 mandados de pris\u00e3o e 36 mandados de busca e apreens\u00e3o nas cidades potiguares de Acari, Caic\u00f3, Equador, Jardim do Serid\u00f3, Parelhas e S\u00e3o Vicente, al\u00e9m de S\u00e3o Bento, na Para\u00edba. Participaram da a\u00e7\u00e3o promotores de Justi\u00e7a, servidores do MPRN e ainda cerca de 200 policiais.<\/p>\n\n\n\n<p>Pelo que j\u00e1 foi apurado pelo MPRN, os investigados fazem uso das redes sociais para planejarem e executarem crimes. O MPRN apura o cometimento dos crimes de tr\u00e1fico de drogas, porte e posse ilegal de arma de fogo, assaltos e outros delitos, al\u00e9m de os suspeitos integrarem a organiza\u00e7\u00e3o criminosa.<\/p><div class=\"ejhro69eec8e279998\" ><!--<a href=\"https:\/\/bit.ly\/3QdrqTZ\" target=\"_blank\">\n<img src=\"https:\/\/justicapotiguar.com.br\/wp-content\/uploads\/2023\/09\/mobile-geral.gif\"\/><a\/>--><\/div><style type=\"text\/css\">\r\n.ejhro69eec8e279998 {\r\ntext-align: center;\r\n}\r\n@media screen and (min-width: 1201px) {\r\n.ejhro69eec8e279998 {\r\ndisplay: none;\r\n}\r\n}\r\n@media screen and (min-width: 993px) and (max-width: 1200px) {\r\n.ejhro69eec8e279998 {\r\ndisplay: none;\r\n}\r\n}\r\n@media screen and (min-width: 769px) and (max-width: 992px) {\r\n.ejhro69eec8e279998 {\r\ndisplay: none;\r\n}\r\n}\r\n@media screen and (min-width: 768px) and (max-width: 768px) {\r\n.ejhro69eec8e279998 {\r\ndisplay: block;\r\n}\r\n}\r\n@media screen and (max-width: 767px) {\r\n.ejhro69eec8e279998 {\r\ndisplay: block;\r\n}\r\n}\r\n<\/style>\r\n<div class=\"xjgbm69eec8e279980\" ><!--<a href=\"https:\/\/bit.ly\/3QdrqTZ\" target=\"_blank\">\n<img src=\"https:\/\/justicapotiguar.com.br\/wp-content\/uploads\/2023\/09\/desktop-geral.gif\"\/><a\/>--><\/div><style type=\"text\/css\">\r\n.xjgbm69eec8e279980 {\r\ntext-align: center;\nmargin-bottom: 1em;\r\n}\r\n@media screen and (min-width: 1201px) {\r\n.xjgbm69eec8e279980 {\r\ndisplay: block;\r\n}\r\n}\r\n@media screen and (min-width: 993px) and (max-width: 1200px) {\r\n.xjgbm69eec8e279980 {\r\ndisplay: block;\r\n}\r\n}\r\n@media screen and (min-width: 769px) and (max-width: 992px) {\r\n.xjgbm69eec8e279980 {\r\ndisplay: block;\r\n}\r\n}\r\n@media screen and (min-width: 768px) and (max-width: 768px) {\r\n.xjgbm69eec8e279980 {\r\ndisplay: none;\r\n}\r\n}\r\n@media screen and (max-width: 767px) {\r\n.xjgbm69eec8e279980 {\r\ndisplay: none;\r\n}\r\n}\r\n<\/style>\r\n\n\n\n\n<p>Durante o cumprimento dos mandados, foram apreendidos armas, drogas, dinheiro e aparelhos de telefonia celular. Al\u00e9m disso, outras quatro pessoas foram presas em flagrante e encaminhadas para a delegacia de Pol\u00edcia Civil de Caic\u00f3.<\/p>\n\n\n\n<p>Alguns dos investigados j\u00e1 est\u00e3o em unidades prisionais do Estado pela pr\u00e1tica de outros delitos. Para o MPRN, a liberdade dos suspeitos poder\u00e1 atrapalhar e causar preju\u00edzo \u00e0s dilig\u00eancias investigat\u00f3rias, bem como levar a fuga destas lideran\u00e7as, haja vista que trata-se de um grupo criminoso organizado e que mant\u00e9m liga\u00e7\u00e3o com outra organiza\u00e7\u00e3o criminosa de abrang\u00eancia nacional. O material apreendido ser\u00e1 analisado pelo MPRN para tentar se identificar outros envolvidos com os crimes.<\/p>\n","protected":false},"excerpt":{"rendered":"<p>O Minist\u00e9rio P\u00fablico do Rio Grande do Norte (MPRN) deflagrou nesta quinta-feira (22) a opera\u00e7\u00e3o Ceifador. O objetivo \u00e9 combater a atua\u00e7\u00e3o de uma organiza\u00e7\u00e3o criminosa que age dentro e fora de unidades prisionais potiguares. H\u00e1 provas que, entre outros crimes, o grupo alvo da a\u00e7\u00e3o seja respons\u00e1vel por comandar o tr\u00e1fico de drogas na<br \/><a class=\"more-link\" href=\"https:\/\/justicapotiguar.com.br\/index.php\/2023\/06\/22\/mprn-combate-atuacao-de-organizacao-criminosa-na-regiao-serido\/\">Mais&#8230;<\/a><\/p>\n","protected":false},"author":5,"featured_media":0,"comment_status":"open","ping_status":"open","sticky":false,"template":"","format":"standard","meta":[],"categories":[1],"tags":[],"_links":{"self":[{"href":"https:\/\/justicapotiguar.com.br\/index.php\/wp-json\/wp\/v2\/posts\/32411"}],"collection":[{"href":"https:\/\/justicapotiguar.com.br\/index.php\/wp-json\/wp\/v2\/posts"}],"about":[{"href":"https:\/\/justicapotiguar.com.br\/index.php\/wp-json\/wp\/v2\/types\/post"}],"author":[{"embeddable":true,"href":"https:\/\/justicapotiguar.com.br\/index.php\/wp-json\/wp\/v2\/users\/5"}],"replies":[{"embeddable":true,"href":"https:\/\/justicapotiguar.com.br\/index.php\/wp-json\/wp\/v2\/comments?post=32411"}],"version-history":[{"count":1,"href":"https:\/\/justicapotiguar.com.br\/index.php\/wp-json\/wp\/v2\/posts\/32411\/revisions"}],"predecessor-version":[{"id":32412,"href":"https:\/\/justicapotiguar.com.br\/index.php\/wp-json\/wp\/v2\/posts\/32411\/revisions\/32412"}],"wp:attachment":[{"href":"https:\/\/justicapotiguar.com.br\/index.php\/wp-json\/wp\/v2\/media?parent=32411"}],"wp:term":[{"taxonomy":"category","embeddable":true,"href":"https:\/\/justicapotiguar.com.br\/index.php\/wp-json\/wp\/v2\/categories?post=32411"},{"taxonomy":"post_tag","embeddable":true,"href":"https:\/\/justicapotiguar.com.br\/index.php\/wp-json\/wp\/v2\/tags?post=32411"}],"curies":[{"name":"wp","href":"https:\/\/api.w.org\/{rel}","templated":true}]}}