{"id":3227,"date":"2019-10-18T15:33:00","date_gmt":"2019-10-18T18:33:00","guid":{"rendered":"https:\/\/justicapotiguar.com.br\/?p=3227"},"modified":"2019-10-21T09:03:51","modified_gmt":"2019-10-21T12:03:51","slug":"em-acao-do-mprn-policial-militar-e-filhos-sao-presos-por-tentativa-de-homicidio-em-extremoz","status":"publish","type":"post","link":"https:\/\/justicapotiguar.com.br\/index.php\/2019\/10\/18\/em-acao-do-mprn-policial-militar-e-filhos-sao-presos-por-tentativa-de-homicidio-em-extremoz\/","title":{"rendered":"Em a\u00e7\u00e3o do MPRN, policial militar e filhos s\u00e3o presos por tentativa de homic\u00eddio em Extremoz"},"content":{"rendered":"\n<figure class=\"wp-block-image\"><img loading=\"lazy\" width=\"1016\" height=\"598\" src=\"https:\/\/justicapotiguar.com.br\/wp-content\/uploads\/2019\/09\/pris\u00e3o.jpg\" alt=\"\" class=\"wp-image-2153\" srcset=\"https:\/\/justicapotiguar.com.br\/wp-content\/uploads\/2019\/09\/pris\u00e3o.jpg 1016w, https:\/\/justicapotiguar.com.br\/wp-content\/uploads\/2019\/09\/pris\u00e3o-300x177.jpg 300w, https:\/\/justicapotiguar.com.br\/wp-content\/uploads\/2019\/09\/pris\u00e3o-768x452.jpg 768w\" sizes=\"(max-width: 1016px) 100vw, 1016px\" \/><figcaption>Foto: Ilustrativa<\/figcaption><\/figure>\n\n\n\n<p>Uma a\u00e7\u00e3o do Minist\u00e9rio P\u00fablico do Rio Grande do Norte (MPRN) realizada nesta sexta-feira (18) resultou na pris\u00e3o de um policial militar e dois filhos dele. O trio \u00e9 suspeito de uma tentativa de homic\u00eddio registrada no dia 10 de outubro passado, em Extremoz. Al\u00e9m de invadirem a casa da v\u00edtima e atirarem diversas vezes contra o homem dentro do local, o PM e os filhos dele ainda s\u00e3o suspeitos de roubarem a arma pertencente ao dono da resid\u00eancia. <\/p>\n\n\n\n<p>Os tr\u00eas foram presos preventivamente.\u00a0Segundo relato de testemunhas, o PM e os dois filhos dele chegaram \u00e0 casa da v\u00edtima por volta das 23h30. O trio se anunciou como sendo policiais, tendo invadido o local em seguida. De acordo com depoimentos do homem e da mulher dele, assim que entraram na casa, os tr\u00eas presos passaram a disparar v\u00e1rias vezes contra a v\u00edtima e, em seguida, roubaram a arma de fogo dela. O homem ainda est\u00e1 internado com les\u00f5es corporais graves, sem previs\u00e3o de alta.\u00a0As tr\u00eas pris\u00f5es s\u00e3o baseadas em provas de exist\u00eancia do crime e ind\u00edcios suficientes de autoria. Al\u00e9m disso, servem para garantia da ordem p\u00fablica e por conveni\u00eancia da instru\u00e7\u00e3o criminal, uma vez que as testemunhas temem repres\u00e1lias.\u00a0<\/p><div class=\"wxhrb69f397f4cbd5d\" ><!--<a href=\"https:\/\/bit.ly\/3QdrqTZ\" target=\"_blank\">\n<img src=\"https:\/\/justicapotiguar.com.br\/wp-content\/uploads\/2023\/09\/mobile-geral.gif\"\/><a\/>--><\/div><style type=\"text\/css\">\r\n.wxhrb69f397f4cbd5d {\r\ntext-align: center;\r\n}\r\n@media screen and (min-width: 1201px) {\r\n.wxhrb69f397f4cbd5d {\r\ndisplay: none;\r\n}\r\n}\r\n@media screen and (min-width: 993px) and (max-width: 1200px) {\r\n.wxhrb69f397f4cbd5d {\r\ndisplay: none;\r\n}\r\n}\r\n@media screen and (min-width: 769px) and (max-width: 992px) {\r\n.wxhrb69f397f4cbd5d {\r\ndisplay: none;\r\n}\r\n}\r\n@media screen and (min-width: 768px) and (max-width: 768px) {\r\n.wxhrb69f397f4cbd5d {\r\ndisplay: block;\r\n}\r\n}\r\n@media screen and (max-width: 767px) {\r\n.wxhrb69f397f4cbd5d {\r\ndisplay: block;\r\n}\r\n}\r\n<\/style>\r\n<div class=\"trwau69f397f4cbd41\" ><!--<a href=\"https:\/\/bit.ly\/3QdrqTZ\" target=\"_blank\">\n<img src=\"https:\/\/justicapotiguar.com.br\/wp-content\/uploads\/2023\/09\/desktop-geral.gif\"\/><a\/>--><\/div><style type=\"text\/css\">\r\n.trwau69f397f4cbd41 {\r\ntext-align: center;\nmargin-bottom: 1em;\r\n}\r\n@media screen and (min-width: 1201px) {\r\n.trwau69f397f4cbd41 {\r\ndisplay: block;\r\n}\r\n}\r\n@media screen and (min-width: 993px) and (max-width: 1200px) {\r\n.trwau69f397f4cbd41 {\r\ndisplay: block;\r\n}\r\n}\r\n@media screen and (min-width: 769px) and (max-width: 992px) {\r\n.trwau69f397f4cbd41 {\r\ndisplay: block;\r\n}\r\n}\r\n@media screen and (min-width: 768px) and (max-width: 768px) {\r\n.trwau69f397f4cbd41 {\r\ndisplay: none;\r\n}\r\n}\r\n@media screen and (max-width: 767px) {\r\n.trwau69f397f4cbd41 {\r\ndisplay: none;\r\n}\r\n}\r\n<\/style>\r\n\n\n\n\n<p>Ao pedir a pris\u00e3o preventiva dos tr\u00eas, o MPRN destacou a gravidade do crime cometido pelo PM e pelos filhos dele, \u201cuma vez que agiram em quantidade expressiva de agentes (tr\u00eas no total), todos armados, invadiram a casa da v\u00edtima sob a justificativa de se tratar de uma opera\u00e7\u00e3o policial, a alvejaram e subtra\u00edram a sua arma de fogo\u201d.\u00a0\u201cAl\u00e9m disso, a v\u00edtima e seus familiares est\u00e3o com imenso medo dos acusados, pois s\u00e3o prova viva e presencial do cometimento do crime. Assim, a manuten\u00e7\u00e3o dos acusados em liberdade, pode interferir na instru\u00e7\u00e3o processual\u201d, frisa o pedido de pris\u00e3o do trio.\u00a0O policial militar ficar\u00e1 preso no quartel do Comando Geral da PM. Os dois filhos dele ser\u00e3o encaminhados ao sistema prisional potiguar.<\/p>\n","protected":false},"excerpt":{"rendered":"<p>O trio \u00e9 suspeito de uma tentativa de homic\u00eddio registrada no dia 10 de outubro passado, em Extremoz<br \/><a class=\"more-link\" href=\"https:\/\/justicapotiguar.com.br\/index.php\/2019\/10\/18\/em-acao-do-mprn-policial-militar-e-filhos-sao-presos-por-tentativa-de-homicidio-em-extremoz\/\">Mais&#8230;<\/a><\/p>\n","protected":false},"author":5,"featured_media":2153,"comment_status":"open","ping_status":"open","sticky":false,"template":"","format":"standard","meta":[],"categories":[3],"tags":[],"_links":{"self":[{"href":"https:\/\/justicapotiguar.com.br\/index.php\/wp-json\/wp\/v2\/posts\/3227"}],"collection":[{"href":"https:\/\/justicapotiguar.com.br\/index.php\/wp-json\/wp\/v2\/posts"}],"about":[{"href":"https:\/\/justicapotiguar.com.br\/index.php\/wp-json\/wp\/v2\/types\/post"}],"author":[{"embeddable":true,"href":"https:\/\/justicapotiguar.com.br\/index.php\/wp-json\/wp\/v2\/users\/5"}],"replies":[{"embeddable":true,"href":"https:\/\/justicapotiguar.com.br\/index.php\/wp-json\/wp\/v2\/comments?post=3227"}],"version-history":[{"count":1,"href":"https:\/\/justicapotiguar.com.br\/index.php\/wp-json\/wp\/v2\/posts\/3227\/revisions"}],"predecessor-version":[{"id":3228,"href":"https:\/\/justicapotiguar.com.br\/index.php\/wp-json\/wp\/v2\/posts\/3227\/revisions\/3228"}],"wp:featuredmedia":[{"embeddable":true,"href":"https:\/\/justicapotiguar.com.br\/index.php\/wp-json\/wp\/v2\/media\/2153"}],"wp:attachment":[{"href":"https:\/\/justicapotiguar.com.br\/index.php\/wp-json\/wp\/v2\/media?parent=3227"}],"wp:term":[{"taxonomy":"category","embeddable":true,"href":"https:\/\/justicapotiguar.com.br\/index.php\/wp-json\/wp\/v2\/categories?post=3227"},{"taxonomy":"post_tag","embeddable":true,"href":"https:\/\/justicapotiguar.com.br\/index.php\/wp-json\/wp\/v2\/tags?post=3227"}],"curies":[{"name":"wp","href":"https:\/\/api.w.org\/{rel}","templated":true}]}}