{"id":32266,"date":"2023-06-13T09:37:00","date_gmt":"2023-06-13T12:37:00","guid":{"rendered":"https:\/\/justicapotiguar.com.br\/?p=32266"},"modified":"2023-06-12T22:39:33","modified_gmt":"2023-06-13T01:39:33","slug":"alcolumbre-marca-sabatina-de-cristiano-zanin-para-o-dia-21-na-ccj-do-senado","status":"publish","type":"post","link":"https:\/\/justicapotiguar.com.br\/index.php\/2023\/06\/13\/alcolumbre-marca-sabatina-de-cristiano-zanin-para-o-dia-21-na-ccj-do-senado\/","title":{"rendered":"Alcolumbre marca sabatina de Cristiano Zanin para o dia 21 na CCJ do Senado"},"content":{"rendered":"\n<p>O presidente da Comiss\u00e3o de Constitui\u00e7\u00e3o e Justi\u00e7a (CCJ) do Senado, Davi Alcolumbre (Uni\u00e3o-AP), marcou a sabatina do advogado Cristiano Zanin, indicado para a vaga ao Supremo Tribunal Federal (STF) para o dia 21, pr\u00f3xima quarta-feira. O relator da mensagem sobre a escolha do presidente Luiz In\u00e1cio Lula da Silva (PT) ser\u00e1 o vice-presidente da Casa, senador Veneziano Vital do Rego (MDB-PI).<\/p>\n\n\n\n<figure class=\"wp-block-image size-large\"><img loading=\"lazy\" width=\"924\" height=\"611\" src=\"https:\/\/justicapotiguar.com.br\/wp-content\/uploads\/2023\/06\/alcolumbre-zanin-pacheco.jpg\" alt=\"\" class=\"wp-image-32267\" srcset=\"https:\/\/justicapotiguar.com.br\/wp-content\/uploads\/2023\/06\/alcolumbre-zanin-pacheco.jpg 924w, https:\/\/justicapotiguar.com.br\/wp-content\/uploads\/2023\/06\/alcolumbre-zanin-pacheco-300x198.jpg 300w, https:\/\/justicapotiguar.com.br\/wp-content\/uploads\/2023\/06\/alcolumbre-zanin-pacheco-768x508.jpg 768w\" sizes=\"(max-width: 924px) 100vw, 924px\" \/><figcaption>Reprodu\u00e7\u00e3o<\/figcaption><\/figure>\n\n\n\n<p>Cabe \u00e0 CCJ sabatinar o indicado e votar o parecer do relator, que se posiciona contra ou a favor da nomea\u00e7\u00e3o. Durante a sabatina, o advogado ter\u00e1 de responder perguntas de todos os parlamentares da Casa. Na sequ\u00eancia, os membros do colegiado votam a indica\u00e7\u00e3o. Como o colunista Lauro Jardim mostrou,&nbsp;<a class=\"\" href=\"https:\/\/oglobo.globo.com\/blogs\/lauro-jardim\/post\/2023\/06\/senadores-calculam-sabatinar-zanin-em-sete-horas.ghtml\">a previs\u00e3o de senadores \u00e9 de que a sabatina de Cristiano Zanin ao STF, na Comiss\u00e3o de Constitui\u00e7\u00e3o e Justi\u00e7a do Senado demore cerca de sete horas<\/a>. O tempo \u00e9 considerado uma m\u00e9dia normal devido ao n\u00famero de perguntas dos membros do colegiado.<\/p><div class=\"ijmcy69eef310d4523\" ><!--<a href=\"https:\/\/bit.ly\/3QdrqTZ\" target=\"_blank\">\n<img src=\"https:\/\/justicapotiguar.com.br\/wp-content\/uploads\/2023\/09\/mobile-geral.gif\"\/><a\/>--><\/div><style type=\"text\/css\">\r\n.ijmcy69eef310d4523 {\r\ntext-align: center;\r\n}\r\n@media screen and (min-width: 1201px) {\r\n.ijmcy69eef310d4523 {\r\ndisplay: none;\r\n}\r\n}\r\n@media screen and (min-width: 993px) and (max-width: 1200px) {\r\n.ijmcy69eef310d4523 {\r\ndisplay: none;\r\n}\r\n}\r\n@media screen and (min-width: 769px) and (max-width: 992px) {\r\n.ijmcy69eef310d4523 {\r\ndisplay: none;\r\n}\r\n}\r\n@media screen and (min-width: 768px) and (max-width: 768px) {\r\n.ijmcy69eef310d4523 {\r\ndisplay: block;\r\n}\r\n}\r\n@media screen and (max-width: 767px) {\r\n.ijmcy69eef310d4523 {\r\ndisplay: block;\r\n}\r\n}\r\n<\/style>\r\n<div class=\"qschv69eef310d450e\" ><!--<a href=\"https:\/\/bit.ly\/3QdrqTZ\" target=\"_blank\">\n<img src=\"https:\/\/justicapotiguar.com.br\/wp-content\/uploads\/2023\/09\/desktop-geral.gif\"\/><a\/>--><\/div><style type=\"text\/css\">\r\n.qschv69eef310d450e {\r\ntext-align: center;\nmargin-bottom: 1em;\r\n}\r\n@media screen and (min-width: 1201px) {\r\n.qschv69eef310d450e {\r\ndisplay: block;\r\n}\r\n}\r\n@media screen and (min-width: 993px) and (max-width: 1200px) {\r\n.qschv69eef310d450e {\r\ndisplay: block;\r\n}\r\n}\r\n@media screen and (min-width: 769px) and (max-width: 992px) {\r\n.qschv69eef310d450e {\r\ndisplay: block;\r\n}\r\n}\r\n@media screen and (min-width: 768px) and (max-width: 768px) {\r\n.qschv69eef310d450e {\r\ndisplay: none;\r\n}\r\n}\r\n@media screen and (max-width: 767px) {\r\n.qschv69eef310d450e {\r\ndisplay: none;\r\n}\r\n}\r\n<\/style>\r\n\n\n\n\n<p><a class=\"\" href=\"https:\/\/oglobo.globo.com\/politica\/noticia\/2023\/06\/com-aval-de-senadores-do-pl-maioria-da-ccj-declara-que-votara-para-aprovar-indicacao-de-zanin-ao-stf-veja-o-placar.ghtml\">Dos atuais 26 titulares do colegiado, 14 disseram ao GLOBO que v\u00e3o votar a favor da nomea\u00e7\u00e3o<\/a>, incluindo integrantes da oposi\u00e7\u00e3o, e apenas 5, contra, o que j\u00e1 garante a maioria ao nome escolhido pelo presidente Luiz In\u00e1cio Lula da Silva. Ao menos outros dois, embora prefiram n\u00e3o antecipar a posi\u00e7\u00e3o, j\u00e1 elogiaram publicamente a decis\u00e3o tomada pelo petista. A vota\u00e7\u00e3o \u00e9 secreta na comiss\u00e3o e, depois, no plen\u00e1rio, onde Zanin precisar\u00e1 do aval de 41 dos 81 senadores da Rep\u00fablica para ser tornar ministro da Corte Suprema do pa\u00eds. A indica\u00e7\u00e3o vai ao plen\u00e1rio independentemente do resultado no colegiado.<\/p>\n\n\n\n<p>O Globo<\/p>\n","protected":false},"excerpt":{"rendered":"<p>O presidente da Comiss\u00e3o de Constitui\u00e7\u00e3o e Justi\u00e7a (CCJ) do Senado, Davi Alcolumbre (Uni\u00e3o-AP), marcou a sabatina do advogado Cristiano Zanin, indicado para a vaga ao Supremo Tribunal Federal (STF) para o dia 21, pr\u00f3xima quarta-feira. O relator da mensagem sobre a escolha do presidente Luiz In\u00e1cio Lula da Silva (PT) ser\u00e1 o vice-presidente da<br \/><a class=\"more-link\" href=\"https:\/\/justicapotiguar.com.br\/index.php\/2023\/06\/13\/alcolumbre-marca-sabatina-de-cristiano-zanin-para-o-dia-21-na-ccj-do-senado\/\">Mais&#8230;<\/a><\/p>\n","protected":false},"author":5,"featured_media":0,"comment_status":"open","ping_status":"open","sticky":false,"template":"","format":"standard","meta":[],"categories":[1],"tags":[],"_links":{"self":[{"href":"https:\/\/justicapotiguar.com.br\/index.php\/wp-json\/wp\/v2\/posts\/32266"}],"collection":[{"href":"https:\/\/justicapotiguar.com.br\/index.php\/wp-json\/wp\/v2\/posts"}],"about":[{"href":"https:\/\/justicapotiguar.com.br\/index.php\/wp-json\/wp\/v2\/types\/post"}],"author":[{"embeddable":true,"href":"https:\/\/justicapotiguar.com.br\/index.php\/wp-json\/wp\/v2\/users\/5"}],"replies":[{"embeddable":true,"href":"https:\/\/justicapotiguar.com.br\/index.php\/wp-json\/wp\/v2\/comments?post=32266"}],"version-history":[{"count":1,"href":"https:\/\/justicapotiguar.com.br\/index.php\/wp-json\/wp\/v2\/posts\/32266\/revisions"}],"predecessor-version":[{"id":32268,"href":"https:\/\/justicapotiguar.com.br\/index.php\/wp-json\/wp\/v2\/posts\/32266\/revisions\/32268"}],"wp:attachment":[{"href":"https:\/\/justicapotiguar.com.br\/index.php\/wp-json\/wp\/v2\/media?parent=32266"}],"wp:term":[{"taxonomy":"category","embeddable":true,"href":"https:\/\/justicapotiguar.com.br\/index.php\/wp-json\/wp\/v2\/categories?post=32266"},{"taxonomy":"post_tag","embeddable":true,"href":"https:\/\/justicapotiguar.com.br\/index.php\/wp-json\/wp\/v2\/tags?post=32266"}],"curies":[{"name":"wp","href":"https:\/\/api.w.org\/{rel}","templated":true}]}}