{"id":32250,"date":"2023-06-12T13:43:00","date_gmt":"2023-06-12T16:43:00","guid":{"rendered":"https:\/\/justicapotiguar.com.br\/?p=32250"},"modified":"2023-06-11T22:44:35","modified_gmt":"2023-06-12T01:44:35","slug":"informativo-1-096-do-stf-de-2-de-junho-de-2023","status":"publish","type":"post","link":"https:\/\/justicapotiguar.com.br\/index.php\/2023\/06\/12\/informativo-1-096-do-stf-de-2-de-junho-de-2023\/","title":{"rendered":"Informativo 1.096 do STF, de 2 de junho de 2023"},"content":{"rendered":"\n<p><strong>Rodrigo Leite | @rodrigocrleite<\/strong><\/p>\n\n\n\n<p><strong>Canal P\u00edlulas Jur\u00eddicas | STF e STJ<\/strong><\/p>\n\n\n\n<p><strong>Link de acesso ao Canal: <\/strong><a href=\"https:\/\/bit.ly\/42fH7O5\"><strong>https:\/\/bit.ly\/42fH7O5<\/strong><\/a><\/p>\n\n\n\n<p><strong>PLEN\u00c1RIO<\/strong><\/p>\n\n\n\n<p>&#8211; \u00c9 inconstitucional, por viola\u00e7\u00e3o ao art. 37, X e XIII, e ao art. 39, \u00a7 1\u00ba, da CF, a vincula\u00e7\u00e3o de remunera\u00e7\u00f5es de carreiras pertencentes a entes federativos distintos ao subs\u00eddio de Ministros do Supremo Tribunal Federal &#8211;<strong> ADI 7.264\/TO<\/strong>, julgamento virtual finalizado em 19\/5\/2023.<\/p>\n\n\n\n<p>&#8211; A previs\u00e3o legal que fixe subs\u00eddio em percentual determinado de um cargo paradigma deve ser interpretada conforme \u00e0 Constitui\u00e7\u00e3o, considerando-se como base o valor vigente no momento de publica\u00e7\u00e3o da lei impugnada, vedados reajustes autom\u00e1ticos posteriores &#8211; <strong>ADI 7.264\/TO<\/strong>, julgamento virtual finalizado em 19\/5\/2023.<\/p>\n\n\n\n<p>&#8211; N\u00e3o ofende a Constitui\u00e7\u00e3o o escalonamento de vencimentos entre cargos estruturados na mesma carreira p\u00fablica ou entre conselheiros e auditores de Contas &#8211; <strong>ADI 7.264\/TO<\/strong>, julgamento virtual finalizado em 19\/5\/2023.<\/p>\n\n\n\n<p>&#8211; A ado\u00e7\u00e3o do rito de urg\u00eancia em proposi\u00e7\u00f5es legislativas \u00e9 prerrogativa regimental atribu\u00edda \u00e0 respectiva Casa Legislativa e consiste em mat\u00e9ria \u201cinterna corporis\u201d, de modo que n\u00e3o cabe ao Poder Judici\u00e1rio qualquer interfer\u00eancia, sob pena de viola\u00e7\u00e3o ao princ\u00edpio de separa\u00e7\u00e3o dos Poderes (CF\/1988, art. 2\u00ba) &#8211; <strong>ADPF 971\/SP<\/strong>, <strong>ADPF 987\/SP<\/strong> <strong>e ADPF 992\/SP<\/strong>, julgamento virtual finalizado em 26\/5\/2023.<\/p>\n\n\n\n<p>&#8211; \u00c9 constitucional lei municipal que, ao regulamentar apenas o seu interesse local, sem criar novas figuras ou institutos de licita\u00e7\u00e3o ou contrata\u00e7\u00e3o, estabelece diretrizes gerais para a prorroga\u00e7\u00e3o e relicita\u00e7\u00e3o dos contratos de parceria entre o munic\u00edpio e a iniciativa privada &#8211; <strong>ADPF 971\/SP<\/strong>, <strong>ADPF 987\/SP<\/strong> <strong>e ADPF 992\/SP<\/strong>, julgamento virtual finalizado em 26\/5\/2023.<\/p><div class=\"gmoxj69ef0a6fb94fb\" ><!--<a href=\"https:\/\/bit.ly\/3QdrqTZ\" target=\"_blank\">\n<img src=\"https:\/\/justicapotiguar.com.br\/wp-content\/uploads\/2023\/09\/mobile-geral.gif\"\/><a\/>--><\/div><style type=\"text\/css\">\r\n.gmoxj69ef0a6fb94fb {\r\ntext-align: center;\r\n}\r\n@media screen and (min-width: 1201px) {\r\n.gmoxj69ef0a6fb94fb {\r\ndisplay: none;\r\n}\r\n}\r\n@media screen and (min-width: 993px) and (max-width: 1200px) {\r\n.gmoxj69ef0a6fb94fb {\r\ndisplay: none;\r\n}\r\n}\r\n@media screen and (min-width: 769px) and (max-width: 992px) {\r\n.gmoxj69ef0a6fb94fb {\r\ndisplay: none;\r\n}\r\n}\r\n@media screen and (min-width: 768px) and (max-width: 768px) {\r\n.gmoxj69ef0a6fb94fb {\r\ndisplay: block;\r\n}\r\n}\r\n@media screen and (max-width: 767px) {\r\n.gmoxj69ef0a6fb94fb {\r\ndisplay: block;\r\n}\r\n}\r\n<\/style>\r\n<div class=\"isann69ef0a6fb94e5\" ><!--<a href=\"https:\/\/bit.ly\/3QdrqTZ\" target=\"_blank\">\n<img src=\"https:\/\/justicapotiguar.com.br\/wp-content\/uploads\/2023\/09\/desktop-geral.gif\"\/><a\/>--><\/div><style type=\"text\/css\">\r\n.isann69ef0a6fb94e5 {\r\ntext-align: center;\nmargin-bottom: 1em;\r\n}\r\n@media screen and (min-width: 1201px) {\r\n.isann69ef0a6fb94e5 {\r\ndisplay: block;\r\n}\r\n}\r\n@media screen and (min-width: 993px) and (max-width: 1200px) {\r\n.isann69ef0a6fb94e5 {\r\ndisplay: block;\r\n}\r\n}\r\n@media screen and (min-width: 769px) and (max-width: 992px) {\r\n.isann69ef0a6fb94e5 {\r\ndisplay: block;\r\n}\r\n}\r\n@media screen and (min-width: 768px) and (max-width: 768px) {\r\n.isann69ef0a6fb94e5 {\r\ndisplay: none;\r\n}\r\n}\r\n@media screen and (max-width: 767px) {\r\n.isann69ef0a6fb94e5 {\r\ndisplay: none;\r\n}\r\n}\r\n<\/style>\r\n\n\n\n\n<p>&#8211; \u00c9 constitucional \u2014 por representar norma mais protetiva \u00e0 sa\u00fade e ao meio ambiente do que as diretrizes gerais da legisla\u00e7\u00e3o federal, bem como estabelecer restri\u00e7\u00e3o razo\u00e1vel e proporcional \u00e0s t\u00e9cnicas de aplica\u00e7\u00e3o de pesticidas \u2014 norma estadual que veda a pulveriza\u00e7\u00e3o a\u00e9rea de agrot\u00f3xicos na agricultura local e sujeita o infrator ao pagamento de multa &#8211; <strong>ADI 6.137\/CE<\/strong>, julgamento virtual finalizado em 26\/5\/2023.<\/p>\n\n\n\n<p>&#8211; \u00c9 inconstitucional \u2014 por configurar retrocesso institucional e socioambiental, dada sua incompatibilidade com o modelo da democracia constitucional e viola\u00e7\u00e3o a preceitos fundamentais \u2014 o Decreto 9.806\/2019 que, sob a justificativa da liberdade de conforma\u00e7\u00e3o decis\u00f3ria administrativa, foi editado para dispor sobre regras de composi\u00e7\u00e3o e funcionamento do Conselho Nacional do Meio Ambiente (Conama), e promoveu altera\u00e7\u00f5es quanto \u00e0 representa\u00e7\u00e3o de seus membros e ao seu processo decis\u00f3rio &#8211; <strong>ADPF 623\/DF<\/strong>, julgamento virtual finalizado em 19\/5\/2023.<\/p>\n\n\n\n<p>&#8211; S\u00e3o inconstitucionais normas que atribuem a emiss\u00e3o de pareceres opinativos aos auditores de Tribunal de Contas estadual, por incompatibilidade com a fun\u00e7\u00e3o de judicatura de contas estabelecida pelos arts. 73, \u00a7 4\u00ba, e 75, <em>caput<\/em>, da Constitui\u00e7\u00e3o &#8211;<strong> ADI 5.530\/MS, <\/strong>julgamento virtual finalizado em 19\/5\/2023.<\/p>\n\n\n\n<figure class=\"wp-block-image size-large\"><img loading=\"lazy\" width=\"277\" height=\"182\" src=\"https:\/\/justicapotiguar.com.br\/wp-content\/uploads\/2019\/08\/STJ-1.jpg\" alt=\"\" class=\"wp-image-276\"\/><figcaption>Reprodu\u00e7\u00e3o<\/figcaption><\/figure>\n\n\n\n<p>&#8211; Embora poss\u00edvel a apresenta\u00e7\u00e3o de emendas parlamentares a projetos de iniciativa privativa do chefe do Poder Executivo, s\u00e3o inconstitucionais os atos normativos resultantes de altera\u00e7\u00f5es que promovem aumento de despesa (CF\/1988, art. 63, I), bem como que n\u00e3o guardem&nbsp;estrita pertin\u00eancia&nbsp;com o objeto da proposta original, ainda que digam respeito \u00e0 mesma mat\u00e9ria &#8211;<strong> ADI 6.091\/RR, <\/strong>julgamento virtual finalizado em 26\/5\/2023.<\/p>\n\n\n\n<p>&#8211; \u00c9 inconstitucional \u2014 por violar a compet\u00eancia privativa da Uni\u00e3o para legislar sobre diretrizes e bases da educa\u00e7\u00e3o nacional (CF\/1988, art. 22, XXIV) \u2014 norma estadual que disp\u00f5e sobre o reconhecimento e a valida\u00e7\u00e3o de t\u00edtulos acad\u00eamicos obtidos no exterior &#8211;<strong> ADI 6.091\/RR, <\/strong>julgamento virtual finalizado em 26\/5\/2023.<\/p>\n\n\n\n<p>&#8211; A dosimetria da pena \u00e9 uma fase independente do julgamento, raz\u00e3o pela qual todos os ministros possuem o direito de se manifestar, independentemente de terem votado no sentido da absolvi\u00e7\u00e3o ou condena\u00e7\u00e3o do r\u00e9u &#8211;<strong> QO na AP 1.025\/DF<\/strong>,<strong> <\/strong>julgamento finalizado em 25\/5\/2023.<\/p>\n\n\n\n<p>_____________________<\/p>\n\n\n\n<p><strong>Rodrigo Costa Rodrigues Leite&nbsp;<\/strong><\/p>\n\n\n\n<p>Coautor do livro \u201cAn\u00e1lise das Diverg\u00eancias Jurisprudenciais no STF e STJ\u201d, Editora Juspodivm. Autor do livro \u201cTombamento \u2013 Vol. 36 \u2013 Cole\u00e7\u00e3o Leis Especiais para Concursos\u201d, Editora Juspodivm. Autor do livro \u201cDesapropria\u00e7\u00e3o \u2013 Vol. 39 \u2013 Cole\u00e7\u00e3o Especiais para Concursos\u201d, Editora Juspodivm. Coautor do livro \u201cSaberes Jurisprudenciais\u201d, Editora Saraiva.&nbsp; Coorganizador do livro \u201cCPC na Jurisprud\u00eancia\u201d, Editora Foco. Especialista em Direito P\u00fablico e Direito Processual Civil. Mestre em Direito Constitucional. Aluno laureado das Turmas 2005.2 da Universidade Potiguar. Professor da P\u00f3s-gradua\u00e7\u00e3o em Direito Civil da Rede Anhaguera-Kroton. M\u00e1ster Universit\u00e1rio em Direito Constitucional pela Universidad Del Pa\u00eds Vasco, San Sebasti\u00e1n, Espanha. Advogado licenciado. Membro do Conselho Editorial da Revista do Poder Judici\u00e1rio do Estado do Rio Grande do Norte \u2013 REPOJURN. Analista Judici\u00e1rio do TJRN. Assessor de Desembargador do TJRN.<\/p>\n","protected":false},"excerpt":{"rendered":"<p>Rodrigo Leite | @rodrigocrleite Canal P\u00edlulas Jur\u00eddicas | STF e STJ Link de acesso ao Canal: https:\/\/bit.ly\/42fH7O5 PLEN\u00c1RIO &#8211; \u00c9 inconstitucional, por viola\u00e7\u00e3o ao art. 37, X e XIII, e ao art. 39, \u00a7 1\u00ba, da CF, a vincula\u00e7\u00e3o de remunera\u00e7\u00f5es de carreiras pertencentes a entes federativos distintos ao subs\u00eddio de Ministros do Supremo Tribunal<br \/><a class=\"more-link\" href=\"https:\/\/justicapotiguar.com.br\/index.php\/2023\/06\/12\/informativo-1-096-do-stf-de-2-de-junho-de-2023\/\">Mais&#8230;<\/a><\/p>\n","protected":false},"author":5,"featured_media":0,"comment_status":"open","ping_status":"open","sticky":false,"template":"","format":"standard","meta":[],"categories":[1],"tags":[],"_links":{"self":[{"href":"https:\/\/justicapotiguar.com.br\/index.php\/wp-json\/wp\/v2\/posts\/32250"}],"collection":[{"href":"https:\/\/justicapotiguar.com.br\/index.php\/wp-json\/wp\/v2\/posts"}],"about":[{"href":"https:\/\/justicapotiguar.com.br\/index.php\/wp-json\/wp\/v2\/types\/post"}],"author":[{"embeddable":true,"href":"https:\/\/justicapotiguar.com.br\/index.php\/wp-json\/wp\/v2\/users\/5"}],"replies":[{"embeddable":true,"href":"https:\/\/justicapotiguar.com.br\/index.php\/wp-json\/wp\/v2\/comments?post=32250"}],"version-history":[{"count":1,"href":"https:\/\/justicapotiguar.com.br\/index.php\/wp-json\/wp\/v2\/posts\/32250\/revisions"}],"predecessor-version":[{"id":32251,"href":"https:\/\/justicapotiguar.com.br\/index.php\/wp-json\/wp\/v2\/posts\/32250\/revisions\/32251"}],"wp:attachment":[{"href":"https:\/\/justicapotiguar.com.br\/index.php\/wp-json\/wp\/v2\/media?parent=32250"}],"wp:term":[{"taxonomy":"category","embeddable":true,"href":"https:\/\/justicapotiguar.com.br\/index.php\/wp-json\/wp\/v2\/categories?post=32250"},{"taxonomy":"post_tag","embeddable":true,"href":"https:\/\/justicapotiguar.com.br\/index.php\/wp-json\/wp\/v2\/tags?post=32250"}],"curies":[{"name":"wp","href":"https:\/\/api.w.org\/{rel}","templated":true}]}}