{"id":3225,"date":"2019-10-18T15:40:40","date_gmt":"2019-10-18T18:40:40","guid":{"rendered":"https:\/\/justicapotiguar.com.br\/?p=3225"},"modified":"2019-10-18T15:40:40","modified_gmt":"2019-10-18T18:40:40","slug":"liminar-impede-petrobras-de-encerrar-atividades-na-bahia","status":"publish","type":"post","link":"https:\/\/justicapotiguar.com.br\/index.php\/2019\/10\/18\/liminar-impede-petrobras-de-encerrar-atividades-na-bahia\/","title":{"rendered":"Liminar impede Petrobras de encerrar atividades na Bahia"},"content":{"rendered":"\n<figure class=\"wp-block-image\"><img loading=\"lazy\" width=\"984\" height=\"594\" src=\"https:\/\/justicapotiguar.com.br\/wp-content\/uploads\/2019\/10\/petrobras.jpg\" alt=\"\" class=\"wp-image-3230\" srcset=\"https:\/\/justicapotiguar.com.br\/wp-content\/uploads\/2019\/10\/petrobras.jpg 984w, https:\/\/justicapotiguar.com.br\/wp-content\/uploads\/2019\/10\/petrobras-300x181.jpg 300w, https:\/\/justicapotiguar.com.br\/wp-content\/uploads\/2019\/10\/petrobras-768x464.jpg 768w\" sizes=\"(max-width: 984px) 100vw, 984px\" \/><figcaption>Foto: Divulga\u00e7\u00e3o\/Petrobras<\/figcaption><\/figure>\n\n\n\n<p>O Minist\u00e9rio P\u00fablico do Trabalho (MPT) obteve liminar que suspende a desmobiliza\u00e7\u00e3o da Petrobras no estado da Bahia. A decis\u00e3o saiu na noite desta quarta-feira (16).<\/p>\n\n\n\n<p>Uma a\u00e7\u00e3o cautelar \u2013 processo judicial para garantia da prote\u00e7\u00e3o da sociedade e dos trabalhadores &nbsp;\u2013 foi protocolada na noite dessa ter\u00e7a-feira (15), depois que o MPT encerrou a media\u00e7\u00e3o entre o Sindicato dos Petroleiros da Bahia (Sindipetro) e a Petrobras.<\/p>\n\n\n\n<p>Com o arquivamento da media\u00e7\u00e3o, o MPT avan\u00e7ou com as investiga\u00e7\u00f5es, dentro do inqu\u00e9rito, e entrou com a\u00e7\u00e3o na Justi\u00e7a do Trabalho. O processo foi distribu\u00eddo para a 6\u00aa Vara de Salvador, e o juiz Danilo Gaspar concedeu a liminar. A decis\u00e3o pro\u00edbe a Petrobras de transferir empregados e criar programas de demiss\u00e3o volunt\u00e1ria.<\/p>\n\n\n\n<p>\u201cEssa \u00e9 uma atua\u00e7\u00e3o hist\u00f3rica. Faz parte da luta para a garantia de empregos, reiterando os limites da lei. Constatamos, por meio da for\u00e7a-tarefa, a submiss\u00e3o dos trabalhadores da Petrobras a uma situa\u00e7\u00e3o de terror psicol\u00f3gico, seja pela falta de transpar\u00eancia, seja &nbsp;pela sonega\u00e7\u00e3o do m\u00ednimo de informa\u00e7\u00e3o, ou pela aus\u00eancia de seguran\u00e7a sobre o destino profissional daquelas milhares de pessoas. Ficou caracterizado o ass\u00e9dio moral organizacional (coletivo). O MPT agiu e o Poder Judici\u00e1rio confirmou\u201d, avaliou o procurador-chefe do MPT na Bahia, Lu\u00eds Carneiro.<\/p><div class=\"jqnif69f3ace0ac34d\" ><!--<a href=\"https:\/\/bit.ly\/3QdrqTZ\" target=\"_blank\">\n<img src=\"https:\/\/justicapotiguar.com.br\/wp-content\/uploads\/2023\/09\/mobile-geral.gif\"\/><a\/>--><\/div><style type=\"text\/css\">\r\n.jqnif69f3ace0ac34d {\r\ntext-align: center;\r\n}\r\n@media screen and (min-width: 1201px) {\r\n.jqnif69f3ace0ac34d {\r\ndisplay: none;\r\n}\r\n}\r\n@media screen and (min-width: 993px) and (max-width: 1200px) {\r\n.jqnif69f3ace0ac34d {\r\ndisplay: none;\r\n}\r\n}\r\n@media screen and (min-width: 769px) and (max-width: 992px) {\r\n.jqnif69f3ace0ac34d {\r\ndisplay: none;\r\n}\r\n}\r\n@media screen and (min-width: 768px) and (max-width: 768px) {\r\n.jqnif69f3ace0ac34d {\r\ndisplay: block;\r\n}\r\n}\r\n@media screen and (max-width: 767px) {\r\n.jqnif69f3ace0ac34d {\r\ndisplay: block;\r\n}\r\n}\r\n<\/style>\r\n<div class=\"eqrjy69f3ace0ac32f\" ><!--<a href=\"https:\/\/bit.ly\/3QdrqTZ\" target=\"_blank\">\n<img src=\"https:\/\/justicapotiguar.com.br\/wp-content\/uploads\/2023\/09\/desktop-geral.gif\"\/><a\/>--><\/div><style type=\"text\/css\">\r\n.eqrjy69f3ace0ac32f {\r\ntext-align: center;\nmargin-bottom: 1em;\r\n}\r\n@media screen and (min-width: 1201px) {\r\n.eqrjy69f3ace0ac32f {\r\ndisplay: block;\r\n}\r\n}\r\n@media screen and (min-width: 993px) and (max-width: 1200px) {\r\n.eqrjy69f3ace0ac32f {\r\ndisplay: block;\r\n}\r\n}\r\n@media screen and (min-width: 769px) and (max-width: 992px) {\r\n.eqrjy69f3ace0ac32f {\r\ndisplay: block;\r\n}\r\n}\r\n@media screen and (min-width: 768px) and (max-width: 768px) {\r\n.eqrjy69f3ace0ac32f {\r\ndisplay: none;\r\n}\r\n}\r\n@media screen and (max-width: 767px) {\r\n.eqrjy69f3ace0ac32f {\r\ndisplay: none;\r\n}\r\n}\r\n<\/style>\r\n\n\n\n\n<table class=\"wp-block-table\"><tbody><tr><td><\/td><\/tr><tr><td>(Foto: Marina Silva\/Arquivo CORREIO))<\/td><\/tr><\/tbody><\/table>\n\n\n\n<p>Al\u00e9m dele, a a\u00e7\u00e3o \u00e9 assinada tamb\u00e9m pelos procuradores S\u00e9fora Char, Lu\u00eds Barbosa e Rosineide Mendon\u00e7a. O cumprimento da decis\u00e3o \u00e9 imediato, mas a empresa precisa ser notificada pessoalmente. Um oficial de justi\u00e7a dever\u00e1 ser enviado \u00e0 Torre Pituba, sede da Petrobras em Salvador, a partir de hoje.<\/p>\n\n\n\n<p>No in\u00edcio do m\u00eas, a empresa anunciou o in\u00edcio do esvaziamento da Torre Pituba na capital&nbsp;<a href=\"https:\/\/www.correio24horas.com.br\/noticia\/nid\/trinta-funcionarios-sao-transferidos-pela-petrobras-no-inicio-de-esvaziamento-da-sede\/\" target=\"_blank\" rel=\"noreferrer noopener\">com a transfer\u00eancia de funcion\u00e1rios concursados<\/a>. Na ocasi\u00e3o, a Petrobras havia anunciado que o processo seria conclu\u00eddo at\u00e9 dezembro deste ano. As sa\u00eddas estavam previstas para todo dia 1\u00ba do m\u00eas.<\/p>\n\n\n\n<p>Segundo informa\u00e7\u00f5es do Sindicato dos Petroleiros da Bahia (Sindipetro-BA), a primeira etapa de transfer\u00eancias atingiu pelo menos 30 funcion\u00e1rios. Ainda segundo o Sindipetro-BA, s\u00e3o 1.507 funcion\u00e1rios concursados. \u201c\u00c9 uma postura assustadora essa da Petrobras, que desrespeita o trabalhador que tanto produziu pela empresa. Uma postura sem nenhuma sensibilidade\u201d, afirmou Radiovaldo Costa, diretor de comunica\u00e7\u00e3o do sindicato, no dia da transfer\u00eancia dos empregados.<\/p>\n\n\n\n<p><strong>Correio 24h<\/strong><\/p>\n","protected":false},"excerpt":{"rendered":"<p>A decis\u00e3o saiu na noite desta quarta-feira (16).<br \/><a class=\"more-link\" href=\"https:\/\/justicapotiguar.com.br\/index.php\/2019\/10\/18\/liminar-impede-petrobras-de-encerrar-atividades-na-bahia\/\">Mais&#8230;<\/a><\/p>\n","protected":false},"author":5,"featured_media":3230,"comment_status":"open","ping_status":"open","sticky":false,"template":"","format":"standard","meta":[],"categories":[3],"tags":[],"_links":{"self":[{"href":"https:\/\/justicapotiguar.com.br\/index.php\/wp-json\/wp\/v2\/posts\/3225"}],"collection":[{"href":"https:\/\/justicapotiguar.com.br\/index.php\/wp-json\/wp\/v2\/posts"}],"about":[{"href":"https:\/\/justicapotiguar.com.br\/index.php\/wp-json\/wp\/v2\/types\/post"}],"author":[{"embeddable":true,"href":"https:\/\/justicapotiguar.com.br\/index.php\/wp-json\/wp\/v2\/users\/5"}],"replies":[{"embeddable":true,"href":"https:\/\/justicapotiguar.com.br\/index.php\/wp-json\/wp\/v2\/comments?post=3225"}],"version-history":[{"count":2,"href":"https:\/\/justicapotiguar.com.br\/index.php\/wp-json\/wp\/v2\/posts\/3225\/revisions"}],"predecessor-version":[{"id":3231,"href":"https:\/\/justicapotiguar.com.br\/index.php\/wp-json\/wp\/v2\/posts\/3225\/revisions\/3231"}],"wp:featuredmedia":[{"embeddable":true,"href":"https:\/\/justicapotiguar.com.br\/index.php\/wp-json\/wp\/v2\/media\/3230"}],"wp:attachment":[{"href":"https:\/\/justicapotiguar.com.br\/index.php\/wp-json\/wp\/v2\/media?parent=3225"}],"wp:term":[{"taxonomy":"category","embeddable":true,"href":"https:\/\/justicapotiguar.com.br\/index.php\/wp-json\/wp\/v2\/categories?post=3225"},{"taxonomy":"post_tag","embeddable":true,"href":"https:\/\/justicapotiguar.com.br\/index.php\/wp-json\/wp\/v2\/tags?post=3225"}],"curies":[{"name":"wp","href":"https:\/\/api.w.org\/{rel}","templated":true}]}}