{"id":32244,"date":"2023-06-12T09:36:00","date_gmt":"2023-06-12T12:36:00","guid":{"rendered":"https:\/\/justicapotiguar.com.br\/?p=32244"},"modified":"2023-06-11T22:37:52","modified_gmt":"2023-06-12T01:37:52","slug":"stf-ocupa-espaco-que-seria-do-legislativo-e-incomoda","status":"publish","type":"post","link":"https:\/\/justicapotiguar.com.br\/index.php\/2023\/06\/12\/stf-ocupa-espaco-que-seria-do-legislativo-e-incomoda\/","title":{"rendered":"STF ocupa espa\u00e7o que seria do Legislativo e incomoda"},"content":{"rendered":"\n<p>Desde que assumiu a presid\u00eancia do Supremo Tribunal Federal, a ministra Rosa Weber evitou incluir na pauta assuntos pol\u00eamicos, principalmente os que se confundem com atribui\u00e7\u00f5es do Poder Legislativo. No entanto, a magistrada foi atropelada pelos fatos e a agenda pol\u00edtica bateu \u00e0 porta da Corte. O auge foi no final do ano passado, quando a campanha presidencial foi judicializada v\u00e1rias vezes \u2014 sobretudo junto ao\u00a0<a href=\"https:\/\/www.correiobraziliense.com.br\/politica\/2023\/06\/5099813-tse-marca-julgamento-de-bolsonaro-para-22-de-junho.html\">Tribunal Superior Eleitoral<\/a>\u00a0(TSE). Depois de um per\u00edodo de calmaria, entre novembro de 2022 e mar\u00e7o passado, o STF voltou a ser protagonista por ter de analisar temas inc\u00f4modos ao Congresso.<\/p>\n\n\n\n<figure class=\"wp-block-image size-large\"><img loading=\"lazy\" width=\"680\" height=\"453\" src=\"https:\/\/justicapotiguar.com.br\/wp-content\/uploads\/2020\/09\/stf-2.gif\" alt=\"\" class=\"wp-image-12735\"\/><figcaption>Reprodu\u00e7\u00e3o<\/figcaption><\/figure>\n\n\n\n<p>A entrada do Supremo no campo pol\u00edtico para atuar, muitas vezes, por omiss\u00e3o da C\u00e2mara e do Senado, cria rusgas com o Parlamento e alimenta cr\u00edticas de deputados e senadores, principalmente os da oposi\u00e7\u00e3o bolsonarista \u2014 que ainda reverbera os ataques que o ex-presidente fez \u00e0 Corte, ao longo de quatro anos, na tentativa de faz\u00ea-la se curvar. Mas, ao contr\u00e1rio do governo anterior, o de Luiz In\u00e1cio Lula da Silva tem mantido o di\u00e1logo com os ministros da Corte e, em muitas vezes, se beneficiado \u2014 inclusive na articula\u00e7\u00e3o pol\u00edtica \u2014, com as decis\u00f5es do STF. A boa rela\u00e7\u00e3o com o Judici\u00e1rio contrasta com a prec\u00e1ria articula\u00e7\u00e3o do governo no Congresso, fracassando ao tentar emplacar pautas de vi\u00e9s ideol\u00f3gico, como a criminaliza\u00e7\u00e3o das fake news \u2014 que consegue unir bolsonaristas e amplo setor do Centr\u00e3o.<\/p><div class=\"mshjz69ef0a21eff21\" ><!--<a href=\"https:\/\/bit.ly\/3QdrqTZ\" target=\"_blank\">\n<img src=\"https:\/\/justicapotiguar.com.br\/wp-content\/uploads\/2023\/09\/mobile-geral.gif\"\/><a\/>--><\/div><style type=\"text\/css\">\r\n.mshjz69ef0a21eff21 {\r\ntext-align: center;\r\n}\r\n@media screen and (min-width: 1201px) {\r\n.mshjz69ef0a21eff21 {\r\ndisplay: none;\r\n}\r\n}\r\n@media screen and (min-width: 993px) and (max-width: 1200px) {\r\n.mshjz69ef0a21eff21 {\r\ndisplay: none;\r\n}\r\n}\r\n@media screen and (min-width: 769px) and (max-width: 992px) {\r\n.mshjz69ef0a21eff21 {\r\ndisplay: none;\r\n}\r\n}\r\n@media screen and (min-width: 768px) and (max-width: 768px) {\r\n.mshjz69ef0a21eff21 {\r\ndisplay: block;\r\n}\r\n}\r\n@media screen and (max-width: 767px) {\r\n.mshjz69ef0a21eff21 {\r\ndisplay: block;\r\n}\r\n}\r\n<\/style>\r\n<div class=\"bgeqg69ef0a21eff09\" ><!--<a href=\"https:\/\/bit.ly\/3QdrqTZ\" target=\"_blank\">\n<img src=\"https:\/\/justicapotiguar.com.br\/wp-content\/uploads\/2023\/09\/desktop-geral.gif\"\/><a\/>--><\/div><style type=\"text\/css\">\r\n.bgeqg69ef0a21eff09 {\r\ntext-align: center;\nmargin-bottom: 1em;\r\n}\r\n@media screen and (min-width: 1201px) {\r\n.bgeqg69ef0a21eff09 {\r\ndisplay: block;\r\n}\r\n}\r\n@media screen and (min-width: 993px) and (max-width: 1200px) {\r\n.bgeqg69ef0a21eff09 {\r\ndisplay: block;\r\n}\r\n}\r\n@media screen and (min-width: 769px) and (max-width: 992px) {\r\n.bgeqg69ef0a21eff09 {\r\ndisplay: block;\r\n}\r\n}\r\n@media screen and (min-width: 768px) and (max-width: 768px) {\r\n.bgeqg69ef0a21eff09 {\r\ndisplay: none;\r\n}\r\n}\r\n@media screen and (max-width: 767px) {\r\n.bgeqg69ef0a21eff09 {\r\ndisplay: none;\r\n}\r\n}\r\n<\/style>\r\n\n\n\n\n<h3>Dobradinha<\/h3>\n\n\n\n<p>Atento \u00e0 possibilidade de uma dobradinha Pal\u00e1cio do Planalto-Supremo Tribunal Federal est\u00e1 o deputado\u00a0<a href=\"https:\/\/www.correiobraziliense.com.br\/politica\/2023\/06\/5099952-stf-rejeita-denuncia-e-livra-arthur-lira-de-acusacao-de-corrupcao.html\">Arthur Lira<\/a>\u00a0(PP-AL), presidente da C\u00e2mara. Nos bastidores, ele articulou para travar o andamento da medida provis\u00f3ria da reestrutura\u00e7\u00e3o do governo \u2014 que definia a divis\u00e3o dos minist\u00e9rios da Esplanada \u2014 at\u00e9 os \u00faltimos instantes do prazo. Chegou mesmo a dizer que se a MP n\u00e3o fosse aprovada, seria culpa do governo. Coincid\u00eancia ou n\u00e3o, no mesmo dia o ministro Dias Toffoli liberou para julgamento uma a\u00e7\u00e3o contra o parlamentar, que terminou arquivada.<\/p>\n\n\n\n<p>Correio Braziliense<\/p>\n","protected":false},"excerpt":{"rendered":"<p>Desde que assumiu a presid\u00eancia do Supremo Tribunal Federal, a ministra Rosa Weber evitou incluir na pauta assuntos pol\u00eamicos, principalmente os que se confundem com atribui\u00e7\u00f5es do Poder Legislativo. No entanto, a magistrada foi atropelada pelos fatos e a agenda pol\u00edtica bateu \u00e0 porta da Corte. O auge foi no final do ano passado, quando<br \/><a class=\"more-link\" href=\"https:\/\/justicapotiguar.com.br\/index.php\/2023\/06\/12\/stf-ocupa-espaco-que-seria-do-legislativo-e-incomoda\/\">Mais&#8230;<\/a><\/p>\n","protected":false},"author":5,"featured_media":0,"comment_status":"open","ping_status":"open","sticky":false,"template":"","format":"standard","meta":[],"categories":[1],"tags":[],"_links":{"self":[{"href":"https:\/\/justicapotiguar.com.br\/index.php\/wp-json\/wp\/v2\/posts\/32244"}],"collection":[{"href":"https:\/\/justicapotiguar.com.br\/index.php\/wp-json\/wp\/v2\/posts"}],"about":[{"href":"https:\/\/justicapotiguar.com.br\/index.php\/wp-json\/wp\/v2\/types\/post"}],"author":[{"embeddable":true,"href":"https:\/\/justicapotiguar.com.br\/index.php\/wp-json\/wp\/v2\/users\/5"}],"replies":[{"embeddable":true,"href":"https:\/\/justicapotiguar.com.br\/index.php\/wp-json\/wp\/v2\/comments?post=32244"}],"version-history":[{"count":1,"href":"https:\/\/justicapotiguar.com.br\/index.php\/wp-json\/wp\/v2\/posts\/32244\/revisions"}],"predecessor-version":[{"id":32245,"href":"https:\/\/justicapotiguar.com.br\/index.php\/wp-json\/wp\/v2\/posts\/32244\/revisions\/32245"}],"wp:attachment":[{"href":"https:\/\/justicapotiguar.com.br\/index.php\/wp-json\/wp\/v2\/media?parent=32244"}],"wp:term":[{"taxonomy":"category","embeddable":true,"href":"https:\/\/justicapotiguar.com.br\/index.php\/wp-json\/wp\/v2\/categories?post=32244"},{"taxonomy":"post_tag","embeddable":true,"href":"https:\/\/justicapotiguar.com.br\/index.php\/wp-json\/wp\/v2\/tags?post=32244"}],"curies":[{"name":"wp","href":"https:\/\/api.w.org\/{rel}","templated":true}]}}