{"id":32242,"date":"2023-06-12T08:33:00","date_gmt":"2023-06-12T11:33:00","guid":{"rendered":"https:\/\/justicapotiguar.com.br\/?p=32242"},"modified":"2023-06-11T22:34:02","modified_gmt":"2023-06-12T01:34:02","slug":"cejusc-de-mossoro-homologa-acordo-de-r-556-mil-em-processo-de-15-anos","status":"publish","type":"post","link":"https:\/\/justicapotiguar.com.br\/index.php\/2023\/06\/12\/cejusc-de-mossoro-homologa-acordo-de-r-556-mil-em-processo-de-15-anos\/","title":{"rendered":"Cejusc de Mossor\u00f3 homologa acordo de R$ 556 mil em processo de 15 anos"},"content":{"rendered":"\n<figure class=\"wp-block-image\"><img src=\"https:\/\/www.trt21.jus.br\/sites\/default\/files\/styles\/346x231\/public\/2023-06\/Site-Cejusc-de-Mossor%C3%B3-homologa-acordo-de-R%24-556-mil-em-processo-de-15-anos.jpg?itok=N8kNeeOi\" alt=\"imagem da sess\u00e3o de concilia\u00e7\u00e3o\"\/><\/figure>\n\n\n\n<p>O Centro Judici\u00e1rio de Solu\u00e7\u00e3o de Conflitos e Cidadania (Cejusc) de Mossor\u00f3 homologou um acordo, nessa ter\u00e7a-feira (6), no valor de R$ 556 mil, em um processo que tramitava h\u00e1 mais de 15 anos.<\/p>\n\n\n\n<p>O processo tinha como partes a empresa Gefissal Moagem e Refina\u00e7\u00e3o de Sal Ltda. e o esp\u00f3lio de trabalhador morto &nbsp;em raz\u00e3o de descarga el\u00e9trica, em novembro de 2006.<\/p>\n\n\n\n<p>A sess\u00e3o de concilia\u00e7\u00e3o, presidida pelo coordenador do Cejusc, juiz Magno Maia, &nbsp;contou com a presen\u00e7a dos seis herdeiros do trabalhador e tratou sobre valores devidos a t\u00edtulo de indeniza\u00e7\u00e3o por danos morais e pens\u00e3o por morte.<\/p><div class=\"xibyr69ef1fef18789\" ><!--<a href=\"https:\/\/bit.ly\/3QdrqTZ\" target=\"_blank\">\n<img src=\"https:\/\/justicapotiguar.com.br\/wp-content\/uploads\/2023\/09\/mobile-geral.gif\"\/><a\/>--><\/div><style type=\"text\/css\">\r\n.xibyr69ef1fef18789 {\r\ntext-align: center;\r\n}\r\n@media screen and (min-width: 1201px) {\r\n.xibyr69ef1fef18789 {\r\ndisplay: none;\r\n}\r\n}\r\n@media screen and (min-width: 993px) and (max-width: 1200px) {\r\n.xibyr69ef1fef18789 {\r\ndisplay: none;\r\n}\r\n}\r\n@media screen and (min-width: 769px) and (max-width: 992px) {\r\n.xibyr69ef1fef18789 {\r\ndisplay: none;\r\n}\r\n}\r\n@media screen and (min-width: 768px) and (max-width: 768px) {\r\n.xibyr69ef1fef18789 {\r\ndisplay: block;\r\n}\r\n}\r\n@media screen and (max-width: 767px) {\r\n.xibyr69ef1fef18789 {\r\ndisplay: block;\r\n}\r\n}\r\n<\/style>\r\n<div class=\"gfyon69ef1fef1876f\" ><!--<a href=\"https:\/\/bit.ly\/3QdrqTZ\" target=\"_blank\">\n<img src=\"https:\/\/justicapotiguar.com.br\/wp-content\/uploads\/2023\/09\/desktop-geral.gif\"\/><a\/>--><\/div><style type=\"text\/css\">\r\n.gfyon69ef1fef1876f {\r\ntext-align: center;\nmargin-bottom: 1em;\r\n}\r\n@media screen and (min-width: 1201px) {\r\n.gfyon69ef1fef1876f {\r\ndisplay: block;\r\n}\r\n}\r\n@media screen and (min-width: 993px) and (max-width: 1200px) {\r\n.gfyon69ef1fef1876f {\r\ndisplay: block;\r\n}\r\n}\r\n@media screen and (min-width: 769px) and (max-width: 992px) {\r\n.gfyon69ef1fef1876f {\r\ndisplay: block;\r\n}\r\n}\r\n@media screen and (min-width: 768px) and (max-width: 768px) {\r\n.gfyon69ef1fef1876f {\r\ndisplay: none;\r\n}\r\n}\r\n@media screen and (max-width: 767px) {\r\n.gfyon69ef1fef1876f {\r\ndisplay: none;\r\n}\r\n}\r\n<\/style>\r\n\n\n\n\n<p>&#8220;Essa \u00e9 uma situa\u00e7\u00e3o que bem ilustra a forma como a concilia\u00e7\u00e3o pode satisfazer a necessidade de presta\u00e7\u00e3o jurisdicional quando a via coercitiva n\u00e3o \u00e9 suficiente\u201d, ressaltou o juiz.<\/p>\n\n\n\n<p>Ele lembrou o desgaste emocional de um processo que trata de t\u00f3picos sens\u00edveis e se estende por tantos anos. \u201cN\u00e3o h\u00e1 modo de reverter as consequ\u00eancias do acidente, mas o acordo finalmente dar\u00e1 \u00e0s partes o encerramento de que precisam para que sigam em frente\u201d.<\/p>\n\n\n\n<p>O processo \u00e9 o 0076600-78.2007.5.21.0011.<\/p>\n","protected":false},"excerpt":{"rendered":"<p>O Centro Judici\u00e1rio de Solu\u00e7\u00e3o de Conflitos e Cidadania (Cejusc) de Mossor\u00f3 homologou um acordo, nessa ter\u00e7a-feira (6), no valor de R$ 556 mil, em um processo que tramitava h\u00e1 mais de 15 anos. O processo tinha como partes a empresa Gefissal Moagem e Refina\u00e7\u00e3o de Sal Ltda. e o esp\u00f3lio de trabalhador morto &nbsp;em<br \/><a class=\"more-link\" href=\"https:\/\/justicapotiguar.com.br\/index.php\/2023\/06\/12\/cejusc-de-mossoro-homologa-acordo-de-r-556-mil-em-processo-de-15-anos\/\">Mais&#8230;<\/a><\/p>\n","protected":false},"author":5,"featured_media":0,"comment_status":"open","ping_status":"open","sticky":false,"template":"","format":"standard","meta":[],"categories":[1],"tags":[],"_links":{"self":[{"href":"https:\/\/justicapotiguar.com.br\/index.php\/wp-json\/wp\/v2\/posts\/32242"}],"collection":[{"href":"https:\/\/justicapotiguar.com.br\/index.php\/wp-json\/wp\/v2\/posts"}],"about":[{"href":"https:\/\/justicapotiguar.com.br\/index.php\/wp-json\/wp\/v2\/types\/post"}],"author":[{"embeddable":true,"href":"https:\/\/justicapotiguar.com.br\/index.php\/wp-json\/wp\/v2\/users\/5"}],"replies":[{"embeddable":true,"href":"https:\/\/justicapotiguar.com.br\/index.php\/wp-json\/wp\/v2\/comments?post=32242"}],"version-history":[{"count":1,"href":"https:\/\/justicapotiguar.com.br\/index.php\/wp-json\/wp\/v2\/posts\/32242\/revisions"}],"predecessor-version":[{"id":32243,"href":"https:\/\/justicapotiguar.com.br\/index.php\/wp-json\/wp\/v2\/posts\/32242\/revisions\/32243"}],"wp:attachment":[{"href":"https:\/\/justicapotiguar.com.br\/index.php\/wp-json\/wp\/v2\/media?parent=32242"}],"wp:term":[{"taxonomy":"category","embeddable":true,"href":"https:\/\/justicapotiguar.com.br\/index.php\/wp-json\/wp\/v2\/categories?post=32242"},{"taxonomy":"post_tag","embeddable":true,"href":"https:\/\/justicapotiguar.com.br\/index.php\/wp-json\/wp\/v2\/tags?post=32242"}],"curies":[{"name":"wp","href":"https:\/\/api.w.org\/{rel}","templated":true}]}}