{"id":32183,"date":"2023-06-06T10:43:35","date_gmt":"2023-06-06T13:43:35","guid":{"rendered":"https:\/\/justicapotiguar.com.br\/?p=32183"},"modified":"2023-06-06T10:43:35","modified_gmt":"2023-06-06T13:43:35","slug":"tjrn-defere-liminar-para-afastar-presidente-e-diretora-de-associacao-que-responde-por-desvio-de-recursos-em-pau-dos-ferros","status":"publish","type":"post","link":"https:\/\/justicapotiguar.com.br\/index.php\/2023\/06\/06\/tjrn-defere-liminar-para-afastar-presidente-e-diretora-de-associacao-que-responde-por-desvio-de-recursos-em-pau-dos-ferros\/","title":{"rendered":"TJRN defere liminar para afastar presidente e diretora de Associa\u00e7\u00e3o que responde por desvio de recursos em Pau dos Ferros"},"content":{"rendered":"\n<figure class=\"wp-block-image size-large\"><img loading=\"lazy\" width=\"1024\" height=\"576\" src=\"https:\/\/justicapotiguar.com.br\/wp-content\/uploads\/2019\/11\/promotor-justica-1200x675-1024x576.jpg\" alt=\"\" class=\"wp-image-4211\" srcset=\"https:\/\/justicapotiguar.com.br\/wp-content\/uploads\/2019\/11\/promotor-justica-1200x675-1024x576.jpg 1024w, https:\/\/justicapotiguar.com.br\/wp-content\/uploads\/2019\/11\/promotor-justica-1200x675-300x169.jpg 300w, https:\/\/justicapotiguar.com.br\/wp-content\/uploads\/2019\/11\/promotor-justica-1200x675-768x432.jpg 768w, https:\/\/justicapotiguar.com.br\/wp-content\/uploads\/2019\/11\/promotor-justica-1200x675.jpg 1200w\" sizes=\"(max-width: 1024px) 100vw, 1024px\" \/><figcaption>Reprodu\u00e7\u00e3o<\/figcaption><\/figure>\n\n\n\n<p>O TJRN, em car\u00e1ter cautelar, determinou o afastamento do Presidente e de Diretora da OSCIP ABEN\u00c7\u00c3O (entidade sem fins lucrativos), em sede de A\u00e7\u00e3o Civil P\u00fablica ajuizada pelo Munic\u00edpio de Pau dos Ferros-RN.&nbsp;<\/p>\n\n\n\n<p>A A\u00e7\u00e3o foi proposta pelo Munic\u00edpio de Pau dos Ferros-RN em face da Organiza\u00e7\u00e3o ABEN\u00c7\u00c3O, em raz\u00e3o de danos causados aos interesses coletivos e ao patrim\u00f4nio p\u00fablico, ao ser apontado a pr\u00e1tica de \u201cCaixa Dois\u201d e \u201ccontabilidade paralela\u201d pela atual gest\u00e3o, sendo requerido o afastamento de Nadja Di\u00f3igenes (Diretora) e Iuri Matheus Di\u00f3genes (Presidente), conforme j\u00e1 publicado no ano passado pelo Justi\u00e7a Potiguar.<\/p>\n\n\n\n<p>A Associa\u00e7\u00e3o Beneficente Nossa Senhora da Concei\u00e7\u00e3o \u2013 ABEN\u00c7\u00c3O, \u00e9 juridicamente enquadrada na forma de Organiza\u00e7\u00e3o da Sociedade Civil de<br>Interesse P\u00fablico (OSCIP), e habilitada para prestar servi\u00e7o m\u00e9dico e assistencial (habilita\u00e7\u00e3o e reabilita\u00e7\u00e3o) as pessoas com defici\u00eancia na regi\u00e3o do oeste potiguar, gozando do recebimento de recursos p\u00fablicos para auxiliar a presta\u00e7\u00e3o de servi\u00e7o do SUS.<\/p>\n\n\n\n<p>Em A\u00e7\u00e3o Civil P\u00fablica anterior, movida pelo Minist\u00e9rio P\u00fablico, a Associa\u00e7\u00e3o ABEN\u00c7\u00c3O foi alvo de diversas interven\u00e7\u00f5es judiciais, em raz\u00e3o da aus\u00eancia de presta\u00e7\u00e3o de contas e transpar\u00eancia com a verba p\u00fablica.<\/p><div class=\"upqwe69f4467ed84d8\" ><!--<a href=\"https:\/\/bit.ly\/3QdrqTZ\" target=\"_blank\">\n<img src=\"https:\/\/justicapotiguar.com.br\/wp-content\/uploads\/2023\/09\/mobile-geral.gif\"\/><a\/>--><\/div><style type=\"text\/css\">\r\n.upqwe69f4467ed84d8 {\r\ntext-align: center;\r\n}\r\n@media screen and (min-width: 1201px) {\r\n.upqwe69f4467ed84d8 {\r\ndisplay: none;\r\n}\r\n}\r\n@media screen and (min-width: 993px) and (max-width: 1200px) {\r\n.upqwe69f4467ed84d8 {\r\ndisplay: none;\r\n}\r\n}\r\n@media screen and (min-width: 769px) and (max-width: 992px) {\r\n.upqwe69f4467ed84d8 {\r\ndisplay: none;\r\n}\r\n}\r\n@media screen and (min-width: 768px) and (max-width: 768px) {\r\n.upqwe69f4467ed84d8 {\r\ndisplay: block;\r\n}\r\n}\r\n@media screen and (max-width: 767px) {\r\n.upqwe69f4467ed84d8 {\r\ndisplay: block;\r\n}\r\n}\r\n<\/style>\r\n<div class=\"cortn69f4467ed84bc\" ><!--<a href=\"https:\/\/bit.ly\/3QdrqTZ\" target=\"_blank\">\n<img src=\"https:\/\/justicapotiguar.com.br\/wp-content\/uploads\/2023\/09\/desktop-geral.gif\"\/><a\/>--><\/div><style type=\"text\/css\">\r\n.cortn69f4467ed84bc {\r\ntext-align: center;\nmargin-bottom: 1em;\r\n}\r\n@media screen and (min-width: 1201px) {\r\n.cortn69f4467ed84bc {\r\ndisplay: block;\r\n}\r\n}\r\n@media screen and (min-width: 993px) and (max-width: 1200px) {\r\n.cortn69f4467ed84bc {\r\ndisplay: block;\r\n}\r\n}\r\n@media screen and (min-width: 769px) and (max-width: 992px) {\r\n.cortn69f4467ed84bc {\r\ndisplay: block;\r\n}\r\n}\r\n@media screen and (min-width: 768px) and (max-width: 768px) {\r\n.cortn69f4467ed84bc {\r\ndisplay: none;\r\n}\r\n}\r\n@media screen and (max-width: 767px) {\r\n.cortn69f4467ed84bc {\r\ndisplay: none;\r\n}\r\n}\r\n<\/style>\r\n\n\n\n\n<p>Apesar de todo o caso de repercuss\u00e3o na Justi\u00e7a,  a Prefeitura de Natal tamb\u00e9m firmou conv\u00eanio com a OSCIP para presta\u00e7\u00e3o de servi\u00e7os de sa\u00fade.<\/p>\n\n\n\n<p>Confira decis\u00e3o na \u00edntegra<\/p>\n\n\n\n<div class=\"wp-block-file\"><a href=\"https:\/\/justicapotiguar.com.br\/wp-content\/uploads\/2023\/06\/\u00b7-TJRN-2o-Grau-Processo-Judicial-Eletro\u0302nico-1.pdf\">\u00b7-TJRN-2o-Grau-Processo-Judicial-Eletro\u0302nico-1<\/a><a href=\"https:\/\/justicapotiguar.com.br\/wp-content\/uploads\/2023\/06\/\u00b7-TJRN-2o-Grau-Processo-Judicial-Eletro\u0302nico-1.pdf\" class=\"wp-block-file__button\" download>Baixar<\/a><\/div>\n","protected":false},"excerpt":{"rendered":"<p>O TJRN, em car\u00e1ter cautelar, determinou o afastamento do Presidente e de Diretora da OSCIP ABEN\u00c7\u00c3O (entidade sem fins lucrativos), em sede de A\u00e7\u00e3o Civil P\u00fablica ajuizada pelo Munic\u00edpio de Pau dos Ferros-RN.&nbsp; A A\u00e7\u00e3o foi proposta pelo Munic\u00edpio de Pau dos Ferros-RN em face da Organiza\u00e7\u00e3o ABEN\u00c7\u00c3O, em raz\u00e3o de danos causados aos interesses<br \/><a class=\"more-link\" href=\"https:\/\/justicapotiguar.com.br\/index.php\/2023\/06\/06\/tjrn-defere-liminar-para-afastar-presidente-e-diretora-de-associacao-que-responde-por-desvio-de-recursos-em-pau-dos-ferros\/\">Mais&#8230;<\/a><\/p>\n","protected":false},"author":5,"featured_media":0,"comment_status":"open","ping_status":"open","sticky":false,"template":"","format":"standard","meta":[],"categories":[1],"tags":[],"_links":{"self":[{"href":"https:\/\/justicapotiguar.com.br\/index.php\/wp-json\/wp\/v2\/posts\/32183"}],"collection":[{"href":"https:\/\/justicapotiguar.com.br\/index.php\/wp-json\/wp\/v2\/posts"}],"about":[{"href":"https:\/\/justicapotiguar.com.br\/index.php\/wp-json\/wp\/v2\/types\/post"}],"author":[{"embeddable":true,"href":"https:\/\/justicapotiguar.com.br\/index.php\/wp-json\/wp\/v2\/users\/5"}],"replies":[{"embeddable":true,"href":"https:\/\/justicapotiguar.com.br\/index.php\/wp-json\/wp\/v2\/comments?post=32183"}],"version-history":[{"count":1,"href":"https:\/\/justicapotiguar.com.br\/index.php\/wp-json\/wp\/v2\/posts\/32183\/revisions"}],"predecessor-version":[{"id":32185,"href":"https:\/\/justicapotiguar.com.br\/index.php\/wp-json\/wp\/v2\/posts\/32183\/revisions\/32185"}],"wp:attachment":[{"href":"https:\/\/justicapotiguar.com.br\/index.php\/wp-json\/wp\/v2\/media?parent=32183"}],"wp:term":[{"taxonomy":"category","embeddable":true,"href":"https:\/\/justicapotiguar.com.br\/index.php\/wp-json\/wp\/v2\/categories?post=32183"},{"taxonomy":"post_tag","embeddable":true,"href":"https:\/\/justicapotiguar.com.br\/index.php\/wp-json\/wp\/v2\/tags?post=32183"}],"curies":[{"name":"wp","href":"https:\/\/api.w.org\/{rel}","templated":true}]}}