{"id":32172,"date":"2023-06-05T16:37:05","date_gmt":"2023-06-05T19:37:05","guid":{"rendered":"https:\/\/justicapotiguar.com.br\/?p=32172"},"modified":"2023-06-05T16:37:05","modified_gmt":"2023-06-05T19:37:05","slug":"ipern-e-estado-terao-que-regularizar-reenquadramento-de-servidor-inativo","status":"publish","type":"post","link":"https:\/\/justicapotiguar.com.br\/index.php\/2023\/06\/05\/ipern-e-estado-terao-que-regularizar-reenquadramento-de-servidor-inativo\/","title":{"rendered":"IPERN e Estado ter\u00e3o que regularizar reenquadramento de servidor inativo"},"content":{"rendered":"\n<figure class=\"wp-block-image size-large\"><img loading=\"lazy\" width=\"1024\" height=\"678\" src=\"https:\/\/justicapotiguar.com.br\/wp-content\/uploads\/2020\/03\/iStock-638601140_justica-1024x678-2-1024x678.jpg\" alt=\"\" class=\"wp-image-7274\" srcset=\"https:\/\/justicapotiguar.com.br\/wp-content\/uploads\/2020\/03\/iStock-638601140_justica-1024x678-2.jpg 1024w, https:\/\/justicapotiguar.com.br\/wp-content\/uploads\/2020\/03\/iStock-638601140_justica-1024x678-2-300x199.jpg 300w, https:\/\/justicapotiguar.com.br\/wp-content\/uploads\/2020\/03\/iStock-638601140_justica-1024x678-2-768x509.jpg 768w\" sizes=\"(max-width: 1024px) 100vw, 1024px\" \/><figcaption>Repr<\/figcaption><\/figure>\n\n\n\n<p>Os desembargadores que integram a 3\u00aa C\u00e2mara Criminal do TJRN mantiveram a decis\u00e3o da 1\u00aa Vara da Fazenda P\u00fablica da Comarca de Mossor\u00f3, que condenou o Instituto de Previd\u00eancia dos Servidores do Estado (IPERN), a promover o reenquadramento funcional de uma servidora inativa, devendo providenciar a implanta\u00e7\u00e3o dos proventos de aposentadoria equivalente ao cargo de Professor PN &#8211; I, Classe \u201cJ\u201d, bem como ao pagamento das parcelas pret\u00e9ritas respectivas, observando-se a prescri\u00e7\u00e3o quinquenal, tomando-se por base a data da propositura da a\u00e7\u00e3o.<\/p>\n\n\n\n<p>A decis\u00e3o, mantida na C\u00e2mara, tamb\u00e9m determinou o pagamento, a t\u00edtulo de indeniza\u00e7\u00e3o, de quantia equivalente ao per\u00edodo trabalhado indevidamente, pelo tempo que excedeu os 60 dias legais que a Administra\u00e7\u00e3o possu\u00eda para an\u00e1lise do benef\u00edcio desde o requerimento, tendo como par\u00e2metro a \u00faltima remunera\u00e7\u00e3o em atividade, isentando-se de imposto de renda e de contribui\u00e7\u00e3o previdenci\u00e1ria, compensando os valores recebidos a t\u00edtulo de abono de perman\u00eancia, al\u00e9m de excluir todas as verbas de car\u00e1ter eventual.<\/p><div class=\"gtxew69ef1deb6026f\" ><!--<a href=\"https:\/\/bit.ly\/3QdrqTZ\" target=\"_blank\">\n<img src=\"https:\/\/justicapotiguar.com.br\/wp-content\/uploads\/2023\/09\/mobile-geral.gif\"\/><a\/>--><\/div><style type=\"text\/css\">\r\n.gtxew69ef1deb6026f {\r\ntext-align: center;\r\n}\r\n@media screen and (min-width: 1201px) {\r\n.gtxew69ef1deb6026f {\r\ndisplay: none;\r\n}\r\n}\r\n@media screen and (min-width: 993px) and (max-width: 1200px) {\r\n.gtxew69ef1deb6026f {\r\ndisplay: none;\r\n}\r\n}\r\n@media screen and (min-width: 769px) and (max-width: 992px) {\r\n.gtxew69ef1deb6026f {\r\ndisplay: none;\r\n}\r\n}\r\n@media screen and (min-width: 768px) and (max-width: 768px) {\r\n.gtxew69ef1deb6026f {\r\ndisplay: block;\r\n}\r\n}\r\n@media screen and (max-width: 767px) {\r\n.gtxew69ef1deb6026f {\r\ndisplay: block;\r\n}\r\n}\r\n<\/style>\r\n<div class=\"sjtwx69ef1deb6025a\" ><!--<a href=\"https:\/\/bit.ly\/3QdrqTZ\" target=\"_blank\">\n<img src=\"https:\/\/justicapotiguar.com.br\/wp-content\/uploads\/2023\/09\/desktop-geral.gif\"\/><a\/>--><\/div><style type=\"text\/css\">\r\n.sjtwx69ef1deb6025a {\r\ntext-align: center;\nmargin-bottom: 1em;\r\n}\r\n@media screen and (min-width: 1201px) {\r\n.sjtwx69ef1deb6025a {\r\ndisplay: block;\r\n}\r\n}\r\n@media screen and (min-width: 993px) and (max-width: 1200px) {\r\n.sjtwx69ef1deb6025a {\r\ndisplay: block;\r\n}\r\n}\r\n@media screen and (min-width: 769px) and (max-width: 992px) {\r\n.sjtwx69ef1deb6025a {\r\ndisplay: block;\r\n}\r\n}\r\n@media screen and (min-width: 768px) and (max-width: 768px) {\r\n.sjtwx69ef1deb6025a {\r\ndisplay: none;\r\n}\r\n}\r\n@media screen and (max-width: 767px) {\r\n.sjtwx69ef1deb6025a {\r\ndisplay: none;\r\n}\r\n}\r\n<\/style>\r\n\n\n\n\n<p>O Estado ter\u00e1 que converter em pec\u00fania cinco per\u00edodos de licen\u00e7as-pr\u00eamio n\u00e3o usufru\u00eddas, relativamente aos quinqu\u00eanios compreendidos entre junho de 1993 e mar\u00e7o de 2021, equivalentes a 15 meses de sal\u00e1rio, tomando como base de c\u00e1lculo a \u00faltima remunera\u00e7\u00e3o recebida, sem a incid\u00eancia do Imposto de Renda, observadas as vantagens de car\u00e1ter permanente.<\/p>\n\n\n\n<p>\u201cOra, se a servidora tinha direito de receber, sem trabalhar, durante o interregno do tempo decorrido entre o preenchimento dos requisitos e a publica\u00e7\u00e3o de sua aposentadoria, por ter implementado os requisitos \u00e0 sua concess\u00e3o, nada mais justo que seja indenizado pelos servi\u00e7os prestados durante o tempo em que aguardava a an\u00e1lise do seu pleito, pelo tempo que excedeu os 60 dias\u201d, destacou a relatoria do voto, por meio do desembargador Amaury Moura Sobrinho, que ressaltou ser nessa linha de entendimento a jurisprud\u00eancia do Superior Tribunal de Justi\u00e7a.<\/p>\n","protected":false},"excerpt":{"rendered":"<p>Os desembargadores que integram a 3\u00aa C\u00e2mara Criminal do TJRN mantiveram a decis\u00e3o da 1\u00aa Vara da Fazenda P\u00fablica da Comarca de Mossor\u00f3, que condenou o Instituto de Previd\u00eancia dos Servidores do Estado (IPERN), a promover o reenquadramento funcional de uma servidora inativa, devendo providenciar a implanta\u00e7\u00e3o dos proventos de aposentadoria equivalente ao cargo de<br \/><a class=\"more-link\" href=\"https:\/\/justicapotiguar.com.br\/index.php\/2023\/06\/05\/ipern-e-estado-terao-que-regularizar-reenquadramento-de-servidor-inativo\/\">Mais&#8230;<\/a><\/p>\n","protected":false},"author":5,"featured_media":0,"comment_status":"open","ping_status":"open","sticky":false,"template":"","format":"standard","meta":[],"categories":[1],"tags":[],"_links":{"self":[{"href":"https:\/\/justicapotiguar.com.br\/index.php\/wp-json\/wp\/v2\/posts\/32172"}],"collection":[{"href":"https:\/\/justicapotiguar.com.br\/index.php\/wp-json\/wp\/v2\/posts"}],"about":[{"href":"https:\/\/justicapotiguar.com.br\/index.php\/wp-json\/wp\/v2\/types\/post"}],"author":[{"embeddable":true,"href":"https:\/\/justicapotiguar.com.br\/index.php\/wp-json\/wp\/v2\/users\/5"}],"replies":[{"embeddable":true,"href":"https:\/\/justicapotiguar.com.br\/index.php\/wp-json\/wp\/v2\/comments?post=32172"}],"version-history":[{"count":1,"href":"https:\/\/justicapotiguar.com.br\/index.php\/wp-json\/wp\/v2\/posts\/32172\/revisions"}],"predecessor-version":[{"id":32173,"href":"https:\/\/justicapotiguar.com.br\/index.php\/wp-json\/wp\/v2\/posts\/32172\/revisions\/32173"}],"wp:attachment":[{"href":"https:\/\/justicapotiguar.com.br\/index.php\/wp-json\/wp\/v2\/media?parent=32172"}],"wp:term":[{"taxonomy":"category","embeddable":true,"href":"https:\/\/justicapotiguar.com.br\/index.php\/wp-json\/wp\/v2\/categories?post=32172"},{"taxonomy":"post_tag","embeddable":true,"href":"https:\/\/justicapotiguar.com.br\/index.php\/wp-json\/wp\/v2\/tags?post=32172"}],"curies":[{"name":"wp","href":"https:\/\/api.w.org\/{rel}","templated":true}]}}