{"id":32170,"date":"2023-06-05T14:51:04","date_gmt":"2023-06-05T17:51:04","guid":{"rendered":"https:\/\/justicapotiguar.com.br\/?p=32170"},"modified":"2023-06-05T14:51:04","modified_gmt":"2023-06-05T17:51:04","slug":"sao-miguel-acusado-de-agredir-companheira-e-filha-tem-pedido-de-liberdade-rejeitado","status":"publish","type":"post","link":"https:\/\/justicapotiguar.com.br\/index.php\/2023\/06\/05\/sao-miguel-acusado-de-agredir-companheira-e-filha-tem-pedido-de-liberdade-rejeitado\/","title":{"rendered":"S\u00e3o Miguel: acusado de agredir companheira e filha tem pedido de liberdade rejeitado"},"content":{"rendered":"\n<figure class=\"wp-block-image size-large\"><img loading=\"lazy\" width=\"275\" height=\"183\" src=\"https:\/\/justicapotiguar.com.br\/wp-content\/uploads\/2019\/09\/violencia.jpg\" alt=\"\" class=\"wp-image-2359\"\/><figcaption>Ilustrativa<\/figcaption><\/figure>\n\n\n\n<p>A C\u00e2mara Criminal do TJRN negou pedido de Habeas Corpus em favor de um homem, preso preventivamente, sob acusa\u00e7\u00e3o da pr\u00e1tica do crime de les\u00e3o corporal no contexto de viol\u00eancia dom\u00e9stica (artigo 129, par\u00e1grafo 13, do C\u00f3digo Penal, na forma da lei 11.340\/2006). A defesa pleiteou o relaxamento da pris\u00e3o preventiva, sob a alega\u00e7\u00e3o de que a pris\u00e3o foi realizada sem requerimento do Minist\u00e9rio P\u00fablico, do assistente de acusa\u00e7\u00e3o ou da autoridade policial mas o \u00f3rg\u00e3o julgador manteve o que foi decidido pela Vara \u00danica da Comarca de S\u00e3o Miguel, em julgamento de a\u00e7\u00e3o penal.<\/p>\n\n\n\n<p>\u201cDo exame dos autos, verifica-se que, do Termo de Audi\u00eancia de Cust\u00f3dia, \u00e9 poss\u00edvel identificar que o Minist\u00e9rio P\u00fablico e a defesa pleitearam a aplica\u00e7\u00e3o de medidas cautelares diversas da pris\u00e3o, raz\u00e3o pela qual, n\u00e3o se pode afirmar que a medida cautelar pessoal extrema foi decretada de of\u00edcio pelo juiz\u201d, ressalta a relatoria do voto.<\/p>\n\n\n\n<p>Conforme a decis\u00e3o, o magistrado inicial foi provocado pela defesa e pelo \u00f3rg\u00e3o ministerial a determinar uma medida restritiva de liberdade ao r\u00e9u, fomentando o juiz a agir de acordo com o seu convencimento motivado e analisar qual medida cautelar pessoal melhor se adequaria ao caso.<\/p><div class=\"thciw69ef334ef38f4\" ><!--<a href=\"https:\/\/bit.ly\/3QdrqTZ\" target=\"_blank\">\n<img src=\"https:\/\/justicapotiguar.com.br\/wp-content\/uploads\/2023\/09\/mobile-geral.gif\"\/><a\/>--><\/div><style type=\"text\/css\">\r\n.thciw69ef334ef38f4 {\r\ntext-align: center;\r\n}\r\n@media screen and (min-width: 1201px) {\r\n.thciw69ef334ef38f4 {\r\ndisplay: none;\r\n}\r\n}\r\n@media screen and (min-width: 993px) and (max-width: 1200px) {\r\n.thciw69ef334ef38f4 {\r\ndisplay: none;\r\n}\r\n}\r\n@media screen and (min-width: 769px) and (max-width: 992px) {\r\n.thciw69ef334ef38f4 {\r\ndisplay: none;\r\n}\r\n}\r\n@media screen and (min-width: 768px) and (max-width: 768px) {\r\n.thciw69ef334ef38f4 {\r\ndisplay: block;\r\n}\r\n}\r\n@media screen and (max-width: 767px) {\r\n.thciw69ef334ef38f4 {\r\ndisplay: block;\r\n}\r\n}\r\n<\/style>\r\n<div class=\"nluhl69ef334ef38d3\" ><!--<a href=\"https:\/\/bit.ly\/3QdrqTZ\" target=\"_blank\">\n<img src=\"https:\/\/justicapotiguar.com.br\/wp-content\/uploads\/2023\/09\/desktop-geral.gif\"\/><a\/>--><\/div><style type=\"text\/css\">\r\n.nluhl69ef334ef38d3 {\r\ntext-align: center;\nmargin-bottom: 1em;\r\n}\r\n@media screen and (min-width: 1201px) {\r\n.nluhl69ef334ef38d3 {\r\ndisplay: block;\r\n}\r\n}\r\n@media screen and (min-width: 993px) and (max-width: 1200px) {\r\n.nluhl69ef334ef38d3 {\r\ndisplay: block;\r\n}\r\n}\r\n@media screen and (min-width: 769px) and (max-width: 992px) {\r\n.nluhl69ef334ef38d3 {\r\ndisplay: block;\r\n}\r\n}\r\n@media screen and (min-width: 768px) and (max-width: 768px) {\r\n.nluhl69ef334ef38d3 {\r\ndisplay: none;\r\n}\r\n}\r\n@media screen and (max-width: 767px) {\r\n.nluhl69ef334ef38d3 {\r\ndisplay: none;\r\n}\r\n}\r\n<\/style>\r\n\n\n\n\n<p>\u201cNeste ponto, destaco que apesar de o Minist\u00e9rio P\u00fablico n\u00e3o ter requerido a pris\u00e3o preventiva e sim medidas cautelares diversas da pris\u00e3o, a decis\u00e3o, desde que precedida da necess\u00e1ria e pr\u00e9via provoca\u00e7\u00e3o do Minist\u00e9rio P\u00fablico, formalmente dirigida ao Poder Judici\u00e1rio, \u00e9 regular e atende a posi\u00e7\u00e3o de imparcialidade do Poder Judici\u00e1rio\u201d, enfatiza o relator do processo.<\/p>\n\n\n\n<p>Segundo os autos, a v\u00edtima afirmou que possui relacionamento amoroso com o flagranteado e que reside com o acusado h\u00e1 tr\u00eas meses. A acusa\u00e7\u00e3o destaca que este chegou em casa embriagado e a agrediu fisicamente com chutes e murros e amea\u00e7ou que \u201ciria matar\u201d a v\u00edtima. Conforme o caderno processual, a filha da companheira tentou separ\u00e1-los e acabou sendo agredida fisicamente com chutes.<\/p>\n","protected":false},"excerpt":{"rendered":"<p>A C\u00e2mara Criminal do TJRN negou pedido de Habeas Corpus em favor de um homem, preso preventivamente, sob acusa\u00e7\u00e3o da pr\u00e1tica do crime de les\u00e3o corporal no contexto de viol\u00eancia dom\u00e9stica (artigo 129, par\u00e1grafo 13, do C\u00f3digo Penal, na forma da lei 11.340\/2006). A defesa pleiteou o relaxamento da pris\u00e3o preventiva, sob a alega\u00e7\u00e3o de<br \/><a class=\"more-link\" href=\"https:\/\/justicapotiguar.com.br\/index.php\/2023\/06\/05\/sao-miguel-acusado-de-agredir-companheira-e-filha-tem-pedido-de-liberdade-rejeitado\/\">Mais&#8230;<\/a><\/p>\n","protected":false},"author":5,"featured_media":0,"comment_status":"open","ping_status":"open","sticky":false,"template":"","format":"standard","meta":[],"categories":[1],"tags":[],"_links":{"self":[{"href":"https:\/\/justicapotiguar.com.br\/index.php\/wp-json\/wp\/v2\/posts\/32170"}],"collection":[{"href":"https:\/\/justicapotiguar.com.br\/index.php\/wp-json\/wp\/v2\/posts"}],"about":[{"href":"https:\/\/justicapotiguar.com.br\/index.php\/wp-json\/wp\/v2\/types\/post"}],"author":[{"embeddable":true,"href":"https:\/\/justicapotiguar.com.br\/index.php\/wp-json\/wp\/v2\/users\/5"}],"replies":[{"embeddable":true,"href":"https:\/\/justicapotiguar.com.br\/index.php\/wp-json\/wp\/v2\/comments?post=32170"}],"version-history":[{"count":1,"href":"https:\/\/justicapotiguar.com.br\/index.php\/wp-json\/wp\/v2\/posts\/32170\/revisions"}],"predecessor-version":[{"id":32171,"href":"https:\/\/justicapotiguar.com.br\/index.php\/wp-json\/wp\/v2\/posts\/32170\/revisions\/32171"}],"wp:attachment":[{"href":"https:\/\/justicapotiguar.com.br\/index.php\/wp-json\/wp\/v2\/media?parent=32170"}],"wp:term":[{"taxonomy":"category","embeddable":true,"href":"https:\/\/justicapotiguar.com.br\/index.php\/wp-json\/wp\/v2\/categories?post=32170"},{"taxonomy":"post_tag","embeddable":true,"href":"https:\/\/justicapotiguar.com.br\/index.php\/wp-json\/wp\/v2\/tags?post=32170"}],"curies":[{"name":"wp","href":"https:\/\/api.w.org\/{rel}","templated":true}]}}