{"id":32166,"date":"2023-06-05T12:49:05","date_gmt":"2023-06-05T15:49:05","guid":{"rendered":"https:\/\/justicapotiguar.com.br\/?p=32166"},"modified":"2023-06-05T12:49:05","modified_gmt":"2023-06-05T15:49:05","slug":"justica-determina-que-companhia-de-turismo-pague-indenizacao-a-cliente-por-danos-morais-e-materiais","status":"publish","type":"post","link":"https:\/\/justicapotiguar.com.br\/index.php\/2023\/06\/05\/justica-determina-que-companhia-de-turismo-pague-indenizacao-a-cliente-por-danos-morais-e-materiais\/","title":{"rendered":"Justi\u00e7a determina que companhia de turismo pague indeniza\u00e7\u00e3o a cliente por danos morais e materiais"},"content":{"rendered":"\n<figure class=\"wp-block-image size-large\"><img loading=\"lazy\" width=\"626\" height=\"417\" src=\"https:\/\/justicapotiguar.com.br\/wp-content\/uploads\/2020\/02\/balanca-da-justica-e-martelo-na-mesa-de-madeira-e-acordo-na-sala-de-audiencias_28283-789.jpg\" alt=\"\" class=\"wp-image-6004\" srcset=\"https:\/\/justicapotiguar.com.br\/wp-content\/uploads\/2020\/02\/balanca-da-justica-e-martelo-na-mesa-de-madeira-e-acordo-na-sala-de-audiencias_28283-789.jpg 626w, https:\/\/justicapotiguar.com.br\/wp-content\/uploads\/2020\/02\/balanca-da-justica-e-martelo-na-mesa-de-madeira-e-acordo-na-sala-de-audiencias_28283-789-300x200.jpg 300w\" sizes=\"(max-width: 626px) 100vw, 626px\" \/><\/figure>\n\n\n\n<p>A 1\u00aa Vara C\u00edvel da Comarca de Mossor\u00f3 condenou uma empresa de turismo a realizar o pagamento R$ 3 mil, a t\u00edtulo de danos morais, a um cliente, que teve seu voo cancelado. O juiz entendeu que o cancelamento sem que houvesse a disponibiliza\u00e7\u00e3o de outro voo acarretou ofensa a direito da personalidade e at\u00e9 ensejou o comprometimento de outros servi\u00e7os contratados ou mesmo pela frustra\u00e7\u00e3o da viagem em fam\u00edlia.<\/p>\n\n\n\n<p>De acordo com o autos do processo, a parte autora, e sua fam\u00edlia organizaram uma viagem, adquirindo, junto a uma empresa de turismo, um pacote de viagem tur\u00edstica, que inclu\u00edam passagens a\u00e9reas (ida e volta). No entanto, entre a aquisi\u00e7\u00e3o do pacote e a realiza\u00e7\u00e3o da viagem, a demandante foi<\/p>\n\n\n\n<p>informada que a companhia a\u00e9rea havia cancelado sua opera\u00e7\u00e3o no Nordeste, cancelando os voos. A parte disse ainda que solicitou o reembolso dos valores pagos pelo pacote de viagem. Mas, s\u00f3 foram restitu\u00eddos os valores correspondentes \u00e0 hospedagem e \u00e0 transfer\u00eancia, deixando de ser ressarcido o valor de R$ 835,62 correspondentes \u00e0s passagens a\u00e9reas e taxas.<\/p><div class=\"rqgnu69ef2008a832d\" ><!--<a href=\"https:\/\/bit.ly\/3QdrqTZ\" target=\"_blank\">\n<img src=\"https:\/\/justicapotiguar.com.br\/wp-content\/uploads\/2023\/09\/mobile-geral.gif\"\/><a\/>--><\/div><style type=\"text\/css\">\r\n.rqgnu69ef2008a832d {\r\ntext-align: center;\r\n}\r\n@media screen and (min-width: 1201px) {\r\n.rqgnu69ef2008a832d {\r\ndisplay: none;\r\n}\r\n}\r\n@media screen and (min-width: 993px) and (max-width: 1200px) {\r\n.rqgnu69ef2008a832d {\r\ndisplay: none;\r\n}\r\n}\r\n@media screen and (min-width: 769px) and (max-width: 992px) {\r\n.rqgnu69ef2008a832d {\r\ndisplay: none;\r\n}\r\n}\r\n@media screen and (min-width: 768px) and (max-width: 768px) {\r\n.rqgnu69ef2008a832d {\r\ndisplay: block;\r\n}\r\n}\r\n@media screen and (max-width: 767px) {\r\n.rqgnu69ef2008a832d {\r\ndisplay: block;\r\n}\r\n}\r\n<\/style>\r\n<div class=\"jlwbx69ef2008a830f\" ><!--<a href=\"https:\/\/bit.ly\/3QdrqTZ\" target=\"_blank\">\n<img src=\"https:\/\/justicapotiguar.com.br\/wp-content\/uploads\/2023\/09\/desktop-geral.gif\"\/><a\/>--><\/div><style type=\"text\/css\">\r\n.jlwbx69ef2008a830f {\r\ntext-align: center;\nmargin-bottom: 1em;\r\n}\r\n@media screen and (min-width: 1201px) {\r\n.jlwbx69ef2008a830f {\r\ndisplay: block;\r\n}\r\n}\r\n@media screen and (min-width: 993px) and (max-width: 1200px) {\r\n.jlwbx69ef2008a830f {\r\ndisplay: block;\r\n}\r\n}\r\n@media screen and (min-width: 769px) and (max-width: 992px) {\r\n.jlwbx69ef2008a830f {\r\ndisplay: block;\r\n}\r\n}\r\n@media screen and (min-width: 768px) and (max-width: 768px) {\r\n.jlwbx69ef2008a830f {\r\ndisplay: none;\r\n}\r\n}\r\n@media screen and (max-width: 767px) {\r\n.jlwbx69ef2008a830f {\r\ndisplay: none;\r\n}\r\n}\r\n<\/style>\r\n\n\n\n\n<p>A parte autora pediu o reconhecimento da rela\u00e7\u00e3o consumerista e o decorrente pagamento da quantia de R$ 835,62, relativo a danosmateriais, bem como ao valor de R$ 10 mil em indeniza\u00e7\u00e3o moral.<\/p>\n\n\n\n<p>Na decis\u00e3o, o magistrado entendeu estar diante de uma rela\u00e7\u00e3o de consumo e &#8220;que o cancelamento sem que houvesse a disponibiliza\u00e7\u00e3o de outro voo certamente acarreta ofensa a direito da personalidade, superando o mero dissabor, at\u00e9 porque enseja o comprometimento de outros servi\u00e7os contratados ou mesmo pela frustra\u00e7\u00e3o da viagem em fam\u00edlia&#8221;.<\/p>\n\n\n\n<p>Dessa forma, o magistrado julgou parcialmente procedente o pedido autoral, para condenar a parte r\u00e9 ao pagamento de danos morais, no montante de R$ 3 mil, acrescidos de juros de mora, a partir do evento danoso, e corre\u00e7\u00e3o monet\u00e1ria a partir da senten\u00e7a, continuando a incid\u00eancia exclusiva da Taxa Selic por impossibilidade de cumula\u00e7\u00e3o com outro \u00edndice.<\/p>\n","protected":false},"excerpt":{"rendered":"<p>A 1\u00aa Vara C\u00edvel da Comarca de Mossor\u00f3 condenou uma empresa de turismo a realizar o pagamento R$ 3 mil, a t\u00edtulo de danos morais, a um cliente, que teve seu voo cancelado. O juiz entendeu que o cancelamento sem que houvesse a disponibiliza\u00e7\u00e3o de outro voo acarretou ofensa a direito da personalidade e at\u00e9<br \/><a class=\"more-link\" href=\"https:\/\/justicapotiguar.com.br\/index.php\/2023\/06\/05\/justica-determina-que-companhia-de-turismo-pague-indenizacao-a-cliente-por-danos-morais-e-materiais\/\">Mais&#8230;<\/a><\/p>\n","protected":false},"author":5,"featured_media":0,"comment_status":"open","ping_status":"open","sticky":false,"template":"","format":"standard","meta":[],"categories":[1],"tags":[],"_links":{"self":[{"href":"https:\/\/justicapotiguar.com.br\/index.php\/wp-json\/wp\/v2\/posts\/32166"}],"collection":[{"href":"https:\/\/justicapotiguar.com.br\/index.php\/wp-json\/wp\/v2\/posts"}],"about":[{"href":"https:\/\/justicapotiguar.com.br\/index.php\/wp-json\/wp\/v2\/types\/post"}],"author":[{"embeddable":true,"href":"https:\/\/justicapotiguar.com.br\/index.php\/wp-json\/wp\/v2\/users\/5"}],"replies":[{"embeddable":true,"href":"https:\/\/justicapotiguar.com.br\/index.php\/wp-json\/wp\/v2\/comments?post=32166"}],"version-history":[{"count":1,"href":"https:\/\/justicapotiguar.com.br\/index.php\/wp-json\/wp\/v2\/posts\/32166\/revisions"}],"predecessor-version":[{"id":32167,"href":"https:\/\/justicapotiguar.com.br\/index.php\/wp-json\/wp\/v2\/posts\/32166\/revisions\/32167"}],"wp:attachment":[{"href":"https:\/\/justicapotiguar.com.br\/index.php\/wp-json\/wp\/v2\/media?parent=32166"}],"wp:term":[{"taxonomy":"category","embeddable":true,"href":"https:\/\/justicapotiguar.com.br\/index.php\/wp-json\/wp\/v2\/categories?post=32166"},{"taxonomy":"post_tag","embeddable":true,"href":"https:\/\/justicapotiguar.com.br\/index.php\/wp-json\/wp\/v2\/tags?post=32166"}],"curies":[{"name":"wp","href":"https:\/\/api.w.org\/{rel}","templated":true}]}}