{"id":32164,"date":"2023-06-05T11:40:45","date_gmt":"2023-06-05T14:40:45","guid":{"rendered":"https:\/\/justicapotiguar.com.br\/?p=32164"},"modified":"2023-06-05T11:40:45","modified_gmt":"2023-06-05T14:40:45","slug":"projeto-trabalho-sem-preconceito-do-trt-rn-reune-especialistas-para-discutir-trabalho-e-etarismo","status":"publish","type":"post","link":"https:\/\/justicapotiguar.com.br\/index.php\/2023\/06\/05\/projeto-trabalho-sem-preconceito-do-trt-rn-reune-especialistas-para-discutir-trabalho-e-etarismo\/","title":{"rendered":"Projeto Trabalho sem Preconceito, do TRT-RN, re\u00fane especialistas para discutir Trabalho e Etarismo"},"content":{"rendered":"\n<figure class=\"wp-block-image size-large\"><img loading=\"lazy\" width=\"1024\" height=\"683\" src=\"https:\/\/justicapotiguar.com.br\/wp-content\/uploads\/2020\/11\/Costureira-vitima-de-doenca-ocupacional-consegue-indenizacao-na-Justica-do-Trabalho-do-RN-1024x683.jpg\" alt=\"\" class=\"wp-image-14317\" srcset=\"https:\/\/justicapotiguar.com.br\/wp-content\/uploads\/2020\/11\/Costureira-vitima-de-doenca-ocupacional-consegue-indenizacao-na-Justica-do-Trabalho-do-RN-1024x683.jpg 1024w, https:\/\/justicapotiguar.com.br\/wp-content\/uploads\/2020\/11\/Costureira-vitima-de-doenca-ocupacional-consegue-indenizacao-na-Justica-do-Trabalho-do-RN-300x200.jpg 300w, https:\/\/justicapotiguar.com.br\/wp-content\/uploads\/2020\/11\/Costureira-vitima-de-doenca-ocupacional-consegue-indenizacao-na-Justica-do-Trabalho-do-RN-768x512.jpg 768w, https:\/\/justicapotiguar.com.br\/wp-content\/uploads\/2020\/11\/Costureira-vitima-de-doenca-ocupacional-consegue-indenizacao-na-Justica-do-Trabalho-do-RN-1536x1024.jpg 1536w, https:\/\/justicapotiguar.com.br\/wp-content\/uploads\/2020\/11\/Costureira-vitima-de-doenca-ocupacional-consegue-indenizacao-na-Justica-do-Trabalho-do-RN-2048x1365.jpg 2048w\" sizes=\"(max-width: 1024px) 100vw, 1024px\" \/><figcaption>Ilustrativa<\/figcaption><\/figure>\n\n\n\n<p>A pesquisadora Fran\u00e7oise Dominique Val\u00e9ry e a procuradora do trabalho Izabel Christina de Queir\u00f3z Ramos debater\u00e3o, nesta quarta-feira (7), \u00e0s 18h, no audit\u00f3rio da Livraria Saraiva do Midway Mall, os aspectos legais, econ\u00f4micos, sociais e da exclus\u00e3o de homens e mulheres no mercado de trabalho em fun\u00e7\u00e3o do crit\u00e9rio de idade.<\/p>\n\n\n\n<p>O encontro ter\u00e1 media\u00e7\u00e3o de ju\u00edza auxiliar da presid\u00eancia do TRT-RN, Marcella Vilar e faz parte do projeto Trabalho sem Preconceito, desenvolvido pelo Comit\u00ea Gestor de Equidade de G\u00eanero, Ra\u00e7a e Diversidade do Tribunal Regional do Trabalho da 21\u00aa Regi\u00e3o (TRT-RN).<\/p>\n\n\n\n<p><strong>Palestrantes<\/strong><\/p>\n\n\n\n<p>Historiadora, antrop\u00f3loga, urbanista e graduada em Direito, Dominique Val\u00e9ry \u00e9 p\u00f3s-doutora e professora de gradua\u00e7\u00e3o e p\u00f3s-gradua\u00e7\u00e3o da UFRN. A pesquisadora lidera o grupo de pesquisa G\u00eanero, Meio Ambiente e Desenvolvimento (CNPq) e fundadora do N\u00facleo N\u00edsia Floresta de Estudos e Pesquisas sobre Mulher e Rela\u00e7\u00f5es de G\u00eanero (UFRN).<\/p><div class=\"grksx69ef1fabea2f0\" ><!--<a href=\"https:\/\/bit.ly\/3QdrqTZ\" target=\"_blank\">\n<img src=\"https:\/\/justicapotiguar.com.br\/wp-content\/uploads\/2023\/09\/mobile-geral.gif\"\/><a\/>--><\/div><style type=\"text\/css\">\r\n.grksx69ef1fabea2f0 {\r\ntext-align: center;\r\n}\r\n@media screen and (min-width: 1201px) {\r\n.grksx69ef1fabea2f0 {\r\ndisplay: none;\r\n}\r\n}\r\n@media screen and (min-width: 993px) and (max-width: 1200px) {\r\n.grksx69ef1fabea2f0 {\r\ndisplay: none;\r\n}\r\n}\r\n@media screen and (min-width: 769px) and (max-width: 992px) {\r\n.grksx69ef1fabea2f0 {\r\ndisplay: none;\r\n}\r\n}\r\n@media screen and (min-width: 768px) and (max-width: 768px) {\r\n.grksx69ef1fabea2f0 {\r\ndisplay: block;\r\n}\r\n}\r\n@media screen and (max-width: 767px) {\r\n.grksx69ef1fabea2f0 {\r\ndisplay: block;\r\n}\r\n}\r\n<\/style>\r\n<div class=\"pfbat69ef1fabea2d8\" ><!--<a href=\"https:\/\/bit.ly\/3QdrqTZ\" target=\"_blank\">\n<img src=\"https:\/\/justicapotiguar.com.br\/wp-content\/uploads\/2023\/09\/desktop-geral.gif\"\/><a\/>--><\/div><style type=\"text\/css\">\r\n.pfbat69ef1fabea2d8 {\r\ntext-align: center;\nmargin-bottom: 1em;\r\n}\r\n@media screen and (min-width: 1201px) {\r\n.pfbat69ef1fabea2d8 {\r\ndisplay: block;\r\n}\r\n}\r\n@media screen and (min-width: 993px) and (max-width: 1200px) {\r\n.pfbat69ef1fabea2d8 {\r\ndisplay: block;\r\n}\r\n}\r\n@media screen and (min-width: 769px) and (max-width: 992px) {\r\n.pfbat69ef1fabea2d8 {\r\ndisplay: block;\r\n}\r\n}\r\n@media screen and (min-width: 768px) and (max-width: 768px) {\r\n.pfbat69ef1fabea2d8 {\r\ndisplay: none;\r\n}\r\n}\r\n@media screen and (max-width: 767px) {\r\n.pfbat69ef1fabea2d8 {\r\ndisplay: none;\r\n}\r\n}\r\n<\/style>\r\n\n\n\n\n<p>J\u00e1 Izabel Queir\u00f3z Ramos \u00e9 Procuradora Regional do Trabalho da 21\u00aa Regi\u00e3o, mestre em Direito e doutoranda em Direito, publicou o livro A Negocia\u00e7\u00e3o Coletiva e a Efetividade do Direito Fundamental \u00e0 Igualdade (LTr) e integra a Coordenadoria Nacional de Promo\u00e7\u00e3o da Igualdade de Oportunidades e Elimina\u00e7\u00e3o da Discrimina\u00e7\u00e3o no Trabalho (Coordigualdade).<\/p>\n\n\n\n<p>A palestra tem entrada franca e dura\u00e7\u00e3o de uma hora. O p\u00fablico e os interessados podem fazer perguntas e tirar suas d\u00favidas com os expositores.&nbsp;<\/p>\n\n\n\n<p>O projeto Trabalho sem Preconceito \u00e9 uma iniciativa conjunta do Comit\u00ea Gestor de Equidade de G\u00eanero, Ra\u00e7a e Diversidade e da Coordenadoria de Comunica\u00e7\u00e3o Social do Tribunal Regional do Trabalho da 21\u00aa Regi\u00e3o (TRT-RN), realizado em parceria com o Minist\u00e9rio P\u00fablico do Trabalho, Ordem dos Advogados do Brasil, Universidade Federal do Rio Grande do Norte e Livraria Saraiva.<\/p>\n","protected":false},"excerpt":{"rendered":"<p>A pesquisadora Fran\u00e7oise Dominique Val\u00e9ry e a procuradora do trabalho Izabel Christina de Queir\u00f3z Ramos debater\u00e3o, nesta quarta-feira (7), \u00e0s 18h, no audit\u00f3rio da Livraria Saraiva do Midway Mall, os aspectos legais, econ\u00f4micos, sociais e da exclus\u00e3o de homens e mulheres no mercado de trabalho em fun\u00e7\u00e3o do crit\u00e9rio de idade. O encontro ter\u00e1 media\u00e7\u00e3o<br \/><a class=\"more-link\" href=\"https:\/\/justicapotiguar.com.br\/index.php\/2023\/06\/05\/projeto-trabalho-sem-preconceito-do-trt-rn-reune-especialistas-para-discutir-trabalho-e-etarismo\/\">Mais&#8230;<\/a><\/p>\n","protected":false},"author":5,"featured_media":0,"comment_status":"open","ping_status":"open","sticky":false,"template":"","format":"standard","meta":[],"categories":[1],"tags":[],"_links":{"self":[{"href":"https:\/\/justicapotiguar.com.br\/index.php\/wp-json\/wp\/v2\/posts\/32164"}],"collection":[{"href":"https:\/\/justicapotiguar.com.br\/index.php\/wp-json\/wp\/v2\/posts"}],"about":[{"href":"https:\/\/justicapotiguar.com.br\/index.php\/wp-json\/wp\/v2\/types\/post"}],"author":[{"embeddable":true,"href":"https:\/\/justicapotiguar.com.br\/index.php\/wp-json\/wp\/v2\/users\/5"}],"replies":[{"embeddable":true,"href":"https:\/\/justicapotiguar.com.br\/index.php\/wp-json\/wp\/v2\/comments?post=32164"}],"version-history":[{"count":1,"href":"https:\/\/justicapotiguar.com.br\/index.php\/wp-json\/wp\/v2\/posts\/32164\/revisions"}],"predecessor-version":[{"id":32165,"href":"https:\/\/justicapotiguar.com.br\/index.php\/wp-json\/wp\/v2\/posts\/32164\/revisions\/32165"}],"wp:attachment":[{"href":"https:\/\/justicapotiguar.com.br\/index.php\/wp-json\/wp\/v2\/media?parent=32164"}],"wp:term":[{"taxonomy":"category","embeddable":true,"href":"https:\/\/justicapotiguar.com.br\/index.php\/wp-json\/wp\/v2\/categories?post=32164"},{"taxonomy":"post_tag","embeddable":true,"href":"https:\/\/justicapotiguar.com.br\/index.php\/wp-json\/wp\/v2\/tags?post=32164"}],"curies":[{"name":"wp","href":"https:\/\/api.w.org\/{rel}","templated":true}]}}