{"id":32160,"date":"2023-06-05T09:49:00","date_gmt":"2023-06-05T12:49:00","guid":{"rendered":"https:\/\/justicapotiguar.com.br\/?p=32160"},"modified":"2023-06-05T08:36:42","modified_gmt":"2023-06-05T11:36:42","slug":"prisao-civil-nao-se-justifica-se-for-ineficaz-para-fazer-devedor-quitar-pensao-diz-stj","status":"publish","type":"post","link":"https:\/\/justicapotiguar.com.br\/index.php\/2023\/06\/05\/prisao-civil-nao-se-justifica-se-for-ineficaz-para-fazer-devedor-quitar-pensao-diz-stj\/","title":{"rendered":"Pris\u00e3o civil n\u00e3o se justifica se for ineficaz para fazer devedor quitar pens\u00e3o, diz STJ"},"content":{"rendered":"\n<p>A pris\u00e3o civil do devedor de pens\u00e3o aliment\u00edcia n\u00e3o \u00e9 uma puni\u00e7\u00e3o, mas uma forma de convenc\u00ea-lo a quitar a obriga\u00e7\u00e3o. Logo, ela n\u00e3o \u00e9 justific\u00e1vel se for ineficaz para compelir ao pagamento da d\u00edvida, inclusive nos casos em que o d\u00e9bito se avolumou de forma significativa.<ins><\/ins><\/p>\n\n\n\n<p>Com esse entendimento, e por maioria de votos, a 4\u00aa Turma do Superior Tribunal de Justi\u00e7a deu provimento a um recurso em Habeas Corpus para soltar um homem que, por dificuldades financeiras, hoje deve R$ 42,8 mil em pens\u00e3o.<\/p>\n\n\n\n<figure class=\"wp-block-image\"><img src=\"https:\/\/www.conjur.com.br\/img\/b\/carteira-dinheiro-171020121.jpeg\" alt=\"\"\/><figcaption>Pris\u00e3o pode impedir devedor de continuar fazendo os pagamentos regularmente<br><sup>iStockphotos<\/sup><\/figcaption><\/figure>\n\n\n\n<p>A pris\u00e3o civil foi pedida pela filha, representada pela m\u00e3e, para obrig\u00e1-lo a quitar a d\u00edvida. No Habeas Corpus, o pai alegou que passou por per\u00edodos de desemprego, nos quais n\u00e3o conseguiu honrar a d\u00edvida. Neles, fazia pagamentos parciais de acordo com suas possibilidades financeiras.<\/p>\n\n\n\n<p>Em janeiro do ano passado, o alvo do pedido de pris\u00e3o conseguiu emprego com carteira assinada e uma decis\u00e3o liminar para reduzir o valor da pens\u00e3o. Ele passou a receber R$ 1,8 mil por m\u00eas e a pagar R$ 496,85, descontados direto da folha de pagamento.<ins><\/ins><\/p>\n\n\n\n<p>Relator da mat\u00e9ria, o ministro Raul Araujo identificou que o calote n\u00e3o foi volunt\u00e1rio e inescus\u00e1vel, pois ficou comprovada a incapacidade financeira do pai de arcar com a pens\u00e3o da filha em sua totalidade. Atualmente, a obriga\u00e7\u00e3o vem sendo regularmente cumprida.<\/p><div class=\"rsvek69ef339177b65\" ><!--<a href=\"https:\/\/bit.ly\/3QdrqTZ\" target=\"_blank\">\n<img src=\"https:\/\/justicapotiguar.com.br\/wp-content\/uploads\/2023\/09\/mobile-geral.gif\"\/><a\/>--><\/div><style type=\"text\/css\">\r\n.rsvek69ef339177b65 {\r\ntext-align: center;\r\n}\r\n@media screen and (min-width: 1201px) {\r\n.rsvek69ef339177b65 {\r\ndisplay: none;\r\n}\r\n}\r\n@media screen and (min-width: 993px) and (max-width: 1200px) {\r\n.rsvek69ef339177b65 {\r\ndisplay: none;\r\n}\r\n}\r\n@media screen and (min-width: 769px) and (max-width: 992px) {\r\n.rsvek69ef339177b65 {\r\ndisplay: none;\r\n}\r\n}\r\n@media screen and (min-width: 768px) and (max-width: 768px) {\r\n.rsvek69ef339177b65 {\r\ndisplay: block;\r\n}\r\n}\r\n@media screen and (max-width: 767px) {\r\n.rsvek69ef339177b65 {\r\ndisplay: block;\r\n}\r\n}\r\n<\/style>\r\n<div class=\"ckbrn69ef339177b48\" ><!--<a href=\"https:\/\/bit.ly\/3QdrqTZ\" target=\"_blank\">\n<img src=\"https:\/\/justicapotiguar.com.br\/wp-content\/uploads\/2023\/09\/desktop-geral.gif\"\/><a\/>--><\/div><style type=\"text\/css\">\r\n.ckbrn69ef339177b48 {\r\ntext-align: center;\nmargin-bottom: 1em;\r\n}\r\n@media screen and (min-width: 1201px) {\r\n.ckbrn69ef339177b48 {\r\ndisplay: block;\r\n}\r\n}\r\n@media screen and (min-width: 993px) and (max-width: 1200px) {\r\n.ckbrn69ef339177b48 {\r\ndisplay: block;\r\n}\r\n}\r\n@media screen and (min-width: 769px) and (max-width: 992px) {\r\n.ckbrn69ef339177b48 {\r\ndisplay: block;\r\n}\r\n}\r\n@media screen and (min-width: 768px) and (max-width: 768px) {\r\n.ckbrn69ef339177b48 {\r\ndisplay: none;\r\n}\r\n}\r\n@media screen and (max-width: 767px) {\r\n.ckbrn69ef339177b48 {\r\ndisplay: none;\r\n}\r\n}\r\n<\/style>\r\n\n\n\n\n<p>&#8220;No contexto, a manuten\u00e7\u00e3o de sua pris\u00e3o civil, no atual momento, al\u00e9m de n\u00e3o se mostrar leg\u00edtima, tamb\u00e9m n\u00e3o parece ser o melhor caminho, inclusive para a pr\u00f3pria alimentada, ante a possibilidade de nova interrup\u00e7\u00e3o do pagamento, comprometendo o equil\u00edbrio finalmente alcan\u00e7ado entre as partes&#8221;, afirmou o ministro.<\/p>\n\n\n\n<p>Em sua an\u00e1lise, n\u00e3o h\u00e1 risco para a filha, nem urg\u00eancia na percep\u00e7\u00e3o da d\u00edvida acumulada. Isso, por\u00e9m, n\u00e3o significa negar a exist\u00eancia do valor, que ainda precisa ser pago. &#8220;Pode a cobran\u00e7a prosseguir por meio mais adequado, restrito \u00e0 disponibilidade patrimonial do devedor.&#8221;<\/p>\n\n\n\n<p>Votaram com o relator os ministros Isabel Gallotti, Marco Buzzi e Jo\u00e3o Ot\u00e1vio de Noronha. Abriu a diverg\u00eancia e ficou vencido o ministro Antonio Carlos Ferreira, para quem n\u00e3o h\u00e1 no Habeas Corpus provas robustas da incapacidade financeira do pai a justificar o afastamento da pris\u00e3o civil.<\/p>\n\n\n\n<p><strong>Clique&nbsp;<a href=\"https:\/\/www.conjur.com.br\/dl\/prisao-civil-nao-justifica-for-ineficaz.pdf\" target=\"_blank\" rel=\"noreferrer noopener\">aqui<\/a>&nbsp;para ler o ac\u00f3rd\u00e3o<br>RHC 176.091<\/strong><\/p>\n","protected":false},"excerpt":{"rendered":"<p>A pris\u00e3o civil do devedor de pens\u00e3o aliment\u00edcia n\u00e3o \u00e9 uma puni\u00e7\u00e3o, mas uma forma de convenc\u00ea-lo a quitar a obriga\u00e7\u00e3o. Logo, ela n\u00e3o \u00e9 justific\u00e1vel se for ineficaz para compelir ao pagamento da d\u00edvida, inclusive nos casos em que o d\u00e9bito se avolumou de forma significativa. Com esse entendimento, e por maioria de votos,<br \/><a class=\"more-link\" href=\"https:\/\/justicapotiguar.com.br\/index.php\/2023\/06\/05\/prisao-civil-nao-se-justifica-se-for-ineficaz-para-fazer-devedor-quitar-pensao-diz-stj\/\">Mais&#8230;<\/a><\/p>\n","protected":false},"author":5,"featured_media":0,"comment_status":"open","ping_status":"open","sticky":false,"template":"","format":"standard","meta":[],"categories":[1],"tags":[],"_links":{"self":[{"href":"https:\/\/justicapotiguar.com.br\/index.php\/wp-json\/wp\/v2\/posts\/32160"}],"collection":[{"href":"https:\/\/justicapotiguar.com.br\/index.php\/wp-json\/wp\/v2\/posts"}],"about":[{"href":"https:\/\/justicapotiguar.com.br\/index.php\/wp-json\/wp\/v2\/types\/post"}],"author":[{"embeddable":true,"href":"https:\/\/justicapotiguar.com.br\/index.php\/wp-json\/wp\/v2\/users\/5"}],"replies":[{"embeddable":true,"href":"https:\/\/justicapotiguar.com.br\/index.php\/wp-json\/wp\/v2\/comments?post=32160"}],"version-history":[{"count":1,"href":"https:\/\/justicapotiguar.com.br\/index.php\/wp-json\/wp\/v2\/posts\/32160\/revisions"}],"predecessor-version":[{"id":32161,"href":"https:\/\/justicapotiguar.com.br\/index.php\/wp-json\/wp\/v2\/posts\/32160\/revisions\/32161"}],"wp:attachment":[{"href":"https:\/\/justicapotiguar.com.br\/index.php\/wp-json\/wp\/v2\/media?parent=32160"}],"wp:term":[{"taxonomy":"category","embeddable":true,"href":"https:\/\/justicapotiguar.com.br\/index.php\/wp-json\/wp\/v2\/categories?post=32160"},{"taxonomy":"post_tag","embeddable":true,"href":"https:\/\/justicapotiguar.com.br\/index.php\/wp-json\/wp\/v2\/tags?post=32160"}],"curies":[{"name":"wp","href":"https:\/\/api.w.org\/{rel}","templated":true}]}}