{"id":3216,"date":"2019-10-18T14:17:35","date_gmt":"2019-10-18T17:17:35","guid":{"rendered":"https:\/\/justicapotiguar.com.br\/?p=3216"},"modified":"2019-10-18T16:40:44","modified_gmt":"2019-10-18T19:40:44","slug":"google-facebook-twitter-e-whatsapp-vao-aderir-ao-programa-de-enfrentamento-a-desinformacao-do-tse","status":"publish","type":"post","link":"https:\/\/justicapotiguar.com.br\/index.php\/2019\/10\/18\/google-facebook-twitter-e-whatsapp-vao-aderir-ao-programa-de-enfrentamento-a-desinformacao-do-tse\/","title":{"rendered":"Google, Facebook, Twitter e WhatsApp v\u00e3o aderir ao Programa de Enfrentamento \u00e0 Desinforma\u00e7\u00e3o do TSE"},"content":{"rendered":"\n<figure class=\"wp-block-image\"><img loading=\"lazy\" width=\"543\" height=\"263\" src=\"https:\/\/justicapotiguar.com.br\/wp-content\/uploads\/2019\/10\/image001-2.jpg\" alt=\"\" class=\"wp-image-3217\" srcset=\"https:\/\/justicapotiguar.com.br\/wp-content\/uploads\/2019\/10\/image001-2.jpg 543w, https:\/\/justicapotiguar.com.br\/wp-content\/uploads\/2019\/10\/image001-2-300x145.jpg 300w\" sizes=\"(max-width: 543px) 100vw, 543px\" \/><figcaption>Divulga\u00e7\u00e3o<\/figcaption><\/figure>\n\n\n\n<p>O Programa de Enfrentamento \u00e0 Desinforma\u00e7\u00e3o com Foco nas Elei\u00e7\u00f5es 2020 do Tribunal Superior Eleitoral (TSE) ganhar\u00e1 o refor\u00e7o das quatro principais plataformas de m\u00eddia social e de servi\u00e7o de mensagens do mundo: Google, Facebook, Twitter e WhatsApp. A ades\u00e3o ao programa acontecer\u00e1 na pr\u00f3xima ter\u00e7a-feira (22), \u00e0s 18h15, no Gabinete da Presid\u00eancia do Tribunal, em Bras\u00edlia, e contar\u00e1 com a presen\u00e7a da presidente da Corte, ministra Rosa Weber.<\/p>\n\n\n\n<p>Com as novas ades\u00f5es, o programa passar\u00e1 a contar com 40 institui\u00e7\u00f5es parceiras no desenvolvimento e execu\u00e7\u00e3o de a\u00e7\u00f5es conjuntas capazes de reduzir os efeitos negativos que a desinforma\u00e7\u00e3o pode causar no trato de temas que dizem respeito \u00e0 Justi\u00e7a Eleitoral e \u00e0s elei\u00e7\u00f5es, como o sistema eletr\u00f4nico de vota\u00e7\u00e3o.<\/p>\n\n\n\n<p>As plataformas digitais se encaixam em v\u00e1rios dos eixos tem\u00e1ticos que orientam o programa, tais como: \u201cAlfabetiza\u00e7\u00e3o Midi\u00e1tica e Informacional\u201d, que tem o objetivo de capacitar as pessoas para identificar e checar uma desinforma\u00e7\u00e3o; \u201cConten\u00e7\u00e3o \u00e0 Desinforma\u00e7\u00e3o\u201d, que visa \u00e0 institui\u00e7\u00e3o de medidas concretas para desestimular a\u00e7\u00f5es de prolifera\u00e7\u00e3o de informa\u00e7\u00f5es falsas; e \u201cIdentifica\u00e7\u00e3o e Checagem de Desinforma\u00e7\u00e3o\u201d, que busca o aperfei\u00e7oamento de m\u00e9todos de identifica\u00e7\u00e3o de poss\u00edveis pr\u00e1ticas de dissemina\u00e7\u00e3o de conte\u00fados falaciosos.<\/p>\n\n\n\n<p>O juiz auxiliar da Presid\u00eancia do TSE e coordenador do grupo gestor do programa, Ricardo Fioreze, destaca a import\u00e2ncia da participa\u00e7\u00e3o dessas plataformas na cruzada \u201ccontra um fen\u00f4meno que vem sendo potencializado pelo uso da internet, j\u00e1 que os aplicativos mais utilizados para o tr\u00e1fego de informa\u00e7\u00f5es tamb\u00e9m s\u00e3o usados para disseminar a desinforma\u00e7\u00e3o\u201d.<\/p>\n\n\n\n<p>Ricardo Fioreze ressalta que as plataformas est\u00e3o atentas ao fen\u00f4meno e j\u00e1 v\u00eam adotando medidas concretas de combate \u00e0 desinforma\u00e7\u00e3o, por meio da educa\u00e7\u00e3o midi\u00e1tica e do desenvolvimento de novas ferramentas tecnol\u00f3gicas. Para ele, a ades\u00e3o permitir\u00e1 um importante compartilhamento de material educativo entre as partes, al\u00e9m de novas ferramentas para o impulsionamento de informa\u00e7\u00f5es verdadeiras e esclarecimentos sobre a atua\u00e7\u00e3o da Justi\u00e7a Eleitoral, como, por exemplo, o funcionamento e dispositivos de seguran\u00e7a das urnas eletr\u00f4nicas.<\/p>\n\n\n\n<p><strong>Parcerias<\/strong><\/p>\n\n\n\n<p>O programa foi institu\u00eddo pela Presid\u00eancia do TSE para combater os efeitos negativos provocados pela desinforma\u00e7\u00e3o no processo eleitoral brasileiro e com foco nas Elei\u00e7\u00f5es Municipais de 2020. Atualmente, a iniciativa conta com 36 institui\u00e7\u00f5es parceiras, entre partidos pol\u00edticos e entidades p\u00fablicas e privadas.<\/p>\n\n\n\n<p>Ao lan\u00e7ar o programa, no dia 30 de agosto deste ano, a presidente do TSE, ministra Rosa Weber, afirmou que o enfrentamento \u00e0 desinforma\u00e7\u00e3o exige a ado\u00e7\u00e3o de a\u00e7\u00f5es de curto, m\u00e9dio e longo prazos, apoiadas em diversas \u00e1reas do conhecimento humano.<\/p>\n\n\n\n<p>O programa recebeu a ades\u00e3o de segmentos da imprensa, das telecomunica\u00e7\u00f5es, da tecnologia da informa\u00e7\u00e3o, de provedores de internet, de ag\u00eancias de checagem e de partidos pol\u00edticos, entre outros.<\/p>\n\n\n\n<p>Confira abaixo a lista das institui\u00e7\u00f5es que j\u00e1 assinaram o termo de ades\u00e3o:<\/p>\n\n\n\n<p>1. Associa\u00e7\u00e3o Brasileira de Emissoras de R\u00e1dio e Televis\u00e3o (Abert)<\/p>\n\n\n\n<p>2. Associa\u00e7\u00e3o Brasileira de Imprensa (ABI)<\/p>\n\n\n\n<p>3. Associa\u00e7\u00e3o Brasileira de Internet (Abranet)<\/p>\n\n\n\n<p>4. Associa\u00e7\u00e3o Brasileira de R\u00e1dio e Televis\u00e3o (Abratel)<\/p>\n\n\n\n<p>5. Associa\u00e7\u00e3o Brasileira de Provedores de Internet e Telecomunica\u00e7\u00f5es (Abrint)<\/p>\n\n\n\n<p>6. Associa\u00e7\u00e3o Nacional dos Jornais (ANJ)<\/p>\n\n\n\n<p>7. Ag\u00eancia Aos Fatos<\/p>\n\n\n\n<p>8. Associa\u00e7\u00e3o Acredito<\/p>\n\n\n\n<p>9. Associa\u00e7\u00e3o Brasileira das Ag\u00eancias de Comunica\u00e7\u00e3o (Abracom)<\/p>\n\n\n\n<p>10. Associa\u00e7\u00e3o InternetLab de Pesquisa em Direito e Tecnologia<\/p>\n\n\n\n<p>11. Boatos.org<\/p>\n\n\n\n<p>12. Conselho Gestor da Internet (CGI.br)<\/p>\n\n\n\n<p>13. Instituto Palavra Aberta<\/p><div class=\"xxjrn69f3852bf12bb\" ><!--<a href=\"https:\/\/bit.ly\/3QdrqTZ\" target=\"_blank\">\n<img src=\"https:\/\/justicapotiguar.com.br\/wp-content\/uploads\/2023\/09\/mobile-geral.gif\"\/><a\/>--><\/div><style type=\"text\/css\">\r\n.xxjrn69f3852bf12bb {\r\ntext-align: center;\r\n}\r\n@media screen and (min-width: 1201px) {\r\n.xxjrn69f3852bf12bb {\r\ndisplay: none;\r\n}\r\n}\r\n@media screen and (min-width: 993px) and (max-width: 1200px) {\r\n.xxjrn69f3852bf12bb {\r\ndisplay: none;\r\n}\r\n}\r\n@media screen and (min-width: 769px) and (max-width: 992px) {\r\n.xxjrn69f3852bf12bb {\r\ndisplay: none;\r\n}\r\n}\r\n@media screen and (min-width: 768px) and (max-width: 768px) {\r\n.xxjrn69f3852bf12bb {\r\ndisplay: block;\r\n}\r\n}\r\n@media screen and (max-width: 767px) {\r\n.xxjrn69f3852bf12bb {\r\ndisplay: block;\r\n}\r\n}\r\n<\/style>\r\n<div class=\"gwvrc69f3852bf1299\" ><!--<a href=\"https:\/\/bit.ly\/3QdrqTZ\" target=\"_blank\">\n<img src=\"https:\/\/justicapotiguar.com.br\/wp-content\/uploads\/2023\/09\/desktop-geral.gif\"\/><a\/>--><\/div><style type=\"text\/css\">\r\n.gwvrc69f3852bf1299 {\r\ntext-align: center;\nmargin-bottom: 1em;\r\n}\r\n@media screen and (min-width: 1201px) {\r\n.gwvrc69f3852bf1299 {\r\ndisplay: block;\r\n}\r\n}\r\n@media screen and (min-width: 993px) and (max-width: 1200px) {\r\n.gwvrc69f3852bf1299 {\r\ndisplay: block;\r\n}\r\n}\r\n@media screen and (min-width: 769px) and (max-width: 992px) {\r\n.gwvrc69f3852bf1299 {\r\ndisplay: block;\r\n}\r\n}\r\n@media screen and (min-width: 768px) and (max-width: 768px) {\r\n.gwvrc69f3852bf1299 {\r\ndisplay: none;\r\n}\r\n}\r\n@media screen and (max-width: 767px) {\r\n.gwvrc69f3852bf1299 {\r\ndisplay: none;\r\n}\r\n}\r\n<\/style>\r\n\n\n\n\n<p>14. Instituto Update<\/p>\n\n\n\n<p>15. Minist\u00e9rio da Justi\u00e7a e Seguran\u00e7a P\u00fablica<\/p>\n\n\n\n<p>16. Minist\u00e9rio P\u00fablico Federal<\/p>\n\n\n\n<p>17. Conselho Federal da Ordem dos Advogados do Brasil<\/p>\n\n\n\n<p>18. Partido Avante<\/p>\n\n\n\n<p>19. Partido Comunista do Brasil (PCdoB)<\/p>\n\n\n\n<p>20. Partido Democracia Crist\u00e3 (DC)<\/p>\n\n\n\n<p>21. Partido Democratas (DEM)<\/p>\n\n\n\n<p>22. Partido Renovador Trabalhista Brasileiro (PRTB)<\/p>\n\n\n\n<p>23. Partido Solidariedade<\/p>\n\n\n\n<p>24. Partido Progressistas (PP)<\/p>\n\n\n\n<p>25. Partido Republicanos<\/p>\n\n\n\n<p>26. Partido Trabalhista Brasileiro (PTB)<\/p>\n\n\n\n<p>27. Politize!<\/p>\n\n\n\n<p>28. Safernet Brasil<\/p>\n\n\n\n<p>29. Sociedade Brasileira de Computa\u00e7\u00e3o (SBC)<\/p>\n\n\n\n<p>30. Secretaria Executiva do Comit\u00ea Nacional do Movimento de Combate \u00e0 Corrup\u00e7\u00e3o Eleitoral<\/p>\n\n\n\n<p>31. Ag\u00eancia Lupa<\/p>\n\n\n\n<p>32. Partido Social Crist\u00e3o (PSC)<\/p>\n\n\n\n<p>33. Partido Podemos (Pode)<\/p>\n\n\n\n<p>34. Partido Democr\u00e1tico Trabalhista (PDT)<\/p>\n\n\n\n<p>35. Gabinete de Seguran\u00e7a Institucional da Presid\u00eancia da Rep\u00fablica<\/p>\n\n\n\n<p>36. Instituto N\u00e3o Aceito Corrup\u00e7\u00e3o<\/p>\n","protected":false},"excerpt":{"rendered":"<p>O Programa de Enfrentamento \u00e0 Desinforma\u00e7\u00e3o com Foco nas Elei\u00e7\u00f5es 2020 do Tribunal Superior Eleitoral (TSE) ganhar\u00e1 o refor\u00e7o das quatro principais plataformas de m\u00eddia social e de servi\u00e7o de mensagens do mundo: Google, Facebook, Twitter e WhatsApp. A ades\u00e3o ao programa acontecer\u00e1 na pr\u00f3xima ter\u00e7a-feira (22), \u00e0s 18h15, no Gabinete da Presid\u00eancia do Tribunal,<br \/><a class=\"more-link\" href=\"https:\/\/justicapotiguar.com.br\/index.php\/2019\/10\/18\/google-facebook-twitter-e-whatsapp-vao-aderir-ao-programa-de-enfrentamento-a-desinformacao-do-tse\/\">Mais&#8230;<\/a><\/p>\n","protected":false},"author":5,"featured_media":612,"comment_status":"open","ping_status":"open","sticky":false,"template":"","format":"standard","meta":[],"categories":[3],"tags":[],"_links":{"self":[{"href":"https:\/\/justicapotiguar.com.br\/index.php\/wp-json\/wp\/v2\/posts\/3216"}],"collection":[{"href":"https:\/\/justicapotiguar.com.br\/index.php\/wp-json\/wp\/v2\/posts"}],"about":[{"href":"https:\/\/justicapotiguar.com.br\/index.php\/wp-json\/wp\/v2\/types\/post"}],"author":[{"embeddable":true,"href":"https:\/\/justicapotiguar.com.br\/index.php\/wp-json\/wp\/v2\/users\/5"}],"replies":[{"embeddable":true,"href":"https:\/\/justicapotiguar.com.br\/index.php\/wp-json\/wp\/v2\/comments?post=3216"}],"version-history":[{"count":1,"href":"https:\/\/justicapotiguar.com.br\/index.php\/wp-json\/wp\/v2\/posts\/3216\/revisions"}],"predecessor-version":[{"id":3218,"href":"https:\/\/justicapotiguar.com.br\/index.php\/wp-json\/wp\/v2\/posts\/3216\/revisions\/3218"}],"wp:featuredmedia":[{"embeddable":true,"href":"https:\/\/justicapotiguar.com.br\/index.php\/wp-json\/wp\/v2\/media\/612"}],"wp:attachment":[{"href":"https:\/\/justicapotiguar.com.br\/index.php\/wp-json\/wp\/v2\/media?parent=3216"}],"wp:term":[{"taxonomy":"category","embeddable":true,"href":"https:\/\/justicapotiguar.com.br\/index.php\/wp-json\/wp\/v2\/categories?post=3216"},{"taxonomy":"post_tag","embeddable":true,"href":"https:\/\/justicapotiguar.com.br\/index.php\/wp-json\/wp\/v2\/tags?post=3216"}],"curies":[{"name":"wp","href":"https:\/\/api.w.org\/{rel}","templated":true}]}}