{"id":32158,"date":"2023-06-04T11:42:00","date_gmt":"2023-06-04T14:42:00","guid":{"rendered":"https:\/\/justicapotiguar.com.br\/?p=32158"},"modified":"2023-06-03T23:43:35","modified_gmt":"2023-06-04T02:43:35","slug":"tst-vendedor-recebera-horas-extras-por-trabalho-interno-apos-jornada","status":"publish","type":"post","link":"https:\/\/justicapotiguar.com.br\/index.php\/2023\/06\/04\/tst-vendedor-recebera-horas-extras-por-trabalho-interno-apos-jornada\/","title":{"rendered":"TST: Vendedor receber\u00e1 horas extras por trabalho interno ap\u00f3s jornada"},"content":{"rendered":"\n<p>A SDI-1 do TST decidiu que um vendedor de bebidas receber\u00e1 horas extras pelo tempo de servi\u00e7o despendido ap\u00f3s jornada com tarefas burocr\u00e1ticas no centro de vendas de uma empresa em Jabot\u00e3o dos Guararapes\/PE.<\/p>\n\n\n\n<p>Segundo o colegiado, no per\u00edodo p\u00f3s-jornada, o funcion\u00e1rio n\u00e3o realizava vendas, devendo ser afastada a aplica\u00e7\u00e3o da jurisprud\u00eancia do TST de que as horas seriam remuneradas apenas com o adicional.&nbsp;<\/p>\n\n\n\n<p><strong>Base de c\u00e1lculo<\/strong><\/p>\n\n\n\n<p>O empregado era comissionista misto, ou seja, sua remunera\u00e7\u00e3o era composta por um sal\u00e1rio fixo e por outras comiss\u00f5es relacionadas \u00e0s vendas. Na reclama\u00e7\u00e3o trabalhista, ele questionou a base de c\u00e1lculo sobre a qual recebia as horas extras.<\/p>\n\n\n\n<p>Segundo ele, as vendas somente ocorriam durante a visita dos clientes. Enquanto, ap\u00f3s a jornada, o trabalho interno n\u00e3o resultava em aumento da parte vari\u00e1vel, sendo devidas, assim, horas extras.<\/p>\n\n\n\n<p>As testemunhas ouvidas confirmaram que os vendedores tinham de comparecer diariamente na sede da empresa, no in\u00edcio e no fim do dia, para atividades internas e reuni\u00f5es. Corroboraram, tamb\u00e9m, a jornada alegada pelo vendedor.<\/p>\n\n\n\n<p>Com base nessas informa\u00e7\u00f5es, o ju\u00edzo de 1\u00ba grau deferiu as horas extras al\u00e9m das 44 semanais e, por serem habituais, concluiu que elas repercutem, tamb\u00e9m, nas demais parcelas, como o aviso-pr\u00e9vio, abono de f\u00e9rias, 13\u00ba sal\u00e1rio, FGTS, etc.<\/p>\n\n\n\n<figure class=\"wp-block-image\"><img src=\"\" alt=\"\"\/><\/figure>\n\n\n\n<figure class=\"wp-block-image\"><img src=\"https:\/\/img2-migalhas-com-br.cdn.ampproject.org\/ii\/F2\/s\/img2.migalhas.com.br\/_MEDPROC_\/https__img.migalhas.com.br__SL__gf_base__SL__empresas__SL__MIGA__SL__imagens__SL__2023__SL__05__SL__31__SL__d4ba4958-1b88-4114-a013-69edd658477d.jpg._PROC_CP65.jpg\" alt=\"\"\/><figcaption>Freepik<\/figcaption><\/figure>\n\n\n\n<p><\/p>\n\n\n\n<p><strong>Adicional<\/strong><\/p><div class=\"vdkeu69ef1ff0a9941\" ><!--<a href=\"https:\/\/bit.ly\/3QdrqTZ\" target=\"_blank\">\n<img src=\"https:\/\/justicapotiguar.com.br\/wp-content\/uploads\/2023\/09\/mobile-geral.gif\"\/><a\/>--><\/div><style type=\"text\/css\">\r\n.vdkeu69ef1ff0a9941 {\r\ntext-align: center;\r\n}\r\n@media screen and (min-width: 1201px) {\r\n.vdkeu69ef1ff0a9941 {\r\ndisplay: none;\r\n}\r\n}\r\n@media screen and (min-width: 993px) and (max-width: 1200px) {\r\n.vdkeu69ef1ff0a9941 {\r\ndisplay: none;\r\n}\r\n}\r\n@media screen and (min-width: 769px) and (max-width: 992px) {\r\n.vdkeu69ef1ff0a9941 {\r\ndisplay: none;\r\n}\r\n}\r\n@media screen and (min-width: 768px) and (max-width: 768px) {\r\n.vdkeu69ef1ff0a9941 {\r\ndisplay: block;\r\n}\r\n}\r\n@media screen and (max-width: 767px) {\r\n.vdkeu69ef1ff0a9941 {\r\ndisplay: block;\r\n}\r\n}\r\n<\/style>\r\n<div class=\"efjxj69ef1ff0a992d\" ><!--<a href=\"https:\/\/bit.ly\/3QdrqTZ\" target=\"_blank\">\n<img src=\"https:\/\/justicapotiguar.com.br\/wp-content\/uploads\/2023\/09\/desktop-geral.gif\"\/><a\/>--><\/div><style type=\"text\/css\">\r\n.efjxj69ef1ff0a992d {\r\ntext-align: center;\nmargin-bottom: 1em;\r\n}\r\n@media screen and (min-width: 1201px) {\r\n.efjxj69ef1ff0a992d {\r\ndisplay: block;\r\n}\r\n}\r\n@media screen and (min-width: 993px) and (max-width: 1200px) {\r\n.efjxj69ef1ff0a992d {\r\ndisplay: block;\r\n}\r\n}\r\n@media screen and (min-width: 769px) and (max-width: 992px) {\r\n.efjxj69ef1ff0a992d {\r\ndisplay: block;\r\n}\r\n}\r\n@media screen and (min-width: 768px) and (max-width: 768px) {\r\n.efjxj69ef1ff0a992d {\r\ndisplay: none;\r\n}\r\n}\r\n@media screen and (max-width: 767px) {\r\n.efjxj69ef1ff0a992d {\r\ndisplay: none;\r\n}\r\n}\r\n<\/style>\r\n\n\n\n\n<p>Para o TRT da 6\u00aa regi\u00e3o, por\u00e9m, as atividades realizadas internamente pelo vendedor, antes e depois do seu retorno \u00e0 sede da empresa, estariam cobertas pelo sal\u00e1rio fixo e pelas comiss\u00f5es decorrentes das vendas. Por esse entendimento, era irrelevante distinguir entre o per\u00edodo em que eram realizadas vendas ou n\u00e3o.<\/p>\n\n\n\n<p>A decis\u00e3o foi mantida pela 8\u00aa turma do TST, que aplicou ao caso a s\u00famula&nbsp;<a href=\"https:\/\/www.migalhas.com.br\/arquivos\/2023\/5\/29837DD55F3FE5_file(3).pdf\" target=\"_blank\" rel=\"noreferrer noopener\">340<\/a>&nbsp;do TST, segundo a qual o empregado sujeito a controle de hor\u00e1rio e remunerado \u00e0 base de comiss\u00f5es tem direito apenas ao adicional de horas extras, calculado sobre o valor-hora das comiss\u00f5es recebidas no m\u00eas.<\/p>\n\n\n\n<p><strong>Conceito de venda<\/strong><\/p>\n\n\n\n<p>O relator dos embargos do vendedor \u00e0 SDI-1, ministro Jos\u00e9 Roberto Pimenta, explicou que, nos termos da s\u00famula&nbsp;<a href=\"https:\/\/www.migalhas.com.br\/arquivos\/2023\/5\/29837DD55F3FE5_file(3).pdf\" target=\"_blank\" rel=\"noreferrer noopener\">340<\/a>, no momento em que o vendedor comissionista est\u00e1 em jornada extraordin\u00e1ria executando a venda, a remunera\u00e7\u00e3o da hora de trabalho, de forma simples, j\u00e1 est\u00e1 abrangida pelas comiss\u00f5es. Por isso, ele tem direito apenas ao adicional respectivo.<\/p>\n\n\n\n<p>No caso, ficou demonstrado que o vendedor n\u00e3o fazia vendas no per\u00edodo de horas extras. Nesse contexto, a jurisprud\u00eancia do TST considera que esses trabalhos burocr\u00e1ticos realizados antes ou depois da jornada habitual n\u00e3o s\u00e3o abrangidos pela atividade de vendas, a hora extra, com a realiza\u00e7\u00e3o de atividades internas, n\u00e3o caracterizadas como vendas, deve ser remunerada com valor da hora integral acrescido do adicional, e n\u00e3o apenas com o pagamento do adicional, como prev\u00ea a s\u00famula.<\/p>\n\n\n\n<p>Para o ministro, as tarefas internas (preparat\u00f3rias, de p\u00f3s-venda, participa\u00e7\u00e3o em reuni\u00f5es na empresa ou prepara\u00e7\u00e3o de relat\u00f3rios ou registros cont\u00e1beis) podem ser desempenhadas por qualquer outro empregado e n\u00e3o est\u00e3o inclu\u00eddas no conceito de venda, que \u00e9 a tarefa central do empregado vendedor.<\/p>\n\n\n\n<p>Incluir essas tarefas nesse conceito, na opini\u00e3o do relator, \u00e9 impedir que os vendedores externos tenham a jornada extraordin\u00e1ria remunerada com o pagamento da hora integral mais o adicional respectivo.<\/p>\n\n\n\n<ul><li>Processo:&nbsp;<a href=\"https:\/\/consultaprocessual.tst.jus.br\/consultaprocessual\/consultatstnumunica.do?consulta=consultar&amp;conscsjt=&amp;numerotst=599&amp;digitotst=17&amp;anotst=2014&amp;orgaotst=5&amp;tribunaltst=06&amp;varatst=0143&amp;submit=consultar\" rel=\"noreferrer noopener\" target=\"_blank\">ARR-599-17.2014.5.06.0143<\/a><\/li><\/ul>\n\n\n\n<p>Leia o&nbsp;<a href=\"https:\/\/www.migalhas.com.br\/arquivos\/2023\/5\/198751335CE27C_E-ED-ARR-599-17_2014_5_06_0143.pdf\" target=\"_blank\" rel=\"noreferrer noopener\">ac\u00f3rd\u00e3o<\/a>.<\/p>\n\n\n\n<p><em>Informa\u00e7\u00f5es: TST.<\/em><\/p>\n","protected":false},"excerpt":{"rendered":"<p>A SDI-1 do TST decidiu que um vendedor de bebidas receber\u00e1 horas extras pelo tempo de servi\u00e7o despendido ap\u00f3s jornada com tarefas burocr\u00e1ticas no centro de vendas de uma empresa em Jabot\u00e3o dos Guararapes\/PE. Segundo o colegiado, no per\u00edodo p\u00f3s-jornada, o funcion\u00e1rio n\u00e3o realizava vendas, devendo ser afastada a aplica\u00e7\u00e3o da jurisprud\u00eancia do TST de<br \/><a class=\"more-link\" href=\"https:\/\/justicapotiguar.com.br\/index.php\/2023\/06\/04\/tst-vendedor-recebera-horas-extras-por-trabalho-interno-apos-jornada\/\">Mais&#8230;<\/a><\/p>\n","protected":false},"author":5,"featured_media":0,"comment_status":"open","ping_status":"open","sticky":false,"template":"","format":"standard","meta":[],"categories":[1],"tags":[],"_links":{"self":[{"href":"https:\/\/justicapotiguar.com.br\/index.php\/wp-json\/wp\/v2\/posts\/32158"}],"collection":[{"href":"https:\/\/justicapotiguar.com.br\/index.php\/wp-json\/wp\/v2\/posts"}],"about":[{"href":"https:\/\/justicapotiguar.com.br\/index.php\/wp-json\/wp\/v2\/types\/post"}],"author":[{"embeddable":true,"href":"https:\/\/justicapotiguar.com.br\/index.php\/wp-json\/wp\/v2\/users\/5"}],"replies":[{"embeddable":true,"href":"https:\/\/justicapotiguar.com.br\/index.php\/wp-json\/wp\/v2\/comments?post=32158"}],"version-history":[{"count":1,"href":"https:\/\/justicapotiguar.com.br\/index.php\/wp-json\/wp\/v2\/posts\/32158\/revisions"}],"predecessor-version":[{"id":32159,"href":"https:\/\/justicapotiguar.com.br\/index.php\/wp-json\/wp\/v2\/posts\/32158\/revisions\/32159"}],"wp:attachment":[{"href":"https:\/\/justicapotiguar.com.br\/index.php\/wp-json\/wp\/v2\/media?parent=32158"}],"wp:term":[{"taxonomy":"category","embeddable":true,"href":"https:\/\/justicapotiguar.com.br\/index.php\/wp-json\/wp\/v2\/categories?post=32158"},{"taxonomy":"post_tag","embeddable":true,"href":"https:\/\/justicapotiguar.com.br\/index.php\/wp-json\/wp\/v2\/tags?post=32158"}],"curies":[{"name":"wp","href":"https:\/\/api.w.org\/{rel}","templated":true}]}}