{"id":3211,"date":"2019-10-18T13:00:35","date_gmt":"2019-10-18T16:00:35","guid":{"rendered":"https:\/\/justicapotiguar.com.br\/?p=3211"},"modified":"2019-10-18T10:07:18","modified_gmt":"2019-10-18T13:07:18","slug":"especialistas-debatem-reforma-fiscal-e-tributacao-em-evento-na-ufrn","status":"publish","type":"post","link":"https:\/\/justicapotiguar.com.br\/index.php\/2019\/10\/18\/especialistas-debatem-reforma-fiscal-e-tributacao-em-evento-na-ufrn\/","title":{"rendered":"Especialistas debatem reforma fiscal e tributa\u00e7\u00e3o em evento na UFRN"},"content":{"rendered":"\n<figure class=\"wp-block-image\"><img loading=\"lazy\" width=\"885\" height=\"1024\" src=\"https:\/\/justicapotiguar.com.br\/wp-content\/uploads\/2019\/10\/unnamed-1-1-885x1024.jpg\" alt=\"\" class=\"wp-image-3142\" srcset=\"https:\/\/justicapotiguar.com.br\/wp-content\/uploads\/2019\/10\/unnamed-1-1-885x1024.jpg 885w, https:\/\/justicapotiguar.com.br\/wp-content\/uploads\/2019\/10\/unnamed-1-1-259x300.jpg 259w, https:\/\/justicapotiguar.com.br\/wp-content\/uploads\/2019\/10\/unnamed-1-1-768x888.jpg 768w, https:\/\/justicapotiguar.com.br\/wp-content\/uploads\/2019\/10\/unnamed-1-1.jpg 1033w\" sizes=\"(max-width: 885px) 100vw, 885px\" \/><\/figure>\n\n\n\n<p>O Centro de Ci\u00eancias Sociais Aplicadas da UFRN recebe, nesta sexta-feira (18), no Audit\u00f3rio do NEPSA 1, a partir das 15h30, o semin\u00e1rio &#8220;Direito Tribut\u00e1rio Atual&#8221;, que discute, entre outros assuntos, a &#8220;reforma fiscal&#8221;, um assunto bastante comentado em todo o pa\u00eds, dada a sua import\u00e2ncia.<\/p>\n\n\n\n<p>Sob o comando dos professores doutores do Departamento de Direito P\u00fablico da UFRN, Andr\u00e9 Elali e Vladimir da Rocha Fran\u00e7a, coordenadores do evento, alguns dos maiores nomes do Direito Tribut\u00e1rio Brasileiro trar\u00e3o um vasto e rico conte\u00fado que dever\u00e1 contribuir para forma\u00e7\u00e3o e atualiza\u00e7\u00e3o de estudantes e profissionais do direito no Estado.<\/p><div class=\"zryce69f397ef240d4\" ><!--<a href=\"https:\/\/bit.ly\/3QdrqTZ\" target=\"_blank\">\n<img src=\"https:\/\/justicapotiguar.com.br\/wp-content\/uploads\/2023\/09\/mobile-geral.gif\"\/><a\/>--><\/div><style type=\"text\/css\">\r\n.zryce69f397ef240d4 {\r\ntext-align: center;\r\n}\r\n@media screen and (min-width: 1201px) {\r\n.zryce69f397ef240d4 {\r\ndisplay: none;\r\n}\r\n}\r\n@media screen and (min-width: 993px) and (max-width: 1200px) {\r\n.zryce69f397ef240d4 {\r\ndisplay: none;\r\n}\r\n}\r\n@media screen and (min-width: 769px) and (max-width: 992px) {\r\n.zryce69f397ef240d4 {\r\ndisplay: none;\r\n}\r\n}\r\n@media screen and (min-width: 768px) and (max-width: 768px) {\r\n.zryce69f397ef240d4 {\r\ndisplay: block;\r\n}\r\n}\r\n@media screen and (max-width: 767px) {\r\n.zryce69f397ef240d4 {\r\ndisplay: block;\r\n}\r\n}\r\n<\/style>\r\n<div class=\"nvnoa69f397ef240b8\" ><!--<a href=\"https:\/\/bit.ly\/3QdrqTZ\" target=\"_blank\">\n<img src=\"https:\/\/justicapotiguar.com.br\/wp-content\/uploads\/2023\/09\/desktop-geral.gif\"\/><a\/>--><\/div><style type=\"text\/css\">\r\n.nvnoa69f397ef240b8 {\r\ntext-align: center;\nmargin-bottom: 1em;\r\n}\r\n@media screen and (min-width: 1201px) {\r\n.nvnoa69f397ef240b8 {\r\ndisplay: block;\r\n}\r\n}\r\n@media screen and (min-width: 993px) and (max-width: 1200px) {\r\n.nvnoa69f397ef240b8 {\r\ndisplay: block;\r\n}\r\n}\r\n@media screen and (min-width: 769px) and (max-width: 992px) {\r\n.nvnoa69f397ef240b8 {\r\ndisplay: block;\r\n}\r\n}\r\n@media screen and (min-width: 768px) and (max-width: 768px) {\r\n.nvnoa69f397ef240b8 {\r\ndisplay: none;\r\n}\r\n}\r\n@media screen and (max-width: 767px) {\r\n.nvnoa69f397ef240b8 {\r\ndisplay: none;\r\n}\r\n}\r\n<\/style>\r\n\n\n\n\n<p>Dentre os debatedores especialistas, desembarcam em Natal para abrilhantar o evento o professor Lu\u00eds Eduardo Schoueri, titular de Direito Tribut\u00e1rio da USP, que traz a palestra &#8220;Reforma Tribut\u00e1ria&#8221;; Fernando Zilveti, Professor Livre-Docente da USP e da FGV-SP, \u00e9 outro dos grande destaques e explanar\u00e1 o assunto &#8220;Tributa\u00e7\u00e3o, Mercado e Concorr\u00eancia&#8221;; Pedro Schoueri, Doutor pela Universidade de Viena tamb\u00e9m participa do evento com a palestra &#8220;International Tax Competition, BEPS, OCDE e Problemas Atuais.<\/p>\n\n\n\n<p>A lista de especialistas na programa\u00e7\u00e3o n\u00e3o para por a\u00ed, e conta ainda com algumas pratas da casa. Os pesquisadores e mestrandos da UFRN, professores Jair Albuquerque, \u00cannio Marques, Gen\u00e1rio Torres e Giulliana Niedererauer participam do evento, onde debater\u00e3o sobre os assuntos abordados com os palestrantes.<br><\/p>\n","protected":false},"excerpt":{"rendered":"<p>Palestrantes consagrados chegam a Natal para debater com pesquisadores locais, em um semin\u00e1rio gratuito organizado pelo Departamento de Direito P\u00fablico da UFRN<\/p>\n<p><a class=\"more-link\" href=\"https:\/\/justicapotiguar.com.br\/index.php\/2019\/10\/18\/especialistas-debatem-reforma-fiscal-e-tributacao-em-evento-na-ufrn\/\">Mais&#8230;<\/a><\/p>\n","protected":false},"author":5,"featured_media":3142,"comment_status":"open","ping_status":"open","sticky":false,"template":"","format":"standard","meta":[],"categories":[3],"tags":[],"_links":{"self":[{"href":"https:\/\/justicapotiguar.com.br\/index.php\/wp-json\/wp\/v2\/posts\/3211"}],"collection":[{"href":"https:\/\/justicapotiguar.com.br\/index.php\/wp-json\/wp\/v2\/posts"}],"about":[{"href":"https:\/\/justicapotiguar.com.br\/index.php\/wp-json\/wp\/v2\/types\/post"}],"author":[{"embeddable":true,"href":"https:\/\/justicapotiguar.com.br\/index.php\/wp-json\/wp\/v2\/users\/5"}],"replies":[{"embeddable":true,"href":"https:\/\/justicapotiguar.com.br\/index.php\/wp-json\/wp\/v2\/comments?post=3211"}],"version-history":[{"count":1,"href":"https:\/\/justicapotiguar.com.br\/index.php\/wp-json\/wp\/v2\/posts\/3211\/revisions"}],"predecessor-version":[{"id":3212,"href":"https:\/\/justicapotiguar.com.br\/index.php\/wp-json\/wp\/v2\/posts\/3211\/revisions\/3212"}],"wp:featuredmedia":[{"embeddable":true,"href":"https:\/\/justicapotiguar.com.br\/index.php\/wp-json\/wp\/v2\/media\/3142"}],"wp:attachment":[{"href":"https:\/\/justicapotiguar.com.br\/index.php\/wp-json\/wp\/v2\/media?parent=3211"}],"wp:term":[{"taxonomy":"category","embeddable":true,"href":"https:\/\/justicapotiguar.com.br\/index.php\/wp-json\/wp\/v2\/categories?post=3211"},{"taxonomy":"post_tag","embeddable":true,"href":"https:\/\/justicapotiguar.com.br\/index.php\/wp-json\/wp\/v2\/tags?post=3211"}],"curies":[{"name":"wp","href":"https:\/\/api.w.org\/{rel}","templated":true}]}}